{"id":427458,"date":"2025-09-30T01:42:11","date_gmt":"2025-09-30T01:42:11","guid":{"rendered":"https:\/\/www.europesays.com\/fr\/427458\/"},"modified":"2025-09-30T01:42:11","modified_gmt":"2025-09-30T01:42:11","slug":"kimhekim-electrise-la-fashion-week-de-paris-en-2025","status":"publish","type":"post","link":"https:\/\/www.europesays.com\/fr\/427458\/","title":{"rendered":"KIMH\u0112KIM \u00e9lectrise la Fashion Week de Paris en 2025"},"content":{"rendered":"<p><strong>Notre investigation r\u00e9v\u00e8le<\/strong> que la maison KIMH\u0112KIM, fond\u00e9e en 2016 par Kiminte Kimhekim, a captiv\u00e9 la Paris Fashion Week avec deux collections in\u00e9dites en septembre 2025. Alliant h\u00e9ritage cor\u00e9en royal et modernit\u00e9 couture, ces pr\u00e9sentations ont retenu l\u2019attention des critiques et investisseurs internationaux. Derri\u00e8re la po\u00e9sie visuelle, se cache une strat\u00e9gie pr\u00e9cise pour imposer la marque dans le cercle restreint du luxe parisien.<\/p>\n<p>Deux collections, deux visions singuli\u00e8res<\/p>\n<p>La collection <strong>Printemps\/\u00c9t\u00e9 2025<\/strong>, d\u00e9voil\u00e9e le 28 septembre \u00e0 Paris, rendait hommage aux r\u00eaveurs. Les silhouettes minimalistes se paraient de d\u00e9tails comme les pochoirs roses, les inscriptions manuscrites et des r\u00e9f\u00e9rences artistiques \u00e0 Andy Warhol et Marilyn Monroe. Un dialogue entre art et couture s\u2019est impos\u00e9 sur le podium, affirmant la puissance narrative de la marque.<\/p>\n<p>Dans un registre compl\u00e9mentaire, la collection <strong>Automne\/Hiver 2025<\/strong> revisitait l\u2019art du tailoring cor\u00e9en. Les coupes structur\u00e9es se combinaient \u00e0 des jeux de transparence, sublim\u00e9es par des boutons perle asym\u00e9triques au rendu sculptural. Ce contraste entre rigueur et fluidit\u00e9 a imm\u00e9diatement \u00e9t\u00e9 identifi\u00e9 par les critiques comme un nouveau jalon cr\u00e9atif.<\/p>\n<p>H\u00e9ritage cor\u00e9en et innovation parisienne<\/p>\n<p>Kiminte Kimhekim s\u2019inspire de sa formation fran\u00e7aise et de son apprentissage aupr\u00e8s de sa grand-m\u00e8re couturi\u00e8re pour donner vie \u00e0 une esth\u00e9tique unique. Chaque v\u00eatement propose une fusion entre <strong>tradition<\/strong> et avant-garde, o\u00f9 l\u2019artisanat cor\u00e9en dialogue avec l\u2019esprit contemporain des ateliers parisiens. Le r\u00e9sultat : des pi\u00e8ces qui s\u00e9duisent \u00e0 la fois par leur technicit\u00e9 et leur po\u00e9sie.<\/p>\n<p>Lors de notre visite, nous avons constat\u00e9 le soin extr\u00eame port\u00e9 aux finitions et aux choix de mati\u00e8res. Oreillers et couvertures deviennent ainsi des vestes ou robes, transfigur\u00e9s par un regard couture. Cet ancrage dans le tangible et le quotidien, r\u00e9interpr\u00e9t\u00e9 par le luxe, conf\u00e8re \u00e0 la marque une signature imm\u00e9diatement reconnaissable.<\/p>\n<p>L\u2019artisanat mis en lumi\u00e8re<\/p>\n<p>Ce double d\u00e9fil\u00e9 confirme la volont\u00e9 de Kimhekim d\u2019inscrire sa maison dans le paysage parisien du luxe artisanal. L\u2019obsession du d\u00e9tail, des coutures parfaites jusqu\u2019aux transparences subtiles, d\u00e9montre l\u2019exigence d\u2019un cr\u00e9ateur qui pr\u00f4ne la pr\u00e9cision comme moteur d\u2019\u00e9motion. La mode devient alors un outil narratif, incarnant la m\u00e9moire et le r\u00eave.<\/p>\n<p>Les mannequins \u00e9voluaient dans une atmosph\u00e8re \u00e9pur\u00e9e, mettant en valeur la structure architecturale des v\u00eatements. Cette sc\u00e9nographie volontairement minimaliste permettait au public de se concentrer sur la relation entre forme et substance. Une approche qui consolide l\u2019identit\u00e9 de la maison et la positionne face aux <a href=\"https:\/\/www.parisselectbook.com\/category\/news-du-luxe\/\" rel=\"nofollow noopener\" target=\"_blank\">grands acteurs du luxe<\/a>.<\/p>\n<p>L\u2019approche de KIMH\u0112KIM va plus loin qu\u2019un simple dialogue esth\u00e9tique : il s\u2019agit d\u2019une r\u00e9invention continue du rapport entre le v\u00eatement et son porteur. Le cr\u00e9ateur semble porter une fascination pour les objets du quotidien, qu\u2019il sublime avec \u00e9l\u00e9gance. Cette dichotomie interpelle autant les critiques que les acheteurs professionnels.<\/p>\n<blockquote>\n<p>\u00ab KIMH\u0112KIM r\u00e9invente les contours de la mode moderne en m\u00ealant profondeur historique et esprit avant-gardiste \u00bb, affirme Kiminte Kimhekim, cr\u00e9ateur.<\/p>\n<\/blockquote>\n<p>Un positionnement strat\u00e9gique \u00e0 Paris<\/p>\n<p>En moins d\u2019une d\u00e9cennie, la maison KIMH\u0112KIM a su b\u00e2tir une r\u00e9putation internationale. Sa pr\u00e9sence r\u00e9guli\u00e8re lors de la <a href=\"https:\/\/www.parisselectbook.com\/category\/que-faire-a-paris\/\" rel=\"nofollow noopener\" target=\"_blank\">Paris Fashion Week<\/a> en a fait l\u2019une des r\u00e9v\u00e9lations \u00e0 suivre. Les professionnels saluent l\u2019\u00e9l\u00e9gance de ses propositions et l\u2019unicit\u00e9 de son h\u00e9ritage cor\u00e9en r\u00e9interpr\u00e9t\u00e9 dans un langage universel du luxe.<\/p>\n<p>Le cr\u00e9ateur s\u2019appuie \u00e9galement sur des collaborations artistiques, \u00e0 l\u2019image du travail avec BlackWing. Cette ouverture vers d\u2019autres disciplines consolide un pont entre la mode et l\u2019art contemporain, renfor\u00e7ant sa singularit\u00e9 dans un march\u00e9 comp\u00e9titif. Les critiques confirment que son approche place la maison parmi les nouvelles r\u00e9f\u00e9rences culturelles parisiennes.<\/p>\n<blockquote>\n<p>\u00ab Notre collection FW25 est un dialogue entre pr\u00e9cision et fluidit\u00e9, tradition cor\u00e9enne et esth\u00e9tique contemporaine \u00bb, soutient Kiminte Kimhekim.<\/p>\n<\/blockquote>\n<p>Perspectives et impact futur<\/p>\n<p>Avec une strat\u00e9gie orient\u00e9e sur la double pr\u00e9sentation de collections lors de la Fashion Week, KIMH\u0112KIM capitalise sur la visibilit\u00e9 internationale. Le rythme adopt\u00e9 rappelle celui des grandes maisons \u00e9tablies, alignant cr\u00e9ativit\u00e9 et reconnaissance. Tout laisse \u00e0 penser que sa notori\u00e9t\u00e9 continuera de cro\u00eetre en 2026, notamment lors des prochaines semaines parisiennes.<\/p>\n<p>La maison repose sur un \u00e9quilibre fragile mais puissant : associer l\u2019h\u00e9ritage royal cor\u00e9en et une vision contemporaine raffin\u00e9e. Cette hybridation s\u00e9duit non seulement \u00e0 Paris mais aussi aupr\u00e8s des acheteurs internationaux friands d\u2019histoires culturelles fortes. Les chiffres officiels confirment l\u2019augmentation du nombre de publications et images d\u00e9di\u00e9es \u00e0 ses d\u00e9fil\u00e9s.<\/p>\n<p>Contrairement \u00e0 d\u2019autres labels \u00e9mergents, aucune <strong>controverse<\/strong> n\u2019a terni l\u2019image de KIMH\u0112KIM ces trente derniers jours. Cette stabilit\u00e9 m\u00e9diatique contribue \u00e0 renforcer une image de fiabilit\u00e9, essentielle dans l\u2019univers du luxe. La marque consolide ainsi son statut de cr\u00e9ateur incontournable et en pleine expansion.<\/p>\n<p>Alors que la mode cor\u00e9enne rayonne au niveau mondial, Kimhekim confirme par ses cr\u00e9ations que Paris reste la capitale indiscutable de l\u2019innovation couture. Ses collections, compar\u00e9es \u00e0 celles des grands noms, t\u00e9moignent d\u2019une maturit\u00e9 artistique et d\u2019une ambition de long terme. D\u2019initi\u00e9s \u00e0 passionn\u00e9s, tous les observateurs s\u2019accordent : KIMH\u0112KIM fait d\u00e9sormais partie des maisons qui comptent.<\/p>\n","protected":false},"excerpt":{"rendered":"Notre investigation r\u00e9v\u00e8le que la maison KIMH\u0112KIM, fond\u00e9e en 2016 par Kiminte Kimhekim, a captiv\u00e9 la Paris Fashion&hellip;\n","protected":false},"author":2,"featured_media":427459,"comment_status":"","ping_status":"","sticky":false,"template":"","format":"standard","meta":{"footnotes":""},"categories":[1888],"tags":[1111,1928,11,1927,1777,674,1011,27,12,1926,626,1925,25],"class_list":{"0":"post-427458","1":"post","2":"type-post","3":"status-publish","4":"format-standard","5":"has-post-thumbnail","7":"category-paris","8":"tag-actu","9":"tag-actu-paris","10":"tag-actualites","11":"tag-actualites-paris","12":"tag-eu","13":"tag-europe","14":"tag-fr","15":"tag-france","16":"tag-news","17":"tag-news-paris","18":"tag-paris","19":"tag-paris-news","20":"tag-republique-francaise"},"share_on_mastodon":{"url":"https:\/\/pubeurope.com\/@fr\/115290711269813354","error":""},"_links":{"self":[{"href":"https:\/\/www.europesays.com\/fr\/wp-json\/wp\/v2\/posts\/427458","targetHints":{"allow":["GET"]}}],"collection":[{"href":"https:\/\/www.europesays.com\/fr\/wp-json\/wp\/v2\/posts"}],"about":[{"href":"https:\/\/www.europesays.com\/fr\/wp-json\/wp\/v2\/types\/post"}],"author":[{"embeddable":true,"href":"https:\/\/www.europesays.com\/fr\/wp-json\/wp\/v2\/users\/2"}],"replies":[{"embeddable":true,"href":"https:\/\/www.europesays.com\/fr\/wp-json\/wp\/v2\/comments?post=427458"}],"version-history":[{"count":0,"href":"https:\/\/www.europesays.com\/fr\/wp-json\/wp\/v2\/posts\/427458\/revisions"}],"wp:featuredmedia":[{"embeddable":true,"href":"https:\/\/www.europesays.com\/fr\/wp-json\/wp\/v2\/media\/427459"}],"wp:attachment":[{"href":"https:\/\/www.europesays.com\/fr\/wp-json\/wp\/v2\/media?parent=427458"}],"wp:term":[{"taxonomy":"category","embeddable":true,"href":"https:\/\/www.europesays.com\/fr\/wp-json\/wp\/v2\/categories?post=427458"},{"taxonomy":"post_tag","embeddable":true,"href":"https:\/\/www.europesays.com\/fr\/wp-json\/wp\/v2\/tags?post=427458"}],"curies":[{"name":"wp","href":"https:\/\/api.w.org\/{rel}","templated":true}]}}