{"id":427460,"date":"2025-09-30T01:43:22","date_gmt":"2025-09-30T01:43:22","guid":{"rendered":"https:\/\/www.europesays.com\/fr\/427460\/"},"modified":"2025-09-30T01:43:22","modified_gmt":"2025-09-30T01:43:22","slug":"meudon-un-couple-doctogenaires-reveilles-par-des-braqueurs-en-pleine-nuit","status":"publish","type":"post","link":"https:\/\/www.europesays.com\/fr\/427460\/","title":{"rendered":"Meudon\u00a0: un couple d\u2019octog\u00e9naires r\u00e9veill\u00e9s par des braqueurs en pleine nuit"},"content":{"rendered":"<p class=\"paragraph text_align_left lp-f-body-02\">Encore un home jacking dans les Hauts-de-Seine. Dans la nuit de dimanche \u00e0 lundi, c\u2019est un couple de personnes \u00e2g\u00e9es qui a \u00e9t\u00e9 pris pour cible par une \u00e9quipe de malfaiteurs encagoul\u00e9s, \u00e0 Meudon. Quatre hommes ont surgi chez ces victimes \u00e2g\u00e9es de 86 et 88 ans, demeurant dans un cossu pavillon de l\u2019avenue Jacqueminot.<\/p>\n<p class=\"paragraph text_align_left lp-f-body-02\">Vers 2 heures du matin, le couple est r\u00e9veill\u00e9 en sursaut par le bruit d\u2019une vitre bris\u00e9e. Leurs agresseurs viennent d\u2019entrer dans leur maison. Ils sont donc quatre, v\u00eatus de noir et le visage cach\u00e9. Effray\u00e9e, la vieille dame hurle et aussit\u00f4t, l\u2019un des malfrats lui plaque du scotch sur la bouche pour la faire taire.<\/p>\n<p class=\"paragraph text_align_left lp-f-body-02\">Mais voil\u00e0 qu\u2019une voix r\u00e9sonne dans la maison. C\u2019est celle du fils des victimes, que la soci\u00e9t\u00e9 de vid\u00e9osurveillance a appel\u00e9 apr\u00e8s le d\u00e9clenchement de l\u2019alarme install\u00e9e \u00e0 l\u2019int\u00e9rieur. Comprenant qu\u2019ils sont film\u00e9s et que la police risque d\u2019arriver bien vite, les braqueurs d\u00e9campent. Non sans avoir rafl\u00e9 ce qu\u2019ils pouvaient : quelque 800 euros, un iPad et des t\u00e9l\u00e9phones.<\/p>\n<p>Les images des cam\u00e9ras seront pass\u00e9es \u00e0 la loupe<\/p>\n<p class=\"paragraph text_align_left lp-f-body-02\">Le parquet de Nanterre a saisi le Service d\u00e9partemental de police judiciaire de l\u2019enqu\u00eate. Il s\u2019agit maintenant d\u2019identifier les hommes en noir pour les localiser et les arr\u00eater.<\/p>\n<p class=\"paragraph text_align_left lp-f-body-02\">Les victimes auraient assur\u00e9 que leurs agresseurs sont pass\u00e9s \u00e0 l\u2019acte avec une arme de poing. Ce qui n\u2019a pas encore pu \u00eatre v\u00e9rifi\u00e9. Mais les images des cam\u00e9ras de la maison seront immanquablement pass\u00e9es \u00e0 la loupe.<\/p>\n<p class=\"paragraph text_align_left lp-f-body-02\">Ces derniers mois, home jacking et cambriolages s\u2019encha\u00eenent dans le d\u00e9partement. Avant le vol avec effraction dans l\u2019appartement d\u2019<a href=\"https:\/\/www.leparisien.fr\/hauts-de-seine-92\/rueil-malmaison-les-cambrioleurs-dune-influenceuse-reperes-en-pleine-action-par-la-videosurveillance-19-08-2025-IUUQOC7BBRGGJN6QCJYM75P334.php\" target=\"_blank\" rel=\"noreferrer noopener\">une influenceuse \u00e0 Rueil-Malmaison<\/a>, en ao\u00fbt dernier, celui dont une jeune femme a \u00e9t\u00e9 la cible \u00e0 Courbevoie, il y en a eu <a href=\"https:\/\/www.leparisien.fr\/hauts-de-seine-92\/hauts-de-seine-encore-deux-victimes-de-cambriolages-en-pleine-nuit-13-05-2025-VNEC3VE6YRAZZAY6V3JOOXWSRE.php\" target=\"_blank\" rel=\"noreferrer noopener\">deux coup sur coup \u00e0 Neuilly<\/a> et Puteaux. Au printemps, \u00e0 Rueil encore, <a href=\"https:\/\/www.leparisien.fr\/hauts-de-seine-92\/rueil-malmaison-92500\/rueil-malmaison-un-jeune-influenceur-victime-de-home-jacking-a-son-domicile-05-04-2025-RT7VW3WJQJD6ZNSX2T62OHQXWQ.php\" target=\"_blank\" rel=\"noreferrer noopener\">un jeune influenceur<\/a> a \u00e9t\u00e9 s\u00e9questr\u00e9 chez lui. De m\u00eame que toute une famille \u00e0 S\u00e8vres.<\/p>\n","protected":false},"excerpt":{"rendered":"Encore un home jacking dans les Hauts-de-Seine. Dans la nuit de dimanche \u00e0 lundi, c\u2019est un couple de&hellip;\n","protected":false},"author":2,"featured_media":427461,"comment_status":"","ping_status":"","sticky":false,"template":"","format":"standard","meta":{"footnotes":""},"categories":[1888],"tags":[11,1777,674,118,1011,27,3314,1944,12,626,25],"class_list":{"0":"post-427460","1":"post","2":"type-post","3":"status-publish","4":"format-standard","5":"has-post-thumbnail","7":"category-paris","8":"tag-actualites","9":"tag-eu","10":"tag-europe","11":"tag-faits-divers","12":"tag-fr","13":"tag-france","14":"tag-hauts-de-seine","15":"tag-ma-ville","16":"tag-news","17":"tag-paris","18":"tag-republique-francaise"},"share_on_mastodon":{"url":"https:\/\/pubeurope.com\/@fr\/115290715154145626","error":""},"_links":{"self":[{"href":"https:\/\/www.europesays.com\/fr\/wp-json\/wp\/v2\/posts\/427460","targetHints":{"allow":["GET"]}}],"collection":[{"href":"https:\/\/www.europesays.com\/fr\/wp-json\/wp\/v2\/posts"}],"about":[{"href":"https:\/\/www.europesays.com\/fr\/wp-json\/wp\/v2\/types\/post"}],"author":[{"embeddable":true,"href":"https:\/\/www.europesays.com\/fr\/wp-json\/wp\/v2\/users\/2"}],"replies":[{"embeddable":true,"href":"https:\/\/www.europesays.com\/fr\/wp-json\/wp\/v2\/comments?post=427460"}],"version-history":[{"count":0,"href":"https:\/\/www.europesays.com\/fr\/wp-json\/wp\/v2\/posts\/427460\/revisions"}],"wp:featuredmedia":[{"embeddable":true,"href":"https:\/\/www.europesays.com\/fr\/wp-json\/wp\/v2\/media\/427461"}],"wp:attachment":[{"href":"https:\/\/www.europesays.com\/fr\/wp-json\/wp\/v2\/media?parent=427460"}],"wp:term":[{"taxonomy":"category","embeddable":true,"href":"https:\/\/www.europesays.com\/fr\/wp-json\/wp\/v2\/categories?post=427460"},{"taxonomy":"post_tag","embeddable":true,"href":"https:\/\/www.europesays.com\/fr\/wp-json\/wp\/v2\/tags?post=427460"}],"curies":[{"name":"wp","href":"https:\/\/api.w.org\/{rel}","templated":true}]}}