{"id":427466,"date":"2025-09-30T01:46:14","date_gmt":"2025-09-30T01:46:14","guid":{"rendered":"https:\/\/www.europesays.com\/fr\/427466\/"},"modified":"2025-09-30T01:46:14","modified_gmt":"2025-09-30T01:46:14","slug":"le-conseil-de-leurope-pret-a-creer-le-tribunal-pour-lukraine-a-fait-savoir-son-secretaire-general","status":"publish","type":"post","link":"https:\/\/www.europesays.com\/fr\/427466\/","title":{"rendered":"Le Conseil de l&rsquo;Europe \u00ab\u00a0pr\u00eat\u00a0\u00bb \u00e0 cr\u00e9er le tribunal pour l&rsquo;Ukraine, a fait savoir son secr\u00e9taire g\u00e9n\u00e9ral"},"content":{"rendered":"<p class=\"mb-4 text-lg md:leading-8 break-words\">Le Conseil de l&rsquo;Europe est \u00ab\u00a0pr\u00eat \u00e0 cr\u00e9er le tribunal pour l&rsquo;Ukraine\u00a0\u00bb, mais les \u00c9tats membres doivent maintenant faire en sorte qu&rsquo;il devienne une r\u00e9alit\u00e9, a d\u00e9clar\u00e9 le secr\u00e9taire g\u00e9n\u00e9ral de l&rsquo;institution, Alain Berset, dans une interview accord\u00e9e \u00e0 Euronews.<\/p>\n<p class=\"mb-4 text-lg md:leading-8 break-words\">Le Tribunal sp\u00e9cial pour l&rsquo;Ukraine serait ainsi un nouvel organe judiciaire international \u00e9tabli par un trait\u00e9 entre l&rsquo;Ukraine et le Conseil de l&rsquo;Europe qui serait destin\u00e9 \u00e0 poursuivre le crime d&rsquo;agression commis par Moscou. Des faits pour lesquels la Cour p\u00e9nale internationale (CPI) n&rsquo;est pas comp\u00e9tente, cette derni\u00e8re ne pouvant juger que les crimes de guerre, les crimes contre l&rsquo;humanit\u00e9 et les g\u00e9nocides.<\/p>\n<p class=\"mb-4 text-lg md:leading-8 break-words\">\u00ab\u00a0Nous avons eu un engagement fort sur la n\u00e9cessit\u00e9 de cr\u00e9er ce tribunal. Nous sommes pr\u00eats \u00e0 mettre en place une \u00e9quipe avanc\u00e9e pour le concr\u00e9tiser. Ce dont nous avons besoin maintenant, c&rsquo;est d&rsquo;un soutien et d&rsquo;un engagement clairs de la part des \u00c9tats\u00a0\u00bb, a-t-il assur\u00e9 en marge de l&rsquo;Assembl\u00e9e g\u00e9n\u00e9rale des Nations unies, qui s&rsquo;est tenue \u00e0 New York. \u00ab\u00a0Certains pays doivent prendre une d\u00e9cision de leur c\u00f4t\u00e9, comme la ratifier dans les parlements nationaux, ce qui pourrait prendre du temps.\u00a0\u00bb<\/p>\n<p>La contestation des tribunaux<\/p>\n<p class=\"mb-4 text-lg md:leading-8 break-words\">Ces derniers mois, le Premier ministre hongrois Viktor Orb\u00e1n et le pr\u00e9sident am\u00e9ricain Donald Trump ont publiquement contest\u00e9 l&rsquo;autorit\u00e9 de la Cour p\u00e9nale internationale (CPI) concernant <a href=\"https:\/\/fr.news.yahoo.com\/mandats-darr%C3%AAt-cpi-contre-netanyahu-125617436.html\" data-ylk=\"slk:le mandat d&#039;arr\u00eat \u00e9mis \u00e0 l&#039;encontre du Premier ministre isra\u00e9lien Benjamin Netanyahu;elm:context_link;itc:0;sec:content-canvas;outcm:mb_qualified_link;_E:mb_qualified_link;ct:story;\" class=\"link  yahoo-link\" target=\"_blank\" rel=\"noopener\"><strong>le mandat d&rsquo;arr\u00eat \u00e9mis \u00e0 l&rsquo;encontre du Premier ministre isra\u00e9lien Benjamin Netanyahu<\/strong><\/a>.<\/p>\n<p class=\"mb-4 text-lg md:leading-8 break-words\">Alain Berset regrette que \u00ab\u00a0les tribunaux soient contest\u00e9s, car nous avons besoin d&rsquo;ordre. Ce qui signifie respecter ce que font les tribunaux et respecter l&rsquo;ind\u00e9pendance du pouvoir judiciaire. Il est tr\u00e8s important de ne pas d\u00e9stabiliser le syst\u00e8me\u00a0\u00bb, a-t-il assur\u00e9.<\/p>\n<p class=\"mb-4 text-lg md:leading-8 break-words\">Dans ce contexte, le secr\u00e9taire g\u00e9n\u00e9ral de l&rsquo;institution a d\u00e9clar\u00e9 que le Conseil de l&rsquo;Europe essayait d&rsquo;\u00e9tendre son r\u00f4le au sein de l&rsquo;institution qui soutient le syst\u00e8me multilat\u00e9ral : les Nations unies. \u00ab\u00a0Nous voulons agir dans le contexte des Nations Unies pour agir l\u00e0 o\u00f9 d&rsquo;autres \u00e9chouent\u00a0\u00bb, a-t-il assur\u00e9.<\/p>\n<p class=\"mb-4 text-lg md:leading-8 break-words\"><b class=\"c-widget-related__title__text\">Related<\/b><\/p>\n<p class=\"mb-4 text-lg md:leading-8 break-words\">La Cour du Conseil de l&rsquo;Europe a \u00e9galement \u00e9t\u00e9 r\u00e9cemment remise en question par certains \u00c9tats membres. En mai, neuf \u00c9tats membres du Conseil de l&rsquo;Europe ont envoy\u00e9 une lettre ouverte \u00e0 la Cour europ\u00e9enne des droits de l&rsquo;homme, critiquant ses arr\u00eats en mati\u00e8re de migration.<\/p>\n<p class=\"mb-4 text-lg md:leading-8 break-words\">Ils ont fait valoir que l&rsquo;interpr\u00e9tation du droit des droits de l&rsquo;homme par la Cour limite la capacit\u00e9 des gouvernements nationaux \u00e0 expulser les ressortissants \u00e9trangers reconnus coupables de crimes graves et \u00e0 g\u00e9rer efficacement les migrations. \u00ab\u00a0La migration en Europe est un sujet de discussion tr\u00e8s important. Et cela ne pose aucun probl\u00e8me. Mais la discussion ne devrait pas se faire sur la base de la jurisprudence de la Cour. Elle devrait avoir lieu au niveau politique\u00a0\u00bb, a conclu Alain Berset.<\/p>\n<p class=\"mb-4 text-lg md:leading-8 break-words\">Le Conseil de l&rsquo;Europe est une organisation internationale bas\u00e9e \u00e0 Strasbourg, cr\u00e9\u00e9e apr\u00e8s la Seconde Guerre mondiale pour promouvoir la d\u00e9mocratie, les droits de l&rsquo;homme et l&rsquo;\u00c9tat de droit en Europe.<\/p>\n","protected":false},"excerpt":{"rendered":"Le Conseil de l&rsquo;Europe est \u00ab\u00a0pr\u00eat \u00e0 cr\u00e9er le tribunal pour l&rsquo;Ukraine\u00a0\u00bb, mais les \u00c9tats membres doivent maintenant&hellip;\n","protected":false},"author":2,"featured_media":427467,"comment_status":"","ping_status":"","sticky":false,"template":"","format":"standard","meta":{"footnotes":""},"categories":[1590],"tags":[11,11216,55640,26146,5999,1777,674,8935,12,220],"class_list":{"0":"post-427466","1":"post","2":"type-post","3":"status-publish","4":"format-standard","5":"has-post-thumbnail","7":"category-ukraine","8":"tag-actualites","9":"tag-alain-berset","10":"tag-conseil-de-leurope-2","11":"tag-crimes-contre-lhumanite","12":"tag-etats-membres","13":"tag-eu","14":"tag-europe","15":"tag-la-cour","16":"tag-news","17":"tag-ukraine"},"share_on_mastodon":{"url":"https:\/\/pubeurope.com\/@fr\/115290726937083310","error":""},"_links":{"self":[{"href":"https:\/\/www.europesays.com\/fr\/wp-json\/wp\/v2\/posts\/427466","targetHints":{"allow":["GET"]}}],"collection":[{"href":"https:\/\/www.europesays.com\/fr\/wp-json\/wp\/v2\/posts"}],"about":[{"href":"https:\/\/www.europesays.com\/fr\/wp-json\/wp\/v2\/types\/post"}],"author":[{"embeddable":true,"href":"https:\/\/www.europesays.com\/fr\/wp-json\/wp\/v2\/users\/2"}],"replies":[{"embeddable":true,"href":"https:\/\/www.europesays.com\/fr\/wp-json\/wp\/v2\/comments?post=427466"}],"version-history":[{"count":0,"href":"https:\/\/www.europesays.com\/fr\/wp-json\/wp\/v2\/posts\/427466\/revisions"}],"wp:featuredmedia":[{"embeddable":true,"href":"https:\/\/www.europesays.com\/fr\/wp-json\/wp\/v2\/media\/427467"}],"wp:attachment":[{"href":"https:\/\/www.europesays.com\/fr\/wp-json\/wp\/v2\/media?parent=427466"}],"wp:term":[{"taxonomy":"category","embeddable":true,"href":"https:\/\/www.europesays.com\/fr\/wp-json\/wp\/v2\/categories?post=427466"},{"taxonomy":"post_tag","embeddable":true,"href":"https:\/\/www.europesays.com\/fr\/wp-json\/wp\/v2\/tags?post=427466"}],"curies":[{"name":"wp","href":"https:\/\/api.w.org\/{rel}","templated":true}]}}