{"id":427478,"date":"2025-09-30T01:52:12","date_gmt":"2025-09-30T01:52:12","guid":{"rendered":"https:\/\/www.europesays.com\/fr\/427478\/"},"modified":"2025-09-30T01:52:12","modified_gmt":"2025-09-30T01:52:12","slug":"le-gouvernement-renonce-a-une-enieme-promesse-ecologique-et-oublie-jean-castex-sur-le-quai-liberation","status":"publish","type":"post","link":"https:\/\/www.europesays.com\/fr\/427478\/","title":{"rendered":"le gouvernement renonce \u00e0 une \u00e9ni\u00e8me promesse \u00e9cologique et oublie Jean Castex sur le quai \u2013 Lib\u00e9ration"},"content":{"rendered":"<p class=\"sc-cPiKLX AiZTS text-element\">Le 14 juillet 2020, Emmanuel Macron promettait : \u00abOn va red\u00e9velopper les trains de nuit.\u00bb A chacune des \u2013 rares \u2013 inaugurations de lignes nocturnes, les Premiers ministres et membres du gouvernement se gargarisaient de ces avanc\u00e9es, timides, mais r\u00e9elles. Jean Castex, alors \u00e0 Matignon, s\u2019\u00e9tait m\u00eame <a href=\"https:\/\/www.liberation.fr\/economie\/transports\/apres-plus-de-trois-ans-darret-le-train-de-nuit-paris-nice-repart-20210520_VOSNLJVGONBALGH24SSFVYUPQI\/\" target=\"_blank\" rel=\"noreferrer noopener\" title=\"https:\/\/www.liberation.fr\/economie\/transports\/apres-plus-de-trois-ans-darret-le-train-de-nuit-paris-nice-repart-20210520_VOSNLJVGONBALGH24SSFVYUPQI\/\">mu\u00e9 en chef de bord lors de la relance du Paris-Nice<\/a>, <a href=\"https:\/\/www.liberation.fr\/environnement\/climat\/sur-le-train-de-nuit-paris-nice-la-com-de-castex-deraille-20210521_JORW3RGWLZCIBJAWWQV5PD3SWU\/\" target=\"_blank\" rel=\"noreferrer noopener\" title=\"https:\/\/www.liberation.fr\/environnement\/climat\/sur-le-train-de-nuit-paris-nice-la-com-de-castex-deraille-20210521_JORW3RGWLZCIBJAWWQV5PD3SWU\/\">avant de rentrer en avion<\/a>. \u00abMon ambition, c\u2019est une dizaine de trains de nuit en 2030\u00bb, r\u00e9sumait en d\u00e9cembre 2021 le ministre des Transports Jean-Baptiste Djebbari. Ce lundi, c\u2019est pourtant le gouvernement \u2013 d\u00e9missionnaire \u2013 du \u00absocle commun\u00bb qui d\u00e9cide d\u2019<a href=\"https:\/\/www.liberation.fr\/economie\/transports\/trains-de-nuit-les-liaisons-paris-berlin-et-paris-vienne-arretees-a-partir-du-14-decembre-20250929_RMIXD3P62VD2ZGUBKMPX6GAE3A\/\" style=\"clear: both\" target=\"_blank\" rel=\"noopener\"><\/p>\n","protected":false},"excerpt":{"rendered":"Le 14 juillet 2020, Emmanuel Macron promettait : \u00abOn va red\u00e9velopper les trains de nuit.\u00bb A chacune des&hellip;\n","protected":false},"author":2,"featured_media":427479,"comment_status":"","ping_status":"","sticky":false,"template":"","format":"standard","meta":{"footnotes":""},"categories":[2],"tags":[11,1011,27,12,25,2215,16155],"class_list":{"0":"post-427478","1":"post","2":"type-post","3":"status-publish","4":"format-standard","5":"has-post-thumbnail","7":"category-actualites","8":"tag-actualites","9":"tag-fr","10":"tag-france","11":"tag-news","12":"tag-republique-francaise","13":"tag-sncf","14":"tag-transition-ecologique"},"share_on_mastodon":{"url":"https:\/\/pubeurope.com\/@fr\/115290750790475652","error":""},"_links":{"self":[{"href":"https:\/\/www.europesays.com\/fr\/wp-json\/wp\/v2\/posts\/427478","targetHints":{"allow":["GET"]}}],"collection":[{"href":"https:\/\/www.europesays.com\/fr\/wp-json\/wp\/v2\/posts"}],"about":[{"href":"https:\/\/www.europesays.com\/fr\/wp-json\/wp\/v2\/types\/post"}],"author":[{"embeddable":true,"href":"https:\/\/www.europesays.com\/fr\/wp-json\/wp\/v2\/users\/2"}],"replies":[{"embeddable":true,"href":"https:\/\/www.europesays.com\/fr\/wp-json\/wp\/v2\/comments?post=427478"}],"version-history":[{"count":0,"href":"https:\/\/www.europesays.com\/fr\/wp-json\/wp\/v2\/posts\/427478\/revisions"}],"wp:featuredmedia":[{"embeddable":true,"href":"https:\/\/www.europesays.com\/fr\/wp-json\/wp\/v2\/media\/427479"}],"wp:attachment":[{"href":"https:\/\/www.europesays.com\/fr\/wp-json\/wp\/v2\/media?parent=427478"}],"wp:term":[{"taxonomy":"category","embeddable":true,"href":"https:\/\/www.europesays.com\/fr\/wp-json\/wp\/v2\/categories?post=427478"},{"taxonomy":"post_tag","embeddable":true,"href":"https:\/\/www.europesays.com\/fr\/wp-json\/wp\/v2\/tags?post=427478"}],"curies":[{"name":"wp","href":"https:\/\/api.w.org\/{rel}","templated":true}]}}