{"id":427486,"date":"2025-09-30T01:58:13","date_gmt":"2025-09-30T01:58:13","guid":{"rendered":"https:\/\/www.europesays.com\/fr\/427486\/"},"modified":"2025-09-30T01:58:13","modified_gmt":"2025-09-30T01:58:13","slug":"daniil-medvedev-retrouve-des-couleurs-et-soffre-alexander-zverev-en-quarts-de-finale-a-pekin-lequipe","status":"publish","type":"post","link":"https:\/\/www.europesays.com\/fr\/427486\/","title":{"rendered":"Daniil Medvedev retrouve des couleurs et s&#039;offre Alexander Zverev en quarts de finale \u00e0 P\u00e9kin &#8211; L&#039;\u00c9quipe"},"content":{"rendered":"<ol>\n<li><a href=\"https:\/\/news.google.com\/rss\/articles\/CBMi2gFBVV95cUxOQ0l4aElLWmVfeTJYTVE2S2JwNU1tN2FocjB3ekMwZ3Rfblo0NVF6cEJ0X0cyTXktV1hPUG1KY084Q3NueVNXV3Z3T3I4UzFxa1ZkbFB4aUJHQ2oxOTNvemVYVUVQZnQ3UF9NdFJRRi1OX2tGUE9KS0VGZm4wbHlqVFRpeFdjTEVLOHpBMDhULUNjYk9iekJjbDUyY0VST2FNR1hOalEwQkNkM250ZHFkaWd6NndBeE1kY0RGWEJNb2lVeVhiOG9VZkg0dFU0aFdEVlpRSDBJc0hrZw?oc=5\" target=\"_blank\" rel=\"nofollow noopener\">Daniil Medvedev retrouve des couleurs et s&rsquo;offre Alexander Zverev en quarts de finale \u00e0 P\u00e9kin<\/a>&nbsp;&nbsp;L&rsquo;\u00c9quipe<\/li>\n<li><a href=\"https:\/\/news.google.com\/rss\/articles\/CBMirgFBVV95cUxNR1lwNUtwZnBWQzJoMWlwdDQwazJiaHRyMjRZbmJsZHg4bXA0aHQwbXVJQm42ZXBGRWJSNEZCcDg3STlmaDhDQ0ROUWdySjJNTWdBM3hzMVlYQTJmUkU0SVl5a3Y5Rk5YX0tvNHg2ajIwd1hRY1B6cHcycC1YQkxNZEdxTTB3RkN4MmZCZHRVQXF5UzdBVDB0Uzl1eTBjNU5OTm5CYUgwMzRaa1Q4TGc?oc=5\" target=\"_blank\" rel=\"nofollow noopener\">Tennis : Medvedev s\u2019impose face \u00e0 Zverev et file en demi \u00e0 P\u00e9kin<\/a>&nbsp;&nbsp;Le Figaro<\/li>\n<li><a href=\"https:\/\/news.google.com\/rss\/articles\/CBMitwFBVV95cUxQOURMZWZibVdFcXlGOFFCZVZocFBRYndQd2FmNWdNd1ZKemppTDBaYWI1QTh1ampGSGdaUmhROG9lVUtIaEpsUTdramlrVG9EdjhvRVEwaHdHYmxmQzBjNkJlTHAwc041NUh2aXhkNU9Ib21vcXRuN0FWTDRjbEo1Y0E5a1dQeFRhbmszaUlTME9US0xBYTJxWVRqRWg5ZXFwRUgwUUF2Qmw0NFItTm9CQVRlcERRM28?oc=5\" target=\"_blank\" rel=\"nofollow noopener\">P\u00e9kin &#8211; Medvedev balaie Davidovich et retrouve des couleurs<\/a>&nbsp;&nbsp;Orange Actualit\u00e9s | Sports<\/li>\n<li><a href=\"https:\/\/news.google.com\/rss\/articles\/CBMi8gFBVV95cUxNSEhiYU9ORU9WR2JEMDE4ZjdldFBDUllhNlNlbmo5QnRyVDhmWmFwRGU2UzY2eHpFTGVzVVZQQ0R5aHJZbGg2TVZEeHNUSGQtOVNSQ2dBSjVGeVZnTmYxUkZHVTk4WGcyR2ZhZjFzUEI0NkluTU4zeVhDcm1pOWtYV1FMRGlMcmVRbjl2amlCeTM3cF9LUmZkUFlXek5uN0pFUno1VmxDX3RHYkhsMW9JOFhmNjZxTXlfMWNZU0NJSllVODFnaERYdEp5NzhXcTNUYkZCRnlNYmlPQzFEWkxHV2lRTUJQbjkyZ3VmU1B0bVNtQQ?oc=5\" target=\"_blank\" rel=\"nofollow noopener\">\u00ab Quand on me demande si Daniil Medvedev reviendra celui qu\u2019il \u00e9tait, je r\u00e9ponds que je n\u2019ai aucun doute \u00bb, affirme Jos\u00e9 Moron<\/a>&nbsp;&nbsp;We Love Tennis<\/li>\n<li><a href=\"https:\/\/news.google.com\/rss\/articles\/CBMi8wFBVV95cUxNMndSd3pWWkNscWVFUjZBa1d0VzJ0M3FnSTlzd3FpcE11a2F6T2taRy1OSnBfQUJ4VDJ2ZXRJUGc3ZUxVd3pnU0FIcmVuQmhhRzhJZndJbl9Yc3FyMURWUVVoZmdsSFpwWldDY00zdVFPSUszOUFWZlYtT2FwbG1ET2NhLUdCdTZkeC1lT1ZwcXFoNVJLOE1EREJMYnhuYU5KQzdTcTFEbExiZ1Nmc2NSSDlsNFAxWXJEcDJNMDBhbEJIdHJRczdMYVFnZXJYa210ZDVvY2o3aGtLUDZNVGZTUEZBdDBxQXZ2Y2dVaUd1M0F6T3M?oc=5\" target=\"_blank\" rel=\"nofollow noopener\">ATP 500 de P\u00e9kin. Medvedev efface Zverev et rejoint les demi-finales<\/a>&nbsp;&nbsp;Ouest-France<\/li>\n<\/ol>\n","protected":false},"excerpt":{"rendered":"Daniil Medvedev retrouve des couleurs et s&rsquo;offre Alexander Zverev en quarts de finale \u00e0 P\u00e9kin&nbsp;&nbsp;L&rsquo;\u00c9quipe Tennis : Medvedev&hellip;\n","protected":false},"author":2,"featured_media":427487,"comment_status":"","ping_status":"","sticky":false,"template":"","format":"standard","meta":{"footnotes":""},"categories":[1415],"tags":[1011,27,60,1467],"class_list":{"0":"post-427486","1":"post","2":"type-post","3":"status-publish","4":"format-standard","5":"has-post-thumbnail","7":"category-tennis","8":"tag-fr","9":"tag-france","10":"tag-sports","11":"tag-tennis"},"share_on_mastodon":{"url":"https:\/\/pubeurope.com\/@fr\/115290774080210596","error":""},"_links":{"self":[{"href":"https:\/\/www.europesays.com\/fr\/wp-json\/wp\/v2\/posts\/427486","targetHints":{"allow":["GET"]}}],"collection":[{"href":"https:\/\/www.europesays.com\/fr\/wp-json\/wp\/v2\/posts"}],"about":[{"href":"https:\/\/www.europesays.com\/fr\/wp-json\/wp\/v2\/types\/post"}],"author":[{"embeddable":true,"href":"https:\/\/www.europesays.com\/fr\/wp-json\/wp\/v2\/users\/2"}],"replies":[{"embeddable":true,"href":"https:\/\/www.europesays.com\/fr\/wp-json\/wp\/v2\/comments?post=427486"}],"version-history":[{"count":0,"href":"https:\/\/www.europesays.com\/fr\/wp-json\/wp\/v2\/posts\/427486\/revisions"}],"wp:featuredmedia":[{"embeddable":true,"href":"https:\/\/www.europesays.com\/fr\/wp-json\/wp\/v2\/media\/427487"}],"wp:attachment":[{"href":"https:\/\/www.europesays.com\/fr\/wp-json\/wp\/v2\/media?parent=427486"}],"wp:term":[{"taxonomy":"category","embeddable":true,"href":"https:\/\/www.europesays.com\/fr\/wp-json\/wp\/v2\/categories?post=427486"},{"taxonomy":"post_tag","embeddable":true,"href":"https:\/\/www.europesays.com\/fr\/wp-json\/wp\/v2\/tags?post=427486"}],"curies":[{"name":"wp","href":"https:\/\/api.w.org\/{rel}","templated":true}]}}