{"id":427488,"date":"2025-09-30T02:00:20","date_gmt":"2025-09-30T02:00:20","guid":{"rendered":"https:\/\/www.europesays.com\/fr\/427488\/"},"modified":"2025-09-30T02:00:20","modified_gmt":"2025-09-30T02:00:20","slug":"marc-marquez-ne-courra-pas-avec-le-numero-1-en-2026","status":"publish","type":"post","link":"https:\/\/www.europesays.com\/fr\/427488\/","title":{"rendered":"Marc M\u00e1rquez ne courra pas avec le num\u00e9ro 1 en 2026"},"content":{"rendered":"<p>Apr\u00e8s s&rsquo;\u00eatre offert son septi\u00e8me sacre en MotoGP et son neuvi\u00e8me titre mondial au total, <a href=\"https:\/\/fr.motorsport.com\/driver\/marc-marquez\/92646\/\" rel=\"nofollow noopener\" target=\"_blank\">Marc M\u00e1rquez<\/a> a confirm\u00e9 apr\u00e8s l&rsquo;\u00e9preuve de Motegi qu&rsquo;il conserverait son embl\u00e9matique num\u00e9ro 93 sur l&rsquo;avant de sa Ducati en 2026. Comme depuis ses d\u00e9buts dans la cat\u00e9gorie et malgr\u00e9 ses nombreux titres mondiaux, il a rapidement \u00e9cart\u00e9 la possibilit\u00e9 de porter le num\u00e9ro 1, r\u00e9serv\u00e9 au champion en titre.<\/p>\n<p>Ainsi, quand il lui a frontalement \u00e9t\u00e9 demand\u00e9 par les m\u00e9dias espagnols de confirmer s&rsquo;il allait rompre avec ses habitudes, six ans apr\u00e8s son dernier titre mondial, M\u00e1rquez a r\u00e9pondu\u00a0: \u00ab\u00a0Non, non, non.\u00a0\u00bb Puis, il a ajout\u00e9\u00a0: \u00ab\u00a0Le 93 fait d\u00e9j\u00e0 partie de moi. Je ne m&rsquo;imagine pas piloter une moto si elle n&rsquo;a pas le num\u00e9ro 93.\u00a0\u00bb<\/p>\n<p>En cons\u00e9quence, apr\u00e8s un retour sur les grilles du MotoGP ces trois derni\u00e8res ann\u00e9es, gr\u00e2ce \u00e0 <a href=\"https:\/\/fr.motorsport.com\/driver\/pecco-bagnaia\/109394\/\" target=\"_blank\" rel=\"noopener nofollow\">Pecco Bagnaia<\/a> qui l&rsquo;a affich\u00e9 lors des saisons 2023 et 2024, celles suivant ses deux titres mondiaux, et <a href=\"https:\/\/fr.motorsport.com\/driver\/jorge-martin\/109391\/\" rel=\"nofollow noopener\" target=\"_blank\">Jorge Mart\u00edn<\/a>\u00a0qui, lors des quelques \u00e9preuves auxquelles il a pu participer entre ses blessures, l&rsquo;a arbor\u00e9 apr\u00e8s son titre 2024, le num\u00e9ro 1 va de nouveau dispara\u00eetre de la discipline reine du championnat du monde moto l&rsquo;ann\u00e9e prochaine.<\/p>\n<p>   <img decoding=\"async\" draggable=\"false\" src=\"https:\/\/www.europesays.com\/fr\/wp-content\/uploads\/2025\/09\/1759197620_399_marc-marquez-ducati-team.jpg\" alt=\"Marc Marquez (Ducati)\" width=\"1200\" height=\"800\" loading=\"lazy\"\/> <\/p>\n<p class=\"title\">Marc Marquez (Ducati)<\/p>\n<p class=\"photographer\">Photo de: Toshifumi Kitamura \/ AFP via Getty Images<\/p>\n<p>Depuis 2002 et l&rsquo;av\u00e8nement du MotoGP, le choix d&rsquo;arborer le num\u00e9ro 1 n&rsquo;a \u00e9t\u00e9 finalement que peu fait par les champions de la discipline, \u00e0 commencer bien entendu par <a href=\"https:\/\/fr.motorsport.com\/driver\/valentino-rossi\/76374\/\" target=\"_blank\" rel=\"noopener nofollow\">Valentino Rossi<\/a>, visc\u00e9ralement attach\u00e9 \u00e0 son fameux num\u00e9ro 46. Parmi les rares champions \u00e0 avoir choisi de signifier par ce biais leur titre r\u00e9cent sur leur moto, outre Bagnaia et Mart\u00edn, l&rsquo;on a compt\u00e9 le regrett\u00e9 <a href=\"https:\/\/fr.motorsport.com\/driver\/nicky-hayden\/76011\/\" target=\"_blank\" rel=\"noopener nofollow\">Nicky Hayden<\/a> en 2007, Casey Stoner en 2008 et 2012 et <a href=\"https:\/\/fr.motorsport.com\/driver\/jorge-lorenzo\/80193\/\" target=\"_blank\" rel=\"noopener nofollow\">Jorge Lorenzo<\/a> en 2011.<\/p>\n<p>Sur cette p\u00e9riode, le #1 a presque \u00e9t\u00e9 l&rsquo;objet de ce que d&rsquo;aucuns ont consid\u00e9r\u00e9 comme une mal\u00e9diction puisqu&rsquo;aucun des trois pilotes cit\u00e9s n&rsquo;\u00e9tait parvenu \u00e0 conserver son titre mondial en roulant avec ce num\u00e9ro. Pecco Bagnaia fut d&rsquo;ailleurs le premier, et donc \u00e0 ce jour le seul, \u00e0 remporter un championnat MotoGP en \u00e9tant arm\u00e9 du #1.<\/p>\n<p>Et pour ceux qui croient vraiment \u00e0 cette mal\u00e9diction, il faut dire que la saison 2025 v\u00e9cue par Jorge Mart\u00edn &#8211; <a href=\"https:\/\/fr.motorsport.com\/motogp\/news\/jorge-martin-blessure-accident-depart-japon\/10762823\/\" target=\"_self\" rel=\"noopener nofollow\">de nouveau bless\u00e9 lors du sprint de Motegi<\/a> apr\u00e8s une campagne d\u00e9j\u00e0 terrible sur ce plan &#8211; ne contribuera pas \u00e0 d\u00e9raciner leurs certitudes&#8230;<\/p>\n<p>Lire aussi :<\/p>\n","protected":false},"excerpt":{"rendered":"Apr\u00e8s s&rsquo;\u00eatre offert son septi\u00e8me sacre en MotoGP et son neuvi\u00e8me titre mondial au total, Marc M\u00e1rquez a&hellip;\n","protected":false},"author":2,"featured_media":427489,"comment_status":"","ping_status":"","sticky":false,"template":"","format":"standard","meta":{"footnotes":""},"categories":[1413],"tags":[4950,1011,27,1581,5038,55643,1457,1456,1458,60,51359],"class_list":{"0":"post-427488","1":"post","2":"type-post","3":"status-publish","4":"format-standard","5":"has-post-thumbnail","7":"category-moto","8":"tag-ducati-team","9":"tag-fr","10":"tag-france","11":"tag-gp-du-japon","12":"tag-marc-mu00e1rquez","13":"tag-marc-mu00e1rquez-ne-courra-pas-avec-le-numu00e9ro-1-en-2026","14":"tag-moto","15":"tag-motocycle","16":"tag-motogp","17":"tag-sports","18":"tag-twin-ring-motegi"},"share_on_mastodon":{"url":"https:\/\/pubeurope.com\/@fr\/115290782467963980","error":""},"_links":{"self":[{"href":"https:\/\/www.europesays.com\/fr\/wp-json\/wp\/v2\/posts\/427488","targetHints":{"allow":["GET"]}}],"collection":[{"href":"https:\/\/www.europesays.com\/fr\/wp-json\/wp\/v2\/posts"}],"about":[{"href":"https:\/\/www.europesays.com\/fr\/wp-json\/wp\/v2\/types\/post"}],"author":[{"embeddable":true,"href":"https:\/\/www.europesays.com\/fr\/wp-json\/wp\/v2\/users\/2"}],"replies":[{"embeddable":true,"href":"https:\/\/www.europesays.com\/fr\/wp-json\/wp\/v2\/comments?post=427488"}],"version-history":[{"count":0,"href":"https:\/\/www.europesays.com\/fr\/wp-json\/wp\/v2\/posts\/427488\/revisions"}],"wp:featuredmedia":[{"embeddable":true,"href":"https:\/\/www.europesays.com\/fr\/wp-json\/wp\/v2\/media\/427489"}],"wp:attachment":[{"href":"https:\/\/www.europesays.com\/fr\/wp-json\/wp\/v2\/media?parent=427488"}],"wp:term":[{"taxonomy":"category","embeddable":true,"href":"https:\/\/www.europesays.com\/fr\/wp-json\/wp\/v2\/categories?post=427488"},{"taxonomy":"post_tag","embeddable":true,"href":"https:\/\/www.europesays.com\/fr\/wp-json\/wp\/v2\/tags?post=427488"}],"curies":[{"name":"wp","href":"https:\/\/api.w.org\/{rel}","templated":true}]}}