{"id":427498,"date":"2025-09-30T02:05:26","date_gmt":"2025-09-30T02:05:26","guid":{"rendered":"https:\/\/www.europesays.com\/fr\/427498\/"},"modified":"2025-09-30T02:05:26","modified_gmt":"2025-09-30T02:05:26","slug":"voici-limage-de-la-future-ecole-dont-on-connait-larchitecte-un-projet-ambitieux","status":"publish","type":"post","link":"https:\/\/www.europesays.com\/fr\/427498\/","title":{"rendered":"voici l&rsquo;image de la future \u00e9cole dont on conna\u00eet l&rsquo;architecte, un projet ambitieux"},"content":{"rendered":"<p>            Par<br \/>\n        <strong><br \/>\n            <a href=\"https:\/\/actu.fr\/auteur\/arnaud-heroult\" title=\"Consulter tous les articles de Arnaud H\u00e9roult\" target=\"_blank\" rel=\"noopener\">Arnaud H\u00e9roult<\/a><br \/>\n        <\/strong><\/p>\n<p>        Publi\u00e9 le<\/p>\n<p>            29 sept. 2025 \u00e0 6h41        <\/p>\n<p>En conseil municipal de <b>Ouistreham (Calvados)<\/b> lundi 22 septembre 2025, le maire Romain Bail a d\u00e9voil\u00e9 le laur\u00e9at de la ma\u00eetrise d\u2019\u0153uvre pour <a href=\"https:\/\/actu.fr\/normandie\/ouistreham_14488\/nouvelle-ecole-a-16-millions-deuros-le-projet-definitif-bientot-connu-a-ouistreham_63140944.html\" target=\"_blank\" rel=\"noopener\">la reconstruction de l\u2019\u00e9cole Isabelle Autissier<\/a>.<\/p>\n<p>Un projet de 16 millions d\u2019euros<\/p>\n<p class=\" wall-content\">Un concours d\u2019architecture et d\u2019ing\u00e9nierie qui est revenu au Cabinet AJEANCE et OCAM pour un co\u00fbt pr\u00e9visionnel de travaux pour le seul b\u00e2timent (2\u2009248 m\u00b2) de <b>10\u2009230\u2009000 euros<\/b> H.T.<\/p>\n<p class=\" wall-content\">L\u2019estimation globale du projet sur une surface totale de 3\u2009590 m\u00b2, avec tous les am\u00e9nagements, est de <b>16 millions d\u2019euros<\/b>.<\/p>\n<p>Les premiers travaux en 2026<\/p>\n<p class=\" wall-content\">La construction pr\u00e9voit cinq classes de maternelles, 10 classes \u00e9l\u00e9mentaires et une classe Ulis pour les \u00e9l\u00e8ves en situation de handicap. Autre cr\u00e9ation\u2009: un accueil collectif pour mineurs (l\u2019actuel centre de loisirs).<\/p>\n<p class=\" wall-content\">Le d\u00e9part du chantier commencera par \u00ab\u2009la d\u00e9molition partielle du b\u00e2timent Coty \u00e0 l\u2019\u00e9t\u00e9 2026\u2009\u00bb, explique Romain Bail. \u00ab\u2009Les travaux de construction seront lanc\u00e9s en 2027 pour une livraison \u00e0 la rentr\u00e9e 2029.\u2009\u00bb<\/p>\n<p class=\" wall-content\">Personnalisez votre actualit\u00e9 en ajoutant vos villes et m\u00e9dias en favori avec <a href=\"https:\/\/moncompte.actu.fr\" title=\"D\u00e9couvez Mon Actu\" rel=\"nofollow noopener\" data-trk=\"{&quot;cta&quot;:{&quot;action&quot;:&quot;https:\\\/\\\/moncompte.actu.fr&quot;,&quot;category&quot;:&quot;mon compte&quot;,&quot;from&quot;:&quot;article footer&quot;,&quot;name&quot;:&quot;Mon actu&quot;,&quot;type&quot;:&quot;cta&quot;}}\" target=\"_blank\">Mon Actu<\/a>.<\/p>\n","protected":false},"excerpt":{"rendered":"Par Arnaud H\u00e9roult Publi\u00e9 le 29 sept. 2025 \u00e0 6h41 En conseil municipal de Ouistreham (Calvados) lundi 22&hellip;\n","protected":false},"author":2,"featured_media":427499,"comment_status":"","ping_status":"","sticky":false,"template":"","format":"standard","meta":{"footnotes":""},"categories":[1358],"tags":[1348,1384,1385,26093,1386,58,1057,59,1011,27,104],"class_list":{"0":"post-427498","1":"post","2":"type-post","3":"status-publish","4":"format-standard","5":"has-post-thumbnail","7":"category-arts-et-design","8":"tag-arts","9":"tag-arts-and-design","10":"tag-arts-et-design","11":"tag-cote-de-nacre","12":"tag-design","13":"tag-divertissement","14":"tag-education","15":"tag-entertainment","16":"tag-fr","17":"tag-france","18":"tag-societe"},"share_on_mastodon":{"url":"https:\/\/pubeurope.com\/@fr\/115290801668002074","error":""},"_links":{"self":[{"href":"https:\/\/www.europesays.com\/fr\/wp-json\/wp\/v2\/posts\/427498","targetHints":{"allow":["GET"]}}],"collection":[{"href":"https:\/\/www.europesays.com\/fr\/wp-json\/wp\/v2\/posts"}],"about":[{"href":"https:\/\/www.europesays.com\/fr\/wp-json\/wp\/v2\/types\/post"}],"author":[{"embeddable":true,"href":"https:\/\/www.europesays.com\/fr\/wp-json\/wp\/v2\/users\/2"}],"replies":[{"embeddable":true,"href":"https:\/\/www.europesays.com\/fr\/wp-json\/wp\/v2\/comments?post=427498"}],"version-history":[{"count":0,"href":"https:\/\/www.europesays.com\/fr\/wp-json\/wp\/v2\/posts\/427498\/revisions"}],"wp:featuredmedia":[{"embeddable":true,"href":"https:\/\/www.europesays.com\/fr\/wp-json\/wp\/v2\/media\/427499"}],"wp:attachment":[{"href":"https:\/\/www.europesays.com\/fr\/wp-json\/wp\/v2\/media?parent=427498"}],"wp:term":[{"taxonomy":"category","embeddable":true,"href":"https:\/\/www.europesays.com\/fr\/wp-json\/wp\/v2\/categories?post=427498"},{"taxonomy":"post_tag","embeddable":true,"href":"https:\/\/www.europesays.com\/fr\/wp-json\/wp\/v2\/tags?post=427498"}],"curies":[{"name":"wp","href":"https:\/\/api.w.org\/{rel}","templated":true}]}}