{"id":427500,"date":"2025-09-30T02:06:13","date_gmt":"2025-09-30T02:06:13","guid":{"rendered":"https:\/\/www.europesays.com\/fr\/427500\/"},"modified":"2025-09-30T02:06:13","modified_gmt":"2025-09-30T02:06:13","slug":"dehors-sans-un-merci-a-pont-labbe-lamertume-des-benevoles-de-la-bibliotheque-associative","status":"publish","type":"post","link":"https:\/\/www.europesays.com\/fr\/427500\/","title":{"rendered":"\u00ab\u00a0Dehors, sans un merci\u00a0\u00bb\u00a0: \u00e0 Pont-l\u2019Abb\u00e9, l\u2019amertume des b\u00e9n\u00e9voles de la biblioth\u00e8que associative"},"content":{"rendered":"<p>De \u00ab\u00a0l\u2019\u00e9c\u0153urement\u00a0\u00bb et de la \u00ab\u00a0d\u00e9ception\u00a0\u00bb. Ce lundi 29 septembre 2025, \u00e0 quelques heures de rendre les clefs de la biblioth\u00e8que de la Maison pour tous de Pont-l\u2019Abb\u00e9, les b\u00e9n\u00e9voles ne m\u00e2chent pas leurs mots. Le 23 juillet, elles apprenaient la fermeture d\u00e9finitive du lieu, abritant un fonds de 25\u00a0000 ouvrages pour adultes. Motif avanc\u00e9\u00a0: la non-conformit\u00e9 des locaux, relev\u00e9e lors du passage de la commission de s\u00e9curit\u00e9 en octobre 2024. Une d\u00e9cision prise par la municipalit\u00e9, sans qu\u2019aucune solution de relogement ne soit r\u00e9ellement propos\u00e9e, faute de locaux d\u00e9di\u00e9s. Un v\u00e9ritable cr\u00e8ve-c\u0153ur pour les membres de l\u2019association des Amis de la biblioth\u00e8que, dont certaines s\u2019y investissaient depuis plus de 40 ans.<\/p>\n<p>Souhaitant pr\u00e9server l\u2019association, le maire de Pont-l\u2019Abb\u00e9, St\u00e9phane Le Doar\u00e9, avait propos\u00e9 aux b\u00e9n\u00e9voles de se rapprocher de la m\u00e9diath\u00e8que. Un conseil appliqu\u00e9 par les Amis de la biblioth\u00e8que qui ont effectu\u00e9 une visite au mois d\u2019ao\u00fbt. \u00ab\u00a0Nous avons \u00e9t\u00e9 re\u00e7ues tr\u00e8s gentiment mais l\u2019\u00e9quipe a indiqu\u00e9 ne pas pouvoir reprendre tous nos livres\u00a0\u00bb, rapporte Soizic Co\u00efc, volontaire au sein de l\u2019association. Le fonds de la biblioth\u00e8que associative, class\u00e9 manuellement pendant des d\u00e9cennies, n\u2019\u00e9tant pas compatible avec le syst\u00e8me informatis\u00e9 de la m\u00e9diath\u00e8que.<\/p>\n<p>\u00ab\u00a0Dehors, sans un merci\u00a0\u00bb<\/p>\n<p>En l\u2019absence de solution p\u00e9renne, les b\u00e9n\u00e9voles ont cherch\u00e9 \u00e0 reprendre contact avec la municipalit\u00e9, \u00ab\u00a0sans pour autant obtenir de r\u00e9ponses\u00a0\u00bb, affirment-elles. Le minist\u00e8re de la Culture et la d\u00e9put\u00e9e Liliana Tanguy ont \u00e9galement \u00e9t\u00e9 sollicit\u00e9s. \u00ab\u00a0Mais voyez le r\u00e9sultat\u00a0! On nous met dehors, sans un merci, apr\u00e8s 40 ans de travail. Personne ne s\u2019est pr\u00e9occup\u00e9 de savoir o\u00f9 en \u00e9taient nos d\u00e9marches\u00a0\u00bb, s\u2019indigne Brigitte Fr\u00e9mont, la secr\u00e9taire de l\u2019association. \ufeff<\/p>\n<p>Les b\u00e9n\u00e9voles d\u00e9noncent surtout un manque d\u2019anticipation. \u00ab\u00a0Alors que la municipalit\u00e9 savait d\u00e8s octobre 2024 que le local allait fermer, nous n\u2019avons \u00e9t\u00e9 pr\u00e9venues qu\u2019en juillet. C\u2019\u00e9tait bien trop tard pour rebondir\u00a0\u00bb, regrettent-elles.<\/p>\n<p>Quel avenir pour les 25\u00a0000 livres\u00a0?<\/p>\n<p>Ces derni\u00e8res se disent d\u00e9sormais pr\u00e9occup\u00e9es par le devenir de leur fonds de 25\u00a0000 livres, dot\u00e9 de plusieurs ouvrages r\u00e9put\u00e9s. Certains ont \u00e9t\u00e9 distribu\u00e9s dans des Ehpad, au Mus\u00e9e bigouden et aux habituels lecteurs du lieu, mais les rayonnages restent encore bien remplis. Ce mardi, deux camions de la <a href=\"https:\/\/www.letelegramme.fr\/finistere\/brest-29200\/recouvrance\/a-brest-les-120-benevoles-de-la-librairie-sapristi-ont-souffle-les-six-bougies-dune-belle-aventure-associative-6840575.php\" target=\"_blank\" rel=\"noopener\">librairie solidaire brestoise Sapristi<\/a> sont attendus. \u00ab\u00a0Mais cela ne suffira pas \u00e0 tout emporter\u00a0\u00bb, craignent les b\u00e9n\u00e9voles, qui redoutent que de nombreux livres ne finissent prochainement \u00e0 la d\u00e9chetterie. D\u2019autres redoutent de ne pas retrouver une offre \u00e9quivalente \u00e0 la m\u00e9diath\u00e8que de Pont-l\u2019Abb\u00e9, dont le fonds s\u2019\u00e9l\u00e8ve \u00e0 4\u00a0500 ouvrages.<\/p>\n<p>\u00ab\u00a0Le dialogue a \u00e9t\u00e9 maintenu\u00a0\u00bb<\/p>\n<p>Contact\u00e9, le maire St\u00e9phane Le Doar\u00e9 soutient que \u00ab\u00a0le dialogue a \u00e9t\u00e9 maintenu\u00a0\u00bb avec la pr\u00e9sidente au cours de ces derni\u00e8res semaines. L\u2019\u00e9lu affirme avoir propos\u00e9 de stocker une partie des livres dans les archives municipales pour permettre de les consulter, une fois ceux-ci tri\u00e9s et class\u00e9s.<\/p>\n<p>Reste que l\u2019association des Amis de la biblioth\u00e8que s\u2019appr\u00eate \u00e0 tourner la page. Le mercredi 8 octobre \u00e0 14\u00a0h\u00a030, les b\u00e9n\u00e9voles tiendront une derni\u00e8re assembl\u00e9e g\u00e9n\u00e9rale au Centre social de Pont-l\u2019Abb\u00e9. \u00c0 l\u2019ordre du jour\u00a0: la dissolution de la structure. Un chapitre final au go\u00fbt bien amer pour ces lectrices passionn\u00e9es.<\/p>\n","protected":false},"excerpt":{"rendered":"De \u00ab\u00a0l\u2019\u00e9c\u0153urement\u00a0\u00bb et de la \u00ab\u00a0d\u00e9ception\u00a0\u00bb. Ce lundi 29 septembre 2025, \u00e0 quelques heures de rendre les clefs&hellip;\n","protected":false},"author":2,"featured_media":427501,"comment_status":"","ping_status":"","sticky":false,"template":"","format":"standard","meta":{"footnotes":""},"categories":[1357],"tags":[4077,4733,1379,251,58,765,59,1011,27,1351,1380,3323],"class_list":{"0":"post-427500","1":"post","2":"type-post","3":"status-publish","4":"format-standard","5":"has-post-thumbnail","7":"category-livres","8":"tag-association","9":"tag-associations","10":"tag-books","11":"tag-culture","12":"tag-divertissement","13":"tag-en-continu","14":"tag-entertainment","15":"tag-fr","16":"tag-france","17":"tag-litterature","18":"tag-livres","19":"tag-pont-labbe"},"share_on_mastodon":{"url":"https:\/\/pubeurope.com\/@fr\/115290805654555760","error":""},"_links":{"self":[{"href":"https:\/\/www.europesays.com\/fr\/wp-json\/wp\/v2\/posts\/427500","targetHints":{"allow":["GET"]}}],"collection":[{"href":"https:\/\/www.europesays.com\/fr\/wp-json\/wp\/v2\/posts"}],"about":[{"href":"https:\/\/www.europesays.com\/fr\/wp-json\/wp\/v2\/types\/post"}],"author":[{"embeddable":true,"href":"https:\/\/www.europesays.com\/fr\/wp-json\/wp\/v2\/users\/2"}],"replies":[{"embeddable":true,"href":"https:\/\/www.europesays.com\/fr\/wp-json\/wp\/v2\/comments?post=427500"}],"version-history":[{"count":0,"href":"https:\/\/www.europesays.com\/fr\/wp-json\/wp\/v2\/posts\/427500\/revisions"}],"wp:featuredmedia":[{"embeddable":true,"href":"https:\/\/www.europesays.com\/fr\/wp-json\/wp\/v2\/media\/427501"}],"wp:attachment":[{"href":"https:\/\/www.europesays.com\/fr\/wp-json\/wp\/v2\/media?parent=427500"}],"wp:term":[{"taxonomy":"category","embeddable":true,"href":"https:\/\/www.europesays.com\/fr\/wp-json\/wp\/v2\/categories?post=427500"},{"taxonomy":"post_tag","embeddable":true,"href":"https:\/\/www.europesays.com\/fr\/wp-json\/wp\/v2\/tags?post=427500"}],"curies":[{"name":"wp","href":"https:\/\/api.w.org\/{rel}","templated":true}]}}