{"id":427502,"date":"2025-09-30T02:07:49","date_gmt":"2025-09-30T02:07:49","guid":{"rendered":"https:\/\/www.europesays.com\/fr\/427502\/"},"modified":"2025-09-30T02:07:49","modified_gmt":"2025-09-30T02:07:49","slug":"cnews-conforte-sa-place-de-premiere-chaine-dinfo-continue-bfmtv-touche-plus-de-telespectateurs","status":"publish","type":"post","link":"https:\/\/www.europesays.com\/fr\/427502\/","title":{"rendered":"CNews conforte sa place de premi\u00e8re cha\u00eene d&rsquo;info continue, BFMTV touche plus de t\u00e9l\u00e9spectateurs"},"content":{"rendered":"<p><strong>CNews a battu en septembre son propre record d&rsquo;audience<\/strong>, confortant son statut de premi\u00e8re cha\u00eene d&rsquo;info continue, selon les chiffres M\u00e9diam\u00e9trie publi\u00e9s ce lundi.\u00a0Avec 3,9%\u00a0de part d&rsquo;audience (PDA) en moyenne, la cha\u00eene\u00a0dans le giron du milliardaire conservateur Vincent Bollor\u00e9 <strong>creuse encore <a href=\"https:\/\/www.laprovence.com\/article\/culture-loisirs\/4698339271521814\/vie-de-moine-proximite-et-info-perrine-storme-et-dominique-tenza-nouveau-duo-de-la-matinale-de-bfmtv\" target=\"_blank\" rel=\"nofollow noopener\">l&rsquo;\u00e9cart avec BFMTV<\/a><\/strong> (2,9%), class\u00e9e deuxi\u00e8me des cha\u00eenes info.<\/p>\n<p>BFMTV leader en nombre de t\u00e9l\u00e9spectateurs cumul\u00e9s<\/p>\n<p><strong>BFMTV touche pourtant plus de t\u00e9l\u00e9spectateurs<\/strong> (presque 48 millions par mois contre 40 pour CNews), mais sa concurrente b\u00e9n\u00e9ficie du fait que les gens la regardent plus longtemps.\u00a0<strong>LCI est troisi\u00e8me<\/strong> (2,2%) et <a href=\"https:\/\/www.laprovence.com\/article\/culture-loisirs\/7103538001449614\/france-televisions-la-cour-des-comptes-estime-le-groupe-en-situation-financiere-critique\" target=\"_blank\" rel=\"nofollow noopener\"><strong>franceinfo derni\u00e8re <\/strong>(1,1%).\u00a0<\/a><\/p>\n<p>Le pr\u00e9c\u00e9dent record de CNews avait \u00e9t\u00e9 atteint en juin avec 3,6% de PDA. Septembre est le neuvi\u00e8me mois de suite o\u00f9 elle est en t\u00eate des cha\u00eenes info.\u00a0Cinqui\u00e8me cha\u00eene nationale en juin, CNews, dirig\u00e9e par Serge Nedjar, a en outre enregistr\u00e9 un record sur une journ\u00e9e le 10 septembre, lors du mouvement \u00ab\u00a0Bloquons tout\u00a0\u00bb, avec 6,3% de PDA.<\/p>\n<p>Une arriv\u00e9e de Cyril Hanouna b\u00e9n\u00e9fique sur W9<\/p>\n<p>CNews, qui appartient au groupe Canal+, est r\u00e9guli\u00e8rement accus\u00e9e par des politiques de gauche de promouvoir des id\u00e9es d&rsquo;extr\u00eame droite, ce qu&rsquo;elle conteste.\u00a0De leur c\u00f4t\u00e9, <a href=\"https:\/\/www.laprovence.com\/article\/culture-loisirs\/3574541410561614\/cnews-contre-audiovisuel-public-de-pascal-praud-a-delphine-ernotte-tout-comprendre-au-conflit-entre-ces-medias\" target=\"_blank\" rel=\"nofollow noopener\">les m\u00e9dias dans la sph\u00e8re de Vincent Bollor\u00e9 accusent ceux de Radio France et France T\u00e9l\u00e9 de partialit\u00e9 en faveur de la gauche<\/a>. Ceux-ci contre-attaquent et en appellent \u00e0 l&rsquo;Arcom, le r\u00e9gulateur de l&rsquo;audiovisuel, et aux pouvoirs publics.<\/p>\n","protected":false},"excerpt":{"rendered":"CNews a battu en septembre son propre record d&rsquo;audience, confortant son statut de premi\u00e8re cha\u00eene d&rsquo;info continue, selon&hellip;\n","protected":false},"author":2,"featured_media":427503,"comment_status":"","ping_status":"","sticky":false,"template":"","format":"standard","meta":{"footnotes":""},"categories":[1356],"tags":[17,1102,3839,9722,55644,33487,251,55645,58,59,1011,27,5536,3051,252,1364],"class_list":{"0":"post-427502","1":"post","2":"type-post","3":"status-publish","4":"format-standard","5":"has-post-thumbnail","7":"category-television","8":"tag-17","9":"tag-breakingnews","10":"tag-chaine","11":"tag-cnews","12":"tag-conforte","13":"tag-continue","14":"tag-culture","15":"tag-dinfo","16":"tag-divertissement","17":"tag-entertainment","18":"tag-fr","19":"tag-france","20":"tag-place","21":"tag-premiere","22":"tag-television","23":"tag-tv"},"share_on_mastodon":{"url":"https:\/\/pubeurope.com\/@fr\/115290813473579673","error":""},"_links":{"self":[{"href":"https:\/\/www.europesays.com\/fr\/wp-json\/wp\/v2\/posts\/427502","targetHints":{"allow":["GET"]}}],"collection":[{"href":"https:\/\/www.europesays.com\/fr\/wp-json\/wp\/v2\/posts"}],"about":[{"href":"https:\/\/www.europesays.com\/fr\/wp-json\/wp\/v2\/types\/post"}],"author":[{"embeddable":true,"href":"https:\/\/www.europesays.com\/fr\/wp-json\/wp\/v2\/users\/2"}],"replies":[{"embeddable":true,"href":"https:\/\/www.europesays.com\/fr\/wp-json\/wp\/v2\/comments?post=427502"}],"version-history":[{"count":0,"href":"https:\/\/www.europesays.com\/fr\/wp-json\/wp\/v2\/posts\/427502\/revisions"}],"wp:featuredmedia":[{"embeddable":true,"href":"https:\/\/www.europesays.com\/fr\/wp-json\/wp\/v2\/media\/427503"}],"wp:attachment":[{"href":"https:\/\/www.europesays.com\/fr\/wp-json\/wp\/v2\/media?parent=427502"}],"wp:term":[{"taxonomy":"category","embeddable":true,"href":"https:\/\/www.europesays.com\/fr\/wp-json\/wp\/v2\/categories?post=427502"},{"taxonomy":"post_tag","embeddable":true,"href":"https:\/\/www.europesays.com\/fr\/wp-json\/wp\/v2\/tags?post=427502"}],"curies":[{"name":"wp","href":"https:\/\/api.w.org\/{rel}","templated":true}]}}