{"id":427506,"date":"2025-09-30T02:09:31","date_gmt":"2025-09-30T02:09:31","guid":{"rendered":"https:\/\/www.europesays.com\/fr\/427506\/"},"modified":"2025-09-30T02:09:31","modified_gmt":"2025-09-30T02:09:31","slug":"moi-qui-taimais-un-biopic-montand-signoret-qui-baigne-dans-le-formol","status":"publish","type":"post","link":"https:\/\/www.europesays.com\/fr\/427506\/","title":{"rendered":"\u201cMoi qui t\u2019aimais\u201d, un biopic Montand-Signoret qui baigne dans le formol"},"content":{"rendered":"<p>Quelques nouvelles de la \u201cqualit\u00e9 fran\u00e7aise\u201d dans un biopic du couple Montand-Signoret au parfum pr\u00e9visible de formol et au casting absurde.<\/p>\n<p>Plusieurs projets de biopic de<a href=\"https:\/\/www.lesinrocks.com\/cinema\/a-voir-sur-arte-un-beau-documentaire-sur-simone-signoret-actrice-anticonformiste-148261-31-03-2020\/\" target=\"_blank\" rel=\"noopener\"> Simone Signoret<\/a> ont franchi ces quinze derni\u00e8res ann\u00e9es le stade de l\u2019officialit\u00e9, du moins de l\u2019annonce publique, parmi lesquels un film r\u00e9alis\u00e9 par Christophe Ruggia avec <a href=\"https:\/\/www.lesinrocks.com\/series\/celine-sallette-pourra-t-elle-nous-guider-dans-le-cosmos-trop-complexe-dinfiniti-452650-05-04-2022\/\" target=\"_blank\" rel=\"noopener\">C\u00e9line Sallette<\/a>, ou encore un autre sc\u00e9naris\u00e9 par Benjamin Castaldi, petit-fils de l\u2019actrice. Un esprit bienveillant dirait : le sujet est populaire. Un autre penserait plus m\u00e9chamment : c\u2019est un serpent de mer. <\/p>\n<p>Face \u00e0 Moi qui t\u2019aimais, celui qui a fini par aller au bout, on ne parvient pas \u00e0 sentir une seule fois le d\u00e9sir, la n\u00e9cessit\u00e9 du film, mais on voit bien le serpent, on ne voit m\u00eame que cela : le projet qui tra\u00eene depuis des lustres, hante l\u2019\u00e9cosyst\u00e8me de production, qu\u2019il faut bien finir par faire et peu importe avec qui. Dans tous les cas, le r\u00e9sultat sera aux mains de la machine autonome, des techniciens industrieux, de l\u2019art du maquillage et des accessoiristes. \u00c7a fera le compte.<\/p>\n<p>Un casting absurde<\/p>\n<p>Marina Fo\u00efs est Signoret, Roschdy Zem est Montand. Le choix est absurde : le tandem fait l\u2019effet d\u2019un duo hasardeux de b\u00e9n\u00e9ficiaires de la providence, heureux\u00b7ses \u00e9lu\u00b7es ayant nonchalamment travers\u00e9 l\u2019esprit d\u2019un directeur de casting au moment opportun. \u00c7a aurait pu \u00eatre Karin Viard et Gilles Lellouche, No\u00e9mie Lvovsky et Romain Duris, Josiane Balasko et Rapha\u00ebl Quenard. Pas une once de ressemblance avec leurs mod\u00e8les, mais deux heures quotidiennes de pose de postiches et quelques mois d\u2019entra\u00eenement \u00e0 singer une poign\u00e9e de leurs tics, \u00e0 d\u00e9faut d\u2019adopter leurs pr\u00e9sences. Le r\u00e9sultat offre \u00e0 la cin\u00e9philie une partie de who\u2019s who (\u201cah tiens, Thierry de Peretti pour jouer Reggiani, pas mal\u201d), et au reste du monde la douce musique d\u2019un artisanat appliqu\u00e9 qui demeure, au fond, plut\u00f4t une r\u00e9ussite au regard de ce que le film est cens\u00e9 \u00eatre : une reconstitution sophistiqu\u00e9e de la France giscardienne, de son art de vivre et de ses m\u0153urs bourgeoises. Soixante-huit, la Nouvelle Vague : rien de tout \u00e7a ne semble avoir exist\u00e9, Montand et Signoret s\u2019\u00e9tant peu m\u00eal\u00e9s, en tant que derniers feux d\u2019un certain glamour fran\u00e7ais milieu de si\u00e8cle et en d\u00e9pit de sympathies gauchistes revendiqu\u00e9es, aux chambardements soci\u00e9taux et artistiques de la modernit\u00e9.<\/p>\n<p>Biopic pr\u00e9-fabriqu\u00e9<\/p>\n<p>La sortie quasi-conjointe de<a href=\"https:\/\/www.lesinrocks.com\/cinema\/cannes-2025-nouvelle-vague-sur-un-pari-risque-richard-linklater-reussit-une-comedie-brillante-665316-18-05-2025\/\" target=\"_blank\" rel=\"noopener\"> Nouvelle Vague de Richard Linklater<\/a> oppose d\u2019ailleurs un douloureux contrepoint au film. Au moment o\u00f9 le cin\u00e9ma am\u00e9ricain crie son amour pour la r\u00e9volution godardienne, le cin\u00e9ma fran\u00e7ais semble encore lui tenir le m\u00eame grief impardonnable, postule son inexistence et pr\u00e9f\u00e8re refaire <a href=\"https:\/\/www.lesinrocks.com\/cinema\/claude-sautet-un-classique-du-cinema-francais-121784-13-06-2001\/\" target=\"_blank\" rel=\"noopener\">Sautet<\/a>. L\u2019auteur majeur de \u201cfilms du milieu\u201d des ann\u00e9es 1970 et fid\u00e8le collaborateur de Montand ouvre et referme Moi qui t\u2019aimais, avec d\u2019un c\u00f4t\u00e9 le tournage de Vincent, Fran\u00e7ois, Paul\u2026et les autres (que Montand tente de retitrer Vincent et les autres pour garder la vedette) et de l\u2019autre un visionnage \u00e0 la t\u00e9l\u00e9vision des Choses de la vie, la m\u00e9lop\u00e9e de Philippe Sarde (qui signe \u00e9galement, \u00e0 un demi-si\u00e8cle d\u2019\u00e9cart, la partition du film de Diane Kurys) accompagnant une ultime sc\u00e8ne de tendresse entre les \u00e9poux\u00b7ses. <\/p>\n<p>Son art du m\u00e9lodrame feutr\u00e9, petit-bourgeois, \u00e9l\u00e9gant, habilement photog\u00e9nique, se voudrait sans doute l\u2019horizon de ce film fabriqu\u00e9 par des gens ayant grandi sous son r\u00e8gne : Kurys, qui s\u2019offre peut-\u00eatre un discret clin d\u2019\u0153il en mettant dans la bouche de Montand un g\u00e9n\u00e9reux compliment pour Huppert (qu\u2019elle a d\u00e9couverte avec Diabolo Menthe) ; Arcady, son conjoint et producteur de toujours ; Sarde, Rousselot\u2026 Horizon esp\u00e9r\u00e9, pour une croisi\u00e8re finalement plus modeste, dans les eaux saum\u00e2tres du biopic de complaisance, en compagnie d\u2019un vedettariat d\u00e9sabus\u00e9, qui cachetonne en s\u2019en cachant \u00e0 peine.<\/p>\n<p><strong>Moi qui t\u2019aimais de Diane Kurys avec Marina Fo\u00efs, Roschdy Zem \u2013 En salle le 1er octobre <\/strong><\/p><\/p>\n","protected":false},"excerpt":{"rendered":"Quelques nouvelles de la \u201cqualit\u00e9 fran\u00e7aise\u201d dans un biopic du couple Montand-Signoret au parfum pr\u00e9visible de formol et&hellip;\n","protected":false},"author":2,"featured_media":427507,"comment_status":"","ping_status":"","sticky":false,"template":"","format":"standard","meta":{"footnotes":""},"categories":[1354],"tags":[8716,58,59,1346,1011,27,1360],"class_list":{"0":"post-427506","1":"post","2":"type-post","3":"status-publish","4":"format-standard","5":"has-post-thumbnail","7":"category-films","8":"tag-cafeyn","9":"tag-divertissement","10":"tag-entertainment","11":"tag-films","12":"tag-fr","13":"tag-france","14":"tag-movies"},"share_on_mastodon":{"url":"https:\/\/pubeurope.com\/@fr\/115290817464286841","error":""},"_links":{"self":[{"href":"https:\/\/www.europesays.com\/fr\/wp-json\/wp\/v2\/posts\/427506","targetHints":{"allow":["GET"]}}],"collection":[{"href":"https:\/\/www.europesays.com\/fr\/wp-json\/wp\/v2\/posts"}],"about":[{"href":"https:\/\/www.europesays.com\/fr\/wp-json\/wp\/v2\/types\/post"}],"author":[{"embeddable":true,"href":"https:\/\/www.europesays.com\/fr\/wp-json\/wp\/v2\/users\/2"}],"replies":[{"embeddable":true,"href":"https:\/\/www.europesays.com\/fr\/wp-json\/wp\/v2\/comments?post=427506"}],"version-history":[{"count":0,"href":"https:\/\/www.europesays.com\/fr\/wp-json\/wp\/v2\/posts\/427506\/revisions"}],"wp:featuredmedia":[{"embeddable":true,"href":"https:\/\/www.europesays.com\/fr\/wp-json\/wp\/v2\/media\/427507"}],"wp:attachment":[{"href":"https:\/\/www.europesays.com\/fr\/wp-json\/wp\/v2\/media?parent=427506"}],"wp:term":[{"taxonomy":"category","embeddable":true,"href":"https:\/\/www.europesays.com\/fr\/wp-json\/wp\/v2\/categories?post=427506"},{"taxonomy":"post_tag","embeddable":true,"href":"https:\/\/www.europesays.com\/fr\/wp-json\/wp\/v2\/tags?post=427506"}],"curies":[{"name":"wp","href":"https:\/\/api.w.org\/{rel}","templated":true}]}}