{"id":427512,"date":"2025-09-30T02:12:14","date_gmt":"2025-09-30T02:12:14","guid":{"rendered":"https:\/\/www.europesays.com\/fr\/427512\/"},"modified":"2025-09-30T02:12:14","modified_gmt":"2025-09-30T02:12:14","slug":"vise-par-une-plainte-pour-viol-deposee-par-son-ex-compagne-le-rappeur-nekfeu-place-en-garde-a-vue","status":"publish","type":"post","link":"https:\/\/www.europesays.com\/fr\/427512\/","title":{"rendered":"Vis\u00e9 par une plainte pour viol d\u00e9pos\u00e9e par son ex-compagne, le rappeur Nekfeu plac\u00e9 en garde \u00e0 vue"},"content":{"rendered":"<p>        <img decoding=\"async\" loading=\"lazy\" src=\"https:\/\/www.europesays.com\/fr\/wp-content\/uploads\/2025\/09\/c305846_sirius-fs-upload-1-hhdlfk0m47ww-1738161428215-gettyimages-509944220.jpg\"  width=\"728\" height=\"409\" alt=\"Le rappeur Nekfeu a \u00e9t\u00e9 plac\u00e9 en garde \u00e0 vue ce lundi 29\u00a0septembre.\"\/>  <\/p>\n<p>Kristy Sparow \/ Getty Images<\/p>\n<p>Le rappeur Nekfeu a \u00e9t\u00e9 plac\u00e9 en garde \u00e0 vue ce lundi 29\u00a0septembre.<\/p>\n<p class=\"asset asset-text\">FAITS DIVERS &#8211; D\u2019apr\u00e8s les informations de <a href=\"https:\/\/www.liberation.fr\/societe\/police-justice\/affaire-nekfeu-le-rappeur-vise-par-une-plainte-pour-viol-place-en-garde-a-vue-20250929_G6JAEH6QEFAYHPGE7RVCHRWK5U\/\" target=\"_blank\" rel=\"noopener\" title=\"Nouvelle fen\u00eatre\">Lib\u00e9ration <\/a>et <a href=\"https:\/\/www.parismatch.com\/actu\/faits-divers\/info-paris-match-paris-le-rappeur-nekfeu-en-garde-a-vue-pour-viol-257808\" target=\"_blank\" rel=\"noopener\" title=\"Nouvelle fen\u00eatre\">Paris Match<\/a>, le rappeur <a href=\"https:\/\/www.huffingtonpost.fr\/culture\/article\/le-controverse-black-album-de-nekfeu-enregistre-en-2011-fuite-sur-internet_129230.html\" target=\"_blank\" rel=\"noopener\" title=\"Nouvelle fen\u00eatre\">Nekfeu <\/a>a \u00e9t\u00e9 plac\u00e9 en garde \u00e0 vue ce lundi 29\u00a0septembre, dans le cadre d\u2019une nouvelle plainte pour viol et violences d\u00e9pos\u00e9e par son ex-compagne en mars dernier.<\/p>\n<p class=\"asset asset-text\">L\u2019artiste s\u2019\u00e9tait pr\u00e9sent\u00e9 au commissariat du XVe arrondissement de Paris ce lundi afin de r\u00e9pondre aux questions des enqu\u00eateurs. Selon Lib\u00e9ration et Paris Match, la proc\u00e9dure avait \u00e9t\u00e9 class\u00e9e sans suite par le parquet de Paris, avant le d\u00e9p\u00f4t de nouveaux \u00e9l\u00e9ments par la plaignante, notamment des \u00e9changes de SMS.<\/p>\n<p class=\"asset asset-text\">Ken Samaras &#8211; de son vrai nom &#8211; et son ex-compagne Madame B. &#8211; qui ont eu ensemble un enfant &#8211; s\u2019affrontent depuis pr\u00e8s d\u2019un an dans une bataille judiciaire, sur fond d\u2019accusations \u00ab\u00a0contr\u00f4le coercitif\u00a0\u00bb formul\u00e9es par cette derni\u00e8re.<\/p>\n<p>    Plusieurs plaintes d\u00e9pos\u00e9es    <\/p>\n<p class=\"asset asset-text\">En novembre\u00a02024, le Parquet de Paris rappelait les proc\u00e9dures en cours\u00a0: \u00ab\u00a0une plainte pour harc\u00e8lement sur ex-conjoint\u00a0\u00bb, \u00ab\u00a0une d\u00e9nonciation de violence sur ex-conjoint en pr\u00e9sence d\u2019un mineur\u00a0\u00bb et une \u00ab\u00a0une plainte pour viol par conjoint\u00a0\u00bb.<\/p>\n<p class=\"asset asset-text\">De son c\u00f4t\u00e9, Nekfeu a \u00e9galement port\u00e9 plainte plusieurs fois pour non-pr\u00e9sentation d\u2019enfant, alors qu\u2019il avait obtenu la garde de leur jeune gar\u00e7on \u00e0 l\u2019issue de leur s\u00e9paration. Madame B.\u00a0a \u00e9t\u00e9 relax\u00e9e pour une partie de ces faits, et condamn\u00e9e pour d\u2019autres \u00e0 deux mois de prison avec sursis. Elle a fait appel de cette d\u00e9cision.<\/p>\n<p class=\"asset asset-text\">Les avocats du rappeur d\u00e9noncent \u00e9galement une forme de harc\u00e8lement judiciaire de la part de cette ancienne compagne.<\/p>\n","protected":false},"excerpt":{"rendered":"Kristy Sparow \/ Getty Images Le rappeur Nekfeu a \u00e9t\u00e9 plac\u00e9 en garde \u00e0 vue ce lundi 29\u00a0septembre.&hellip;\n","protected":false},"author":2,"featured_media":427513,"comment_status":"","ping_status":"","sticky":false,"template":"","format":"standard","meta":{"footnotes":""},"categories":[8],"tags":[58,59,118,1011,27,31011,1265,809],"class_list":{"0":"post-427512","1":"post","2":"type-post","3":"status-publish","4":"format-standard","5":"has-post-thumbnail","7":"category-divertissement","8":"tag-divertissement","9":"tag-entertainment","10":"tag-faits-divers","11":"tag-fr","12":"tag-france","13":"tag-nekfeu","14":"tag-viol","15":"tag-violence"},"share_on_mastodon":{"url":"https:\/\/pubeurope.com\/@fr\/115290829242210313","error":""},"_links":{"self":[{"href":"https:\/\/www.europesays.com\/fr\/wp-json\/wp\/v2\/posts\/427512","targetHints":{"allow":["GET"]}}],"collection":[{"href":"https:\/\/www.europesays.com\/fr\/wp-json\/wp\/v2\/posts"}],"about":[{"href":"https:\/\/www.europesays.com\/fr\/wp-json\/wp\/v2\/types\/post"}],"author":[{"embeddable":true,"href":"https:\/\/www.europesays.com\/fr\/wp-json\/wp\/v2\/users\/2"}],"replies":[{"embeddable":true,"href":"https:\/\/www.europesays.com\/fr\/wp-json\/wp\/v2\/comments?post=427512"}],"version-history":[{"count":0,"href":"https:\/\/www.europesays.com\/fr\/wp-json\/wp\/v2\/posts\/427512\/revisions"}],"wp:featuredmedia":[{"embeddable":true,"href":"https:\/\/www.europesays.com\/fr\/wp-json\/wp\/v2\/media\/427513"}],"wp:attachment":[{"href":"https:\/\/www.europesays.com\/fr\/wp-json\/wp\/v2\/media?parent=427512"}],"wp:term":[{"taxonomy":"category","embeddable":true,"href":"https:\/\/www.europesays.com\/fr\/wp-json\/wp\/v2\/categories?post=427512"},{"taxonomy":"post_tag","embeddable":true,"href":"https:\/\/www.europesays.com\/fr\/wp-json\/wp\/v2\/tags?post=427512"}],"curies":[{"name":"wp","href":"https:\/\/api.w.org\/{rel}","templated":true}]}}