{"id":427516,"date":"2025-09-30T02:14:10","date_gmt":"2025-09-30T02:14:10","guid":{"rendered":"https:\/\/www.europesays.com\/fr\/427516\/"},"modified":"2025-09-30T02:14:10","modified_gmt":"2025-09-30T02:14:10","slug":"youtube-accepte-de-verser-22-millions-de-dollars-pour-solder-un-contentieux-avec-donald-trump","status":"publish","type":"post","link":"https:\/\/www.europesays.com\/fr\/427516\/","title":{"rendered":"YouTube accepte de verser 22 millions de dollars pour solder un contentieux avec Donald Trump"},"content":{"rendered":"<p>Le site de vid\u00e9os en ligne est la derni\u00e8re plateforme \u00e0 s\u2019entendre avec le pr\u00e9sident am\u00e9ricain pour solder un contentieux entam\u00e9 en juillet 2021.<\/p>\n<p class=\"fig-paragraph\"><a href=\"https:\/\/www.lefigaro.fr\/tag\/youtube\" target=\"_blank\" rel=\"sponsored noopener\" data-gtm-custom-categorie=\"navigation\" data-gtm-custom-action=\"crossclick\" data-gtm-custom-label=\"Contextuel\" data-gtm-event=\"customEventSPE\">YouTube<\/a>\u00a0va verser 22 millions de dollars pour mettre fin aux poursuites entam\u00e9es par\u00a0<a href=\"https:\/\/www.lefigaro.fr\/tag\/donald-trump\" target=\"_blank\" rel=\"sponsored noopener\" data-gtm-custom-categorie=\"navigation\" data-gtm-custom-action=\"crossclick\" data-gtm-custom-label=\"Contextuel\" data-gtm-event=\"customEventSPE\">Donald Trump<\/a>\u00a0apr\u00e8s la suspension de son compte par la filiale de Google, cons\u00e9cutive \u00e0 l\u2019assaut du Capitole le 6 janvier 2021, selon un document judiciaire publi\u00e9 lundi.<\/p>\n<p class=\"fig-paragraph\">Le site de vid\u00e9os en ligne est la derni\u00e8re plateforme \u00e0 s\u2019entendre avec le pr\u00e9sident am\u00e9ricain pour solder un contentieux entam\u00e9 en juillet 2021, apr\u00e8s Meta et X (ex-Twitter).<\/p>\n<p>                                    <a class=\"fig-a11y-skip a11y-hidden\" href=\"#fig-a11y-skip-main-inarticle\"><br \/>\n        Passer la publicit\u00e9<br \/>\n    <\/a><\/p>\n<p class=\"fig-paragraph\">Les avocats du chef de l\u2019\u00c9tat ont indiqu\u00e9 que la somme serait revers\u00e9e \u00e0 un trust qui a notamment pour mission de financer la construction d\u2019une gigantesque salle de bal \u00e0 la Maison-Blanche.<\/p>\n<p>Assaut du Capitole<\/p>\n<p class=\"fig-paragraph\">Le 12 janvier 2021, YouTube avait suspendu le compte de Donald Trump au motif que l\u2019ancien promoteur immobilier avait enfreint le r\u00e8glement de la plateforme en appelant \u00e0 contester physiquement le r\u00e9sultat du scrutin pr\u00e9sidentiel de 2020. Le 6 janvier, des centaines de manifestants avaient pris d\u2019assaut le Capitole pour protester contre l\u2019homologation de la victoire de Joe Biden, un \u00e9v\u00e9nement qui avait choqu\u00e9 les \u00c9tats-Unis et le monde et provoqu\u00e9 la mort de cinq personnes. YouTube n\u2019avait r\u00e9tabli le compte de Donald Trump qu\u2019en mars 2023.<\/p>\n<p class=\"fig-paragraph\">\u00c9galement accus\u00e9 par Donald Trump d\u2019avoir injustement ferm\u00e9 son compte, Meta (Facebook) avait consenti fin janvier 2025 \u00e0 s\u2019acquitter de 21 millions de dollars pour \u00e9viter un proc\u00e8s, imit\u00e9, quelques semaines plus tard, par X, \u00e0 hauteur de 10 millions.<\/p>\n<p>\u00abCapitulation honteuse\u00bb<\/p>\n<p class=\"fig-paragraph\">Dans le cas de YouTube, la filiale de Google (qui appartient lui-m\u00eame au groupe Alphabet) n\u2019a reconnu aucun tort et ne s\u2019est pas engag\u00e9e \u00e0 une action corrective. Elle s\u2019\u00e9vite ainsi un proc\u00e8s, dont la date n\u2019avait pas encore \u00e9t\u00e9 fix\u00e9e.<\/p>\n<p class=\"fig-paragraph\">Pourtant, de nombreux juristes ont estim\u00e9, depuis l\u2019assignation, que les arguments juridiques de Donald Trump \u00e9taient insuffisants pour envisager une d\u00e9cision favorable devant un tribunal. YouTube, Meta ou X \u00e9tant des entreprises priv\u00e9es, disaient-ils, rien ne les emp\u00eache de r\u00e9guler le contenu qui est publi\u00e9 ou non sur leurs plateformes, ce principe primant sur celui d\u2019une possible atteint \u00e0 la libert\u00e9 d\u2019expression.<\/p>\n<p>                                    <a class=\"fig-a11y-skip a11y-hidden\" href=\"#fig-a11y-skip-main-inarticle_mtf\"><br \/>\n        Passer la publicit\u00e9<br \/>\n    <\/a><\/p>\n<p class=\"fig-paragraph\">L\u2019observatoire des m\u00e9dias Media Matters voit dans la d\u00e9cision de YouTube une \u00abcapitulation honteuse et de courte vue\u00bb. \u00abSe soumettre sans raison maintenant revient \u00e0 encourager Trump et ses efforts visant \u00e0 \u00e9touffer les voies dissidentes en mettant au pas les m\u00e9dias et les plateformes en ligne\u00bb, a ajout\u00e9 Angelo Carusone, le pr\u00e9sident de cette association class\u00e9e \u00e0 gauche.<\/p>\n<p>Trump r\u00e8gle ses comptes avec les groupes de m\u00e9dias<\/p>\n<p class=\"fig-paragraph\">Outre Meta et X, la transaction avec YouTube intervient apr\u00e8s des accords amiables entre le pr\u00e9sident am\u00e9ricain et plusieurs groupes de m\u00e9dias poursuivis par Donald Trump.<\/p>\n<p class=\"fig-paragraph\">En juillet, CBS s\u2019est engag\u00e9 \u00e0 d\u00e9bourser 16 millions de dollars pour clore une proc\u00e9dure li\u00e9e \u00e0 une interview de l\u2019ancienne candidate d\u00e9mocrate \u00e0 la pr\u00e9sidence des \u00c9tats-Unis, Kamala Harris, en pleine campagne. Donald Trump reprochait \u00e0 la cha\u00eene d\u2019avoir \u00e9dit\u00e9 un passage de l\u2019entretien dans lequel l\u2019ex vice-pr\u00e9sidente r\u00e9pondait de fa\u00e7on \u00abincoh\u00e9rente\u00bb.<\/p>\n<p class=\"fig-paragraph\">En d\u00e9cembre, ABC, d\u00e9j\u00e0, avait accept\u00e9 de r\u00e9gler un autre contentieux aussi initi\u00e9 par le milliardaire r\u00e9publicain, en d\u00e9boursant 15 millions de dollars.<\/p>\n<p class=\"fig-paragraph\">Dans le cadre du compromis de lundi, qui doit encore \u00eatre valid\u00e9 par une juge f\u00e9d\u00e9rale d\u2019Oakland en Californie, YouTube va \u00e9galement payer 2,5 millions de dollars \u00e0 d\u2019autres titulaires de comptes \u00e9galement suspendus apr\u00e8s les \u00e9v\u00e9nements du 6 janvier. Figurent notamment parmi eux les personnalit\u00e9s conservatrices Austen Fletcher et Naomi Wolf, qui relaient r\u00e9guli\u00e8rement des th\u00e9ories conspirationnistes.<\/p>\n","protected":false},"excerpt":{"rendered":"Le site de vid\u00e9os en ligne est la derni\u00e8re plateforme \u00e0 s\u2019entendre avec le pr\u00e9sident am\u00e9ricain pour solder&hellip;\n","protected":false},"author":2,"featured_media":427517,"comment_status":"","ping_status":"","sticky":false,"template":"","format":"standard","meta":{"footnotes":""},"categories":[6],"tags":[35,75,33,34,1011,27,2784],"class_list":{"0":"post-427516","1":"post","2":"type-post","3":"status-publish","4":"format-standard","5":"has-post-thumbnail","7":"category-economie","8":"tag-business","9":"tag-donald-trump","10":"tag-economie","11":"tag-economy","12":"tag-fr","13":"tag-france","14":"tag-youtube"},"share_on_mastodon":{"url":"https:\/\/pubeurope.com\/@fr\/115290837090646557","error":""},"_links":{"self":[{"href":"https:\/\/www.europesays.com\/fr\/wp-json\/wp\/v2\/posts\/427516","targetHints":{"allow":["GET"]}}],"collection":[{"href":"https:\/\/www.europesays.com\/fr\/wp-json\/wp\/v2\/posts"}],"about":[{"href":"https:\/\/www.europesays.com\/fr\/wp-json\/wp\/v2\/types\/post"}],"author":[{"embeddable":true,"href":"https:\/\/www.europesays.com\/fr\/wp-json\/wp\/v2\/users\/2"}],"replies":[{"embeddable":true,"href":"https:\/\/www.europesays.com\/fr\/wp-json\/wp\/v2\/comments?post=427516"}],"version-history":[{"count":0,"href":"https:\/\/www.europesays.com\/fr\/wp-json\/wp\/v2\/posts\/427516\/revisions"}],"wp:featuredmedia":[{"embeddable":true,"href":"https:\/\/www.europesays.com\/fr\/wp-json\/wp\/v2\/media\/427517"}],"wp:attachment":[{"href":"https:\/\/www.europesays.com\/fr\/wp-json\/wp\/v2\/media?parent=427516"}],"wp:term":[{"taxonomy":"category","embeddable":true,"href":"https:\/\/www.europesays.com\/fr\/wp-json\/wp\/v2\/categories?post=427516"},{"taxonomy":"post_tag","embeddable":true,"href":"https:\/\/www.europesays.com\/fr\/wp-json\/wp\/v2\/tags?post=427516"}],"curies":[{"name":"wp","href":"https:\/\/api.w.org\/{rel}","templated":true}]}}