{"id":427522,"date":"2025-09-30T02:17:19","date_gmt":"2025-09-30T02:17:19","guid":{"rendered":"https:\/\/www.europesays.com\/fr\/427522\/"},"modified":"2025-09-30T02:17:19","modified_gmt":"2025-09-30T02:17:19","slug":"asse-le-rendez-vous-de-didier-bigard-de-la-suffisance-ou-de-linconscience","status":"publish","type":"post","link":"https:\/\/www.europesays.com\/fr\/427522\/","title":{"rendered":"ASSE \u2013 Le rendez-vous de Didier Bigard\u00a0: \u00ab\u00a0De la suffisance ou de l\u2019inconscience\u00a0\u00bb"},"content":{"rendered":"<p><strong>Ancien responsable des sports au Progr\u00e8s, Didier Bigard estime que la premi\u00e8re d\u00e9faite de la saison de l\u2019ASSE a de quoi mod\u00e9rer les enthousiasmes. Il note un certaine suffisance dans leur prestation et leurs attitudes.<\/strong><\/p>\n<p>Pr\u00e9sent samedi au stade Geoffroy-Guichard, G\u00e9rald Passi, responsable du scouting \u00e0 Troyes a salu\u00e9 la prestation des Guingampais \u00ab\u00a0le meilleur match\u00a0\u00bb qu\u2019il leur ai vu faire. Cela ne consolera pas les St\u00e9phanois dont l\u2019ancien Vert a peu parl\u00e9, sinon pour relever \u00e0 la mi-temps que leur \u00e9quipe se retrouvait coup\u00e9e en deux. Pas de quoi modifier son analyse d\u00e9livr\u00e9e avant le coup d\u2019envoi, des forces en pr\u00e9sence dans cette Ligue 2 o\u00f9 l\u2019ASSE fait figure de grandissime favori avec ses talents offensifs.<\/p>\n<p>On a pourtant quelques raisons de mod\u00e9rer les enthousiasmes, tel ceux qui avaient salu\u00e9 les d\u00e9buts officiels de Joshua Duffus. Quarante cinq minutes lumineuses\u2026 avant que la lumi\u00e8re vacille. Zuriko Davitashvili a eu, depuis un an, plus d\u2019occasions, de briller ou plut\u00f4t de soigner ses stats entre passes d\u00e9cisives et jolis buts. Mais on ne va pas r\u00e9p\u00e9ter sans cesse qu\u2019on attend qu\u2019il d\u00e9fende, qu\u2019il soit constant et encore plus quand derri\u00e8re lui, il y a Ebenezer Annan peu convaincant. Ce fut \u00e0 peine mieux \u00e0 droite o\u00f9 Augustine Boakye a mis du temps \u00e0 prendre la mesure de l\u2019engagement n\u00e9cessaire.<\/p>\n<p>Pas de sauveur ni dans les buts ni en attaque\u00a0<\/p>\n<p>Cela fait pas mal de trou dans la raquette et ils ont \u00e9t\u00e9 \u00e9largis par un milieu d\u00e9faillant, \u00e0 l\u2019image d\u2019A\u00efmen Moueffek malhabile ou Mahmoud Jaber, pas au top physiquement. Voil\u00e0 comment on livre sa d\u00e9fense \u00e0 l\u2019adversaire avec en prime des frappes offertes sur un plateau, des ballons renvoy\u00e9s dans l\u2019axe. Gautier Larsonneur n\u2019a pas r\u00e9ussi son meilleur match, n\u2019a pas \u00e9t\u00e9 le sauveur qu\u2019il est parfois, pas plus que Lucas Stassin.<\/p>\n<p>Les jambes \u00e9taient-elles lourdes? Eirik Horneland dit n\u2019avoir rien vu venir dans la semaine, ce qui interroge. C\u2019\u00e9tait la troisi\u00e8me rencontre en huit jours et on ne peut pas \u00e9crire qu\u2019il ait cherch\u00e9 \u00e0 m\u00e9nager les organismes en n\u2019effectuant qu\u2019un seul changement par rapport \u00e0 l\u2019\u00e9quipe d\u00e9j\u00e0 bouscul\u00e9e \u00e0 Amiens (Moueffek pour Miladinovic) et en alignant Annan pour la troisi\u00e8me fois cons\u00e9cutive alors qu\u2019il rel\u00e8ve de blessure. Enfin, malgr\u00e9 de nombreuses solutions offensives, on sait qu\u2019il n\u2019est pas adepte de grande nouveaut\u00e9. Il en faudra pourtant pour surprendre des adversaires qui savent lire son jeu.<\/p>\n<p>Ces choix n\u2019exon\u00e8rent pas ses hommes, ceux qui ont peu couru, pensent que la mont\u00e9e est acquise sur le papier, ont fait preuve de suffisance. A moins que ce ne soit de l\u2019inconscience, une m\u00e9connaissance de cette r\u00e9alit\u00e9 rappel\u00e9e par Larsonneur \u00ab\u00a0Ce n\u2019est pas en s\u2019appelant Saint-\u00c9tienne qu\u2019on va nous donner des points\u00a0\u00bb.<\/p>\n<p><strong>Didier Bigard\u00a0<\/strong><\/p>\n","protected":false},"excerpt":{"rendered":"Ancien responsable des sports au Progr\u00e8s, Didier Bigard estime que la premi\u00e8re d\u00e9faite de la saison de l\u2019ASSE&hellip;\n","protected":false},"author":2,"featured_media":427523,"comment_status":"","ping_status":"","sticky":false,"template":"","format":"standard","meta":{"footnotes":""},"categories":[2],"tags":[11,448,63,1011,27,66,3388,12,10662],"class_list":{"0":"post-427522","1":"post","2":"type-post","3":"status-publish","4":"format-standard","5":"has-post-thumbnail","7":"category-actualites","8":"tag-actualites","9":"tag-champions-league","10":"tag-football","11":"tag-fr","12":"tag-france","13":"tag-ligue-1","14":"tag-matchs","15":"tag-news","16":"tag-transferts"},"share_on_mastodon":{"url":"https:\/\/pubeurope.com\/@fr\/115290848982204397","error":""},"_links":{"self":[{"href":"https:\/\/www.europesays.com\/fr\/wp-json\/wp\/v2\/posts\/427522","targetHints":{"allow":["GET"]}}],"collection":[{"href":"https:\/\/www.europesays.com\/fr\/wp-json\/wp\/v2\/posts"}],"about":[{"href":"https:\/\/www.europesays.com\/fr\/wp-json\/wp\/v2\/types\/post"}],"author":[{"embeddable":true,"href":"https:\/\/www.europesays.com\/fr\/wp-json\/wp\/v2\/users\/2"}],"replies":[{"embeddable":true,"href":"https:\/\/www.europesays.com\/fr\/wp-json\/wp\/v2\/comments?post=427522"}],"version-history":[{"count":0,"href":"https:\/\/www.europesays.com\/fr\/wp-json\/wp\/v2\/posts\/427522\/revisions"}],"wp:featuredmedia":[{"embeddable":true,"href":"https:\/\/www.europesays.com\/fr\/wp-json\/wp\/v2\/media\/427523"}],"wp:attachment":[{"href":"https:\/\/www.europesays.com\/fr\/wp-json\/wp\/v2\/media?parent=427522"}],"wp:term":[{"taxonomy":"category","embeddable":true,"href":"https:\/\/www.europesays.com\/fr\/wp-json\/wp\/v2\/categories?post=427522"},{"taxonomy":"post_tag","embeddable":true,"href":"https:\/\/www.europesays.com\/fr\/wp-json\/wp\/v2\/tags?post=427522"}],"curies":[{"name":"wp","href":"https:\/\/api.w.org\/{rel}","templated":true}]}}