{"id":427524,"date":"2025-09-30T02:18:58","date_gmt":"2025-09-30T02:18:58","guid":{"rendered":"https:\/\/www.europesays.com\/fr\/427524\/"},"modified":"2025-09-30T02:18:58","modified_gmt":"2025-09-30T02:18:58","slug":"le-chambon-feugerolles-jean-francois-barnier-a-ete-fait-chevalier-de-la-legion-dhonneur","status":"publish","type":"post","link":"https:\/\/www.europesays.com\/fr\/427524\/","title":{"rendered":"Le Chambon-Feugerolles. Jean-Fran\u00e7ois Barnier a \u00e9t\u00e9 fait Chevalier de la L\u00e9gion d\u2019honneur"},"content":{"rendered":"<p>C\u2019est \u00e0 l\u2019homme publique que le maire David Fara, la d\u00e9put\u00e9e <a href=\"https:\/\/www.leprogres.fr\/p\/sylvie-bonnet\" target=\"_blank\" rel=\"noopener\">Sylvie Bonnet<\/a>, <a href=\"https:\/\/www.leprogres.fr\/p\/georges-ziegler\" target=\"_blank\" rel=\"noopener\">Georges Ziegler<\/a> pr\u00e9sident du d\u00e9partement de la Loire, et le pr\u00e9sident de la soci\u00e9t\u00e9 des membres de la L\u00e9gion d\u2019honneur, Paul Michel, ont fait valoir le m\u00e9rite de ses longues ann\u00e9es d\u2019engagements.<\/p>\n<p>\u00ab\u00a0Cet insigne int\u00e8gre les id\u00e9aux de solidarit\u00e9 et de d\u00e9mocratie qui ont inspir\u00e9 vos actions. Pendant trente-deux ans, vous avez conduit avec votre \u00e9quipe, une politique d\u2019urbanisme audacieuse qui a permis la r\u00e9novation et la cr\u00e9ation d\u2019espaces publics, de logements et de b\u00e2timents\u2026 Vous \u00eates un \u00e9lu exemplaire\u00a0\u00bb, a d\u00e9clar\u00e9 Paul Michel, en remettant \u00e0 Jean-Fran\u00e7ois Barnier, la plus haute d\u00e9coration honorifique de la R\u00e9publique. \u00ab\u00a0Vous entrez dans le prestigieux Ordre de la L\u00e9gion d\u2019honneur.\u00a0\u00bb<\/p>\n<p>  \u00ab\u00a0je n\u2019oublie pas qu\u2019il s\u2019agit d\u2019un travail commun\u00a0\u00bb<\/p>\n<p>Visiblement tr\u00e8s touch\u00e9, l\u2019ancien maire Chambonnaire a fait part de sa gratitude\u00a0: \u00ab\u00a0Sans doute un moment des plus marquants de ma vie publique. S\u2019il n\u2019y a qu\u2019une r\u00e9compense aujourd\u2019hui, je n\u2019oublie pas qu\u2019il s\u2019agit d\u2019un travail commun\u00a0\u00bb, a-t-il lanc\u00e9 \u00e0 l\u2019assembl\u00e9e d\u2019invit\u00e9s.<\/p>\n<p>Plusieurs conseillers d\u00e9partementaux et maires \u00e9taient dans les rangs. Puis s\u2019adressant \u00e0 son \u00e9pouse, \u00c9liane\u00a0: \u00ab\u00a0Tu as accept\u00e9 que la vie publique occupe tant de place dans la n\u00f4tre. Sans ton soutien ind\u00e9fectible, rien n\u2019aurait \u00e9t\u00e9 possible.\u00a0\u00bb<\/p>\n<p>Celui qui a laiss\u00e9 sa place au maire actuel, en 2020, d\u00e9tient un parcours exceptionnel. En 1966, il co-fonde l\u2019association des Copains de Cotatay-Montrambert et cr\u00e9e la Maison des jeunes et de la culture. Il entre au conseil municipal en 1971, devient adjoint sous le mandat d\u2019Andr\u00e9 Cognet, en charge de la culture, de la vie associative, des affaires europ\u00e9ennes, ou encore de l\u2019urbanisme et des services techniques.<\/p>\n<p>Andr\u00e9 Cognet d\u00e9c\u00e8de brutalement en 1988, il sera propuls\u00e9 maire de la ville pendant plus de trente ans. En parall\u00e8le, d\u2019autres responsabilit\u00e9s le conduisent au Conseil r\u00e9gional Rh\u00f4ne-Alpes, au D\u00e9partement Loire, \u00e0 Saint-Etienne M\u00e9tropole, ainsi qu\u2019\u00e0 la pr\u00e9sidence du Syndicat Intercommunal de la vall\u00e9e de l\u2019Ondaine pendant vingt ans.<\/p>\n<p>  \u00ab\u00a0Son nom est indissociable de celui de notre commune\u00a0\u00bb<\/p>\n<p>Il endossera un r\u00f4le actif au sein du Comit\u00e9 europ\u00e9en des r\u00e9gions et sera \u00e9lu pr\u00e9sident des associations des maires de la Loire de 2008 \u00e0 2021. \u00ab\u00a0Il est rare pour un maire de rendre hommage \u00e0 son pr\u00e9d\u00e9cesseur. Sa vie enti\u00e8re a \u00e9t\u00e9 consacr\u00e9e au service public, son nom est indissociable de celui de notre commune\u00a0\u00bb, souligne David Fara. Pour la d\u00e9put\u00e9e Sylvie Bonnet, \u00ab\u00a0c\u2019est une personnalit\u00e9 profond\u00e9ment humaine. Son engagement inspirera les futures g\u00e9n\u00e9rations.\u00a0\u00bb<\/p>\n","protected":false},"excerpt":{"rendered":"C\u2019est \u00e0 l\u2019homme publique que le maire David Fara, la d\u00e9put\u00e9e Sylvie Bonnet, Georges Ziegler pr\u00e9sident du d\u00e9partement&hellip;\n","protected":false},"author":2,"featured_media":427525,"comment_status":"","ping_status":"","sticky":false,"template":"","format":"standard","meta":{"footnotes":""},"categories":[9653],"tags":[1111,11,2430,12162,7539,1777,674,1011,27,12161,12,316,25,4001],"class_list":{"0":"post-427524","1":"post","2":"type-post","3":"status-publish","4":"format-standard","5":"has-post-thumbnail","7":"category-saint-etienne","8":"tag-actu","9":"tag-actualites","10":"tag-auvergne-rhone-alpes","11":"tag-chambon-feugerolles-ville","12":"tag-edition-loire-sud","13":"tag-eu","14":"tag-europe","15":"tag-fr","16":"tag-france","17":"tag-le-chambon-feugerolles","18":"tag-news","19":"tag-politique","20":"tag-republique-francaise","21":"tag-saint-etienne"},"share_on_mastodon":{"url":"https:\/\/pubeurope.com\/@fr\/115290856662498583","error":""},"_links":{"self":[{"href":"https:\/\/www.europesays.com\/fr\/wp-json\/wp\/v2\/posts\/427524","targetHints":{"allow":["GET"]}}],"collection":[{"href":"https:\/\/www.europesays.com\/fr\/wp-json\/wp\/v2\/posts"}],"about":[{"href":"https:\/\/www.europesays.com\/fr\/wp-json\/wp\/v2\/types\/post"}],"author":[{"embeddable":true,"href":"https:\/\/www.europesays.com\/fr\/wp-json\/wp\/v2\/users\/2"}],"replies":[{"embeddable":true,"href":"https:\/\/www.europesays.com\/fr\/wp-json\/wp\/v2\/comments?post=427524"}],"version-history":[{"count":0,"href":"https:\/\/www.europesays.com\/fr\/wp-json\/wp\/v2\/posts\/427524\/revisions"}],"wp:featuredmedia":[{"embeddable":true,"href":"https:\/\/www.europesays.com\/fr\/wp-json\/wp\/v2\/media\/427525"}],"wp:attachment":[{"href":"https:\/\/www.europesays.com\/fr\/wp-json\/wp\/v2\/media?parent=427524"}],"wp:term":[{"taxonomy":"category","embeddable":true,"href":"https:\/\/www.europesays.com\/fr\/wp-json\/wp\/v2\/categories?post=427524"},{"taxonomy":"post_tag","embeddable":true,"href":"https:\/\/www.europesays.com\/fr\/wp-json\/wp\/v2\/tags?post=427524"}],"curies":[{"name":"wp","href":"https:\/\/api.w.org\/{rel}","templated":true}]}}