{"id":427540,"date":"2025-09-30T02:28:36","date_gmt":"2025-09-30T02:28:36","guid":{"rendered":"https:\/\/www.europesays.com\/fr\/427540\/"},"modified":"2025-09-30T02:28:36","modified_gmt":"2025-09-30T02:28:36","slug":"concert-orelsan-tournee-a-rouen-2026","status":"publish","type":"post","link":"https:\/\/www.europesays.com\/fr\/427540\/","title":{"rendered":"Concert Orelsan &#8211; Tourn\u00e9e \u00e0 Rouen 2026"},"content":{"rendered":"<p class=\"fw-bold font-size-16 my-1\"> Le 16\/03\/2026<\/p>\n<p class=\"fw-bold font-size-16 my-1\"> <a class=\"mr-2\" href=\"https:\/\/www.jds.fr\/rouen\/le-grand-quevilly\/salle-de-concert\/zenith-de-rouen-15867_L\" rel=\"nofollow noopener\" target=\"_blank\">Z\u00e9nith de Rouen<\/a> | <a href=\"https:\/\/www.jds.fr\/rouen\/le-grand-quevilly-31127_V\" rel=\"nofollow noopener\" target=\"_blank\">Le Grand-Quevilly<\/a><\/p>\n<p class=\"fw-bold font-size-16 my-1\"> <a href=\"https:\/\/www.jds.fr\/artistes\/orelsan-1008_N\" rel=\"nofollow noopener\" target=\"_blank\">Orelsan : dates de la tourn\u00e9e<\/a><\/p>\n<p class=\"fw-bold font-size-16 my-1\"> 45 \u20ac &#8211; 75 \u20ac <\/p>\n<p class=\"intro\">Orelsan &#8211; Tourn\u00e9e en concert \u00e0 Rouen (Z\u00e9nith de Rouen Le Grand-Quevilly), le 16 mars 2026. Toutes les informations pratiques (tarifs, billetterie, plan de salle) pour ce concert sont \u00e0 retrouver sur cette page. R\u00e9servez d\u00e8s maintenant vos places pour assister \u00e0 ce <a href=\"https:\/\/www.jds.fr\/rouen\/agenda\/musique-et-concerts-96_B\" rel=\"nofollow noopener\" target=\"_blank\">concert \u00e0 Rouen<\/a>\u00a0!<\/p>\n<p><img decoding=\"async\" loading=\"lazy\" src=\"https:\/\/www.europesays.com\/fr\/wp-content\/uploads\/2025\/09\/orelsan-tickets_446145_3603670_222x222.jpg\" alt=\"Orelsan - Tourn\u00e9e\" class=\"border\"\/><\/p>\n<p>Le concert d&rsquo;Orelsan \u00e0 Rouen (Le Grand-Quevilly) en 2026<\/p>\n<p>Orelsan en concert au Grand-Quevilly (Z\u00e9nith de Rouen) lundi 16 Mars 2026 \u00e0 20h.<\/p>\n<p>Orelsan, le rappeur embl\u00e9matique de la sc\u00e8ne fran\u00e7aise, offre des concerts m\u00e9morables qui captivent le public par leur \u00e9nergie et leur authenticit\u00e9. Avec des performances sc\u00e9niques remarquables, il sait allier textes percutants et mise en sc\u00e8ne dynamique, cr\u00e9ant une v\u00e9ritable communion avec ses fans. Chaque concert est une exp\u00e9rience immersive o\u00f9 les titres phares comme\u00a0\u00ab\u00a0Basique\u00a0\u00bb et\u00a0\u00ab\u00a0La pluie\u00a0\u00bb r\u00e9sonnent intens\u00e9ment, tandis que ses nouvelles cr\u00e9ations s\u00e9duisent par leur originalit\u00e9. La qualit\u00e9 sonore, les jeux de lumi\u00e8re spectaculaires et l&rsquo;interaction constante avec le public font de ses prestations live un \u00e9v\u00e9nement incontournable pour les amateurs de musique urbaine. En assistant \u00e0 un concert d&rsquo;Orelsan, on d\u00e9couvre toute la puissance et la sensibilit\u00e9 de son univers artistique, renfor\u00e7ant son statut d&rsquo;artiste incontournable sur la sc\u00e8ne musicale actuelle.<\/p>\n<p class=\"mise_en_avant\">Orelsan est r\u00e9guli\u00e8rement en tourn\u00e9e dans toute la France\u00a0: retrouvez les <a href=\"https:\/\/www.jds.fr\/artistes\/orelsan-1008_N\" class=\"tde-underline\" rel=\"nofollow noopener\" target=\"_blank\">concerts d&rsquo;Orelsan<\/a> pr\u00e8s de chez vous.<\/p>\n<p>Billetterie pour le concert d&rsquo;Orelsan \u00e0 Rouen<\/p>\n<p><a class=\"btn btn-lg shadow-lg btn-primary rounded-pill fnac_link\" data-fnac=\"in_article\" href=\"https:\/\/www.awin1.com\/pclick.php?p=42598986449&amp;a=634278&amp;m=12494&amp;clickref=in_article-A-desktop\" target=\"_blank\" rel=\"nofollow noopener\"> Acheter des billets<\/a><\/p>\n<p>Les places pour le <strong>prochain concert d&rsquo;Orelsan \u00e0 Rouen<\/strong> sont en vente sur la billetterie en ligne.<br \/>R\u00e9servez vos billets d\u00e8s maintenant pour vivre un moment de musique intense avec Orelsan sur sc\u00e8ne\u00a0!<\/p>\n<p>Vous pouvez aussi r\u00e9server vos <a href=\"https:\/\/www.jds.fr\/marseille\/concerts\/rap\/orelsan-tournee-1194840_A\" rel=\"nofollow noopener\" target=\"_blank\">places pour le concert d&rsquo;Orelsan \u00e0 Marseille<\/a>.<\/p>\n<p>Orelsan &#8211; Tourn\u00e9e<\/p>\n<p><strong>Pr\u00e9sent\u00e9 par Ast\u00e9rios Spectacles (L-R-25-3420 \/ L-R-25-3421).<\/strong> \u00ab On vous a pr\u00e9par\u00e9 une toute nouvelle tourn\u00e9e, pleine de surprises \u00bb. OrelSan revient sur sc\u00e8ne avec un spectacle in\u00e9dit, encore plus fort et inattendu. La tourn\u00e9e 2026 s&rsquo;annonce d\u00e9j\u00e0 comme le rendez-vous immanquable. R\u00e9servez d\u00e8s maintenant vos places pour vivre l&rsquo;\u00e9v\u00e9nement incontournable de l&rsquo;ann\u00e9e\u00a0!<\/p>\n<p>Dans la m\u00eame rubrique<\/p>\n<ul class=\"mt-3 list-unstyled list-articles-v2\">\n<li class=\"col-12 pt-4\" data-view-id-type=\"1\" data-view-id=\"364044\" data-view-bc=\"0\"><a href=\"https:\/\/www.jds.fr\/rouen\/agenda\/chanson-francaise-136_B\" class=\"lh-sm\" rel=\"nofollow noopener\" target=\"_blank\">Chanson fran\u00e7aise \u00e0 Rouen<\/a><a class=\"d-block titre text-black mb-1 mb-md-2\" href=\"https:\/\/www.jds.fr\/rouen\/concerts\/chanson-francaise\/julien-dore-364044_A\" rel=\"nofollow noopener\" target=\"_blank\">Julien Dor\u00e9<\/a>Du 04\/10\/2025 au 21\/03\/2026<a href=\"https:\/\/www.jds.fr\/rouen\/le-grand-quevilly\/salle-de-concert\/zenith-de-rouen-15867_L\" class=\"lieu font-size-14 text-gray-700 d-block lh-sm my-1\" rel=\"nofollow noopener\" target=\"_blank\"> Z\u00e9nith de Rouen &#8211; Le Grand-Quevilly<\/a>Julien Dor\u00e9 en concert \u00e0 Rouen (Z\u00e9nith de Rouen Le Grand-Quevilly), les 4 octobre 2025 et 21 mars 2026. Toutes les informations pratiques (tarifs, billetterie, plan de salle) [\u2026]<a class=\"image\" href=\"https:\/\/www.jds.fr\/rouen\/concerts\/chanson-francaise\/julien-dore-364044_A\" rel=\"nofollow noopener\" target=\"_blank\"><img decoding=\"async\" loading=\"lazy\" src=\"https:\/\/www.europesays.com\/fr\/wp-content\/uploads\/2025\/09\/1759199309_480_\" width=\"180\" height=\"180\" alt=\"Julien Dor\u00e9\"\/><\/a><\/li>\n<li class=\"col-12 pt-4\" data-view-id-type=\"1\" data-view-id=\"395193\" data-view-bc=\"0\"><a href=\"https:\/\/www.jds.fr\/rouen\/agenda\/chanson-francaise-136_B\" class=\"lh-sm\" rel=\"nofollow noopener\" target=\"_blank\">Chanson fran\u00e7aise \u00e0 Rouen<\/a><a class=\"d-block titre text-black mb-1 mb-md-2\" href=\"https:\/\/www.jds.fr\/rouen\/concerts\/chanson-francaise\/lara-fabian-395193_A\" rel=\"nofollow noopener\" target=\"_blank\">Lara Fabian<\/a>Le 07\/10\/2025<a href=\"https:\/\/www.jds.fr\/rouen\/le-grand-quevilly\/salle-de-concert\/zenith-de-rouen-15867_L\" class=\"lieu font-size-14 text-gray-700 d-block lh-sm my-1\" rel=\"nofollow noopener\" target=\"_blank\"> Z\u00e9nith de Rouen &#8211; Le Grand-Quevilly<\/a>Lara Fabian en concert \u00e0 Rouen (Z\u00e9nith de Rouen Le Grand-Quevilly), le 7 octobre 2025. Toutes les informations pratiques (tarifs, billetterie, plan de salle) pour ce concert sont [\u2026]<a class=\"image\" href=\"https:\/\/www.jds.fr\/rouen\/concerts\/chanson-francaise\/lara-fabian-395193_A\" rel=\"nofollow noopener\" target=\"_blank\"><img decoding=\"async\" loading=\"lazy\" src=\"https:\/\/www.europesays.com\/fr\/wp-content\/uploads\/2025\/09\/1759199310_292_\" width=\"180\" height=\"180\" alt=\"Lara Fabian\"\/><\/a><\/li>\n<li class=\"li_gp_div\">\n<\/li>\n<li class=\"col-12 pt-4\" data-view-id-type=\"1\" data-view-id=\"599069\" data-view-bc=\"0\"><a href=\"https:\/\/www.jds.fr\/rouen\/agenda\/chanson-francaise-136_B\" class=\"lh-sm\" rel=\"nofollow noopener\" target=\"_blank\">Chanson fran\u00e7aise \u00e0 Rouen<\/a><a class=\"d-block titre text-black mb-1 mb-md-2\" href=\"https:\/\/www.jds.fr\/rouen\/concerts\/chanson-francaise\/l-heritage-goldman-2-599069_A\" rel=\"nofollow noopener\" target=\"_blank\">L&rsquo;H\u00e9ritage Goldman\u00a02<\/a>Le 09\/10\/2025<a href=\"https:\/\/www.jds.fr\/rouen\/le-grand-quevilly\/salle-de-concert\/zenith-de-rouen-15867_L\" class=\"lieu font-size-14 text-gray-700 d-block lh-sm my-1\" rel=\"nofollow noopener\" target=\"_blank\"> Z\u00e9nith de Rouen &#8211; Le Grand-Quevilly<\/a>L&rsquo;H\u00e9ritage Goldman 2 en concert \u00e0 Rouen (Z\u00e9nith de Rouen Le Grand-Quevilly), le 9 octobre 2025. Toutes les informations pratiques (tarifs, billetterie, plan de salle) pour ce [\u2026]<a class=\"image\" href=\"https:\/\/www.jds.fr\/rouen\/concerts\/chanson-francaise\/l-heritage-goldman-2-599069_A\" rel=\"nofollow noopener\" target=\"_blank\"><img decoding=\"async\" loading=\"lazy\" src=\"https:\/\/www.europesays.com\/fr\/wp-content\/uploads\/2025\/09\/1759199310_934_\" width=\"180\" height=\"180\" alt=\"L'H\u00e9ritage Goldman 2\"\/><\/a><\/li>\n<li class=\"col-12 pt-4\" data-view-id-type=\"1\" data-view-id=\"686375\" data-view-bc=\"0\"><a href=\"https:\/\/www.jds.fr\/rouen\/agenda\/chanson-francaise-136_B\" class=\"lh-sm\" rel=\"nofollow noopener\" target=\"_blank\">Chanson fran\u00e7aise \u00e0 Rouen<\/a><a class=\"d-block titre text-black mb-1 mb-md-2\" href=\"https:\/\/www.jds.fr\/rouen\/concerts\/chanson-francaise\/helldebert-enfantillages-666-tournee-686375_A\" rel=\"nofollow noopener\" target=\"_blank\">Helldebert &#8211; Enfantillages 666 &#8211; Tourn\u00e9e<\/a>Le 10\/10\/2025<a href=\"https:\/\/www.jds.fr\/rouen\/le-grand-quevilly\/salle-de-concert\/zenith-de-rouen-15867_L\" class=\"lieu font-size-14 text-gray-700 d-block lh-sm my-1\" rel=\"nofollow noopener\" target=\"_blank\"> Z\u00e9nith de Rouen &#8211; Le Grand-Quevilly<\/a>Helldebert &#8211; Enfantillages 666 &#8211; Tourn\u00e9e en concert \u00e0 Rouen (Z\u00e9nith de Rouen Le Grand-Quevilly), le 10 octobre 2025. Toutes les informations pratiques (tarifs, billetterie, plan [\u2026]<a class=\"image\" href=\"https:\/\/www.jds.fr\/rouen\/concerts\/chanson-francaise\/helldebert-enfantillages-666-tournee-686375_A\" rel=\"nofollow noopener\" target=\"_blank\"><img decoding=\"async\" loading=\"lazy\" src=\"https:\/\/www.europesays.com\/fr\/wp-content\/uploads\/2025\/09\/1759199310_737_\" width=\"180\" height=\"180\" alt=\"Helldebert - Enfantillages 666 - Tourn\u00e9e\"\/><\/a><\/li>\n<li class=\"col-12 pt-4\" data-view-id-type=\"1\" data-view-id=\"650783\" data-view-bc=\"0\"><a class=\"d-block titre text-black mb-1 mb-md-2\" href=\"https:\/\/www.jds.fr\/rouen\/concerts\/pop-folk\/mania-the-abba-tribute-tournee-650783_A\" rel=\"nofollow noopener\" target=\"_blank\">Mania, The Abba Tribute &#8211; Tourn\u00e9e<\/a>Le 15\/10\/2025<a href=\"https:\/\/www.jds.fr\/rouen\/le-grand-quevilly\/salle-de-concert\/zenith-de-rouen-15867_L\" class=\"lieu font-size-14 text-gray-700 d-block lh-sm my-1\" rel=\"nofollow noopener\" target=\"_blank\"> Z\u00e9nith de Rouen &#8211; Le Grand-Quevilly<\/a>Mania, The Abba Tribute &#8211; Tourn\u00e9e en concert \u00e0 Rouen (Z\u00e9nith de Rouen Le Grand-Quevilly), le 15 octobre 2025. Toutes les informations pratiques (tarifs, billetterie, plan de [\u2026]<a class=\"image\" href=\"https:\/\/www.jds.fr\/rouen\/concerts\/pop-folk\/mania-the-abba-tribute-tournee-650783_A\" rel=\"nofollow noopener\" target=\"_blank\"><img decoding=\"async\" loading=\"lazy\" src=\"https:\/\/www.europesays.com\/fr\/wp-content\/uploads\/2025\/09\/1759199311_702_\" width=\"180\" height=\"180\" alt=\"Mania, The Abba Tribute - Tourn\u00e9e\"\/><\/a><\/li>\n<li class=\"li_gp_div li_gp_div_infeed\"\/>\n<li class=\"col-12 pt-4\" data-view-id-type=\"1\" data-view-id=\"912038\" data-view-bc=\"0\"><a class=\"d-block titre text-black mb-1 mb-md-2\" href=\"https:\/\/www.jds.fr\/rouen\/concerts\/rap\/ziak-912038_A\" rel=\"nofollow noopener\" target=\"_blank\">Ziak<\/a>Le 17\/10\/2025<a href=\"https:\/\/www.jds.fr\/rouen\/salle-de-concert\/le-106-16700_L\" class=\"lieu font-size-14 text-gray-700 d-block lh-sm my-1\" rel=\"nofollow noopener\" target=\"_blank\"> Le 106 &#8211; Rouen<\/a>Ziak en concert \u00e0 Rouen (Le 106 ), le 17 octobre 2025. Toutes les informations pratiques (tarifs, billetterie, plan de salle) pour ce concert sont \u00e0 retrouver sur cette page. [\u2026]<a class=\"image\" href=\"https:\/\/www.jds.fr\/rouen\/concerts\/rap\/ziak-912038_A\" rel=\"nofollow noopener\" target=\"_blank\"><img decoding=\"async\" loading=\"lazy\" src=\"https:\/\/www.europesays.com\/fr\/wp-content\/uploads\/2025\/09\/1759199311_816_\" width=\"180\" height=\"180\" alt=\"Ziak\"\/><\/a><\/li>\n<li class=\"col-12 pt-4\" data-view-id-type=\"1\" data-view-id=\"633307\" data-view-bc=\"0\"><a href=\"https:\/\/www.jds.fr\/rouen\/agenda\/chanson-francaise-136_B\" class=\"lh-sm\" rel=\"nofollow noopener\" target=\"_blank\">Chanson fran\u00e7aise \u00e0 Rouen<\/a><a class=\"d-block titre text-black mb-1 mb-md-2\" href=\"https:\/\/www.jds.fr\/rouen\/concerts\/chanson-francaise\/amir-c-tour-tournee-633307_A\" rel=\"nofollow noopener\" target=\"_blank\">Amir &#8211; C Tour &#8211; Tourn\u00e9e<\/a>Le 23\/10\/2025<a href=\"https:\/\/www.jds.fr\/rouen\/le-grand-quevilly\/salle-de-concert\/zenith-de-rouen-15867_L\" class=\"lieu font-size-14 text-gray-700 d-block lh-sm my-1\" rel=\"nofollow noopener\" target=\"_blank\"> Z\u00e9nith de Rouen &#8211; Le Grand-Quevilly<\/a>Amir &#8211; C Tour &#8211; Tourn\u00e9e en concert \u00e0 Rouen (Z\u00e9nith de Rouen Le Grand-Quevilly), le 23 octobre 2025. Toutes les informations pratiques (tarifs, billetterie, plan de salle) pour [\u2026]<a class=\"image\" href=\"https:\/\/www.jds.fr\/rouen\/concerts\/chanson-francaise\/amir-c-tour-tournee-633307_A\" rel=\"nofollow noopener\" target=\"_blank\"><img decoding=\"async\" loading=\"lazy\" src=\"https:\/\/www.europesays.com\/fr\/wp-content\/uploads\/2025\/09\/1759199311_121_\" width=\"180\" height=\"180\" alt=\"Amir - C Tour - Tourn\u00e9e\"\/><\/a><\/li>\n<li class=\"col-12 pt-4\" data-view-id-type=\"1\" data-view-id=\"1082775\" data-view-bc=\"0\"><a class=\"d-block titre text-black mb-1 mb-md-2\" href=\"https:\/\/www.jds.fr\/rouen\/concerts\/rap\/la-rumeur-1ere-partie-le-rap-game-1082775_A\" rel=\"nofollow noopener\" target=\"_blank\">La Rumeur &#8211; 1\u00e8re Partie\u00a0: le Rap Game<\/a>Le 25\/10\/2025<a href=\"https:\/\/www.jds.fr\/rouen\/cleon\/salle-de-concert\/la-traverse-16662_L\" class=\"lieu font-size-14 text-gray-700 d-block lh-sm my-1\" rel=\"nofollow noopener\" target=\"_blank\"> La Traverse &#8211; Cl\u00e9on<\/a>La Rumeur &#8211; 1\u00e8re Partie\u00a0: le Rap Game en concert \u00e0 Rouen (La Traverse Cl\u00e9on), le 25 octobre 2025. Toutes les informations pratiques (tarifs, billetterie, plan de salle) [\u2026]<a class=\"image\" href=\"https:\/\/www.jds.fr\/rouen\/concerts\/rap\/la-rumeur-1ere-partie-le-rap-game-1082775_A\" rel=\"nofollow noopener\" target=\"_blank\"><img decoding=\"async\" loading=\"lazy\" src=\"https:\/\/www.europesays.com\/fr\/wp-content\/uploads\/2025\/09\/1759199312_940_\" width=\"180\" height=\"180\" alt=\"La Rumeur - 1\u00e8re Partie : le Rap Game\"\/><\/a><\/li>\n<li class=\"col-12 pt-4\" data-view-id-type=\"1\" data-view-id=\"1018082\" data-view-bc=\"0\"><a class=\"d-block titre text-black mb-1 mb-md-2\" href=\"https:\/\/www.jds.fr\/rouen\/concerts\/rap\/sopico-1018082_A\" rel=\"nofollow noopener\" target=\"_blank\">Sopico<\/a>Le 19\/11\/2025<a href=\"https:\/\/www.jds.fr\/rouen\/salle-de-concert\/le-106-16700_L\" class=\"lieu font-size-14 text-gray-700 d-block lh-sm my-1\" rel=\"nofollow noopener\" target=\"_blank\"> Le 106 &#8211; Rouen<\/a>Sopico en concert \u00e0 Rouen (Le 106 ), le 19 novembre 2025. Toutes les informations pratiques (tarifs, billetterie, plan de salle) pour ce concert sont \u00e0 retrouver sur cette page. [\u2026]<a class=\"image\" href=\"https:\/\/www.jds.fr\/rouen\/concerts\/rap\/sopico-1018082_A\" rel=\"nofollow noopener\" target=\"_blank\"><img decoding=\"async\" loading=\"lazy\" src=\"https:\/\/www.europesays.com\/fr\/wp-content\/uploads\/2025\/09\/1759199312_763_\" width=\"180\" height=\"180\" alt=\"Sopico\"\/><\/a><\/li>\n<li class=\"li_gp_div li_gp_div_infeed\"\/>\n<li class=\"col-12 pt-4\" data-view-id-type=\"1\" data-view-id=\"945446\" data-view-bc=\"0\"><a class=\"d-block titre text-black mb-1 mb-md-2\" href=\"https:\/\/www.jds.fr\/rouen\/concerts\/rap\/fave-tournee-945446_A\" rel=\"nofollow noopener\" target=\"_blank\">Fav\u00e9 &#8211; Tourn\u00e9e<\/a>Le 04\/12\/2025<a href=\"https:\/\/www.jds.fr\/rouen\/salle-de-concert\/le-106-16700_L\" class=\"lieu font-size-14 text-gray-700 d-block lh-sm my-1\" rel=\"nofollow noopener\" target=\"_blank\"> Le 106 &#8211; Rouen<\/a>Fav\u00e9 &#8211; Tourn\u00e9e en concert \u00e0 Rouen (Le 106 ), le 4 d\u00e9cembre 2025. Toutes les informations pratiques (tarifs, billetterie, plan de salle) pour ce concert sont \u00e0 retrouver sur [\u2026]<a class=\"image\" href=\"https:\/\/www.jds.fr\/rouen\/concerts\/rap\/fave-tournee-945446_A\" rel=\"nofollow noopener\" target=\"_blank\"><img decoding=\"async\" loading=\"lazy\" src=\"https:\/\/www.europesays.com\/fr\/wp-content\/uploads\/2025\/09\/1759199313_269_\" width=\"180\" height=\"180\" alt=\"Fav\u00e9 - Tourn\u00e9e\"\/><\/a><\/li>\n<li class=\"col-12 pt-4\" data-view-id-type=\"1\" data-view-id=\"823230\" data-view-bc=\"0\"><a class=\"d-block titre text-black mb-1 mb-md-2\" href=\"https:\/\/www.jds.fr\/rouen\/concerts\/rap\/oxmo-puccino-tournee-823230_A\" rel=\"nofollow noopener\" target=\"_blank\">Oxmo Puccino &#8211; Tourn\u00e9e<\/a>Le 06\/12\/2025<a href=\"https:\/\/www.jds.fr\/rouen\/salle-de-concert\/le-106-16700_L\" class=\"lieu font-size-14 text-gray-700 d-block lh-sm my-1\" rel=\"nofollow noopener\" target=\"_blank\"> Le 106 &#8211; Rouen<\/a>Oxmo Puccino &#8211; Tourn\u00e9e en concert \u00e0 Rouen (Le 106 ), le 6 d\u00e9cembre 2025. Toutes les informations pratiques (tarifs, billetterie, plan de salle) pour ce concert sont \u00e0 retrouver [\u2026]<a class=\"image\" href=\"https:\/\/www.jds.fr\/rouen\/concerts\/rap\/oxmo-puccino-tournee-823230_A\" rel=\"nofollow noopener\" target=\"_blank\"><img decoding=\"async\" loading=\"lazy\" src=\"https:\/\/www.europesays.com\/fr\/wp-content\/uploads\/2025\/09\/1759199313_45_\" width=\"180\" height=\"180\" alt=\"Oxmo Puccino - Tourn\u00e9e\"\/><\/a><\/li>\n<li class=\"col-12 pt-4\" data-view-id-type=\"1\" data-view-id=\"801394\" data-view-bc=\"0\"><a class=\"d-block titre text-black mb-1 mb-md-2\" href=\"https:\/\/www.jds.fr\/rouen\/concerts\/rap\/tiakola-m3lo-world-tour-801394_A\" rel=\"nofollow noopener\" target=\"_blank\">Tiakola &#8211; M3lo World Tour<\/a>Le 07\/12\/2025<a href=\"https:\/\/www.jds.fr\/rouen\/le-grand-quevilly\/salle-de-concert\/zenith-de-rouen-15867_L\" class=\"lieu font-size-14 text-gray-700 d-block lh-sm my-1\" rel=\"nofollow noopener\" target=\"_blank\"> Z\u00e9nith de Rouen &#8211; Le Grand-Quevilly<\/a>Tiakola &#8211; M3lo World Tour en concert \u00e0 Rouen (Z\u00e9nith de Rouen Le Grand-Quevilly), le 7 d\u00e9cembre 2025. Toutes les informations pratiques (tarifs, billetterie, plan de salle) pour [\u2026]<a class=\"image\" href=\"https:\/\/www.jds.fr\/rouen\/concerts\/rap\/tiakola-m3lo-world-tour-801394_A\" rel=\"nofollow noopener\" target=\"_blank\"><img decoding=\"async\" loading=\"lazy\" src=\"https:\/\/www.europesays.com\/fr\/wp-content\/uploads\/2025\/09\/1759199313_209_\" width=\"180\" height=\"180\" alt=\"Tiakola - M3lo World Tour\"\/><\/a><\/li>\n<li class=\"col-12 pt-4\" data-view-id-type=\"1\" data-view-id=\"912040\" data-view-bc=\"0\"><a class=\"d-block titre text-black mb-1 mb-md-2\" href=\"https:\/\/www.jds.fr\/rouen\/concerts\/rap\/keblack-912040_A\" rel=\"nofollow noopener\" target=\"_blank\">Keblack<\/a>Le 13\/12\/2025<a href=\"https:\/\/www.jds.fr\/rouen\/salle-de-concert\/le-106-16700_L\" class=\"lieu font-size-14 text-gray-700 d-block lh-sm my-1\" rel=\"nofollow noopener\" target=\"_blank\"> Le 106 &#8211; Rouen<\/a>Keblack en concert \u00e0 Rouen (Le 106 ), le 13 d\u00e9cembre 2025. Toutes les informations pratiques (tarifs, billetterie, plan de salle) pour ce concert sont \u00e0 retrouver sur cette [\u2026]<a class=\"image\" href=\"https:\/\/www.jds.fr\/rouen\/concerts\/rap\/keblack-912040_A\" rel=\"nofollow noopener\" target=\"_blank\"><img decoding=\"async\" loading=\"lazy\" src=\"https:\/\/www.europesays.com\/fr\/wp-content\/uploads\/2025\/09\/1759199314_808_\" width=\"180\" height=\"180\" alt=\"Keblack\"\/><\/a><\/li>\n<li class=\"li_gp_div li_gp_div_infeed\"\/>\n<li class=\"col-12 pt-4\" data-view-id-type=\"1\" data-view-id=\"1164419\" data-view-bc=\"0\"><a class=\"d-block titre text-black mb-1 mb-md-2\" href=\"https:\/\/www.jds.fr\/rouen\/concerts\/rap\/riles-survival-tour-1164419_A\" rel=\"nofollow noopener\" target=\"_blank\">Ril\u00e8s &#8211; Survival Tour<\/a>Le 16\/01\/2026<a href=\"https:\/\/www.jds.fr\/rouen\/le-grand-quevilly\/salle-de-concert\/zenith-de-rouen-15867_L\" class=\"lieu font-size-14 text-gray-700 d-block lh-sm my-1\" rel=\"nofollow noopener\" target=\"_blank\"> Z\u00e9nith de Rouen &#8211; Le Grand-Quevilly<\/a>Ril\u00e8s &#8211; Survival Tour en concert \u00e0 Rouen (Z\u00e9nith de Rouen Le Grand-Quevilly), le 16 janvier 2026. Toutes les informations pratiques (tarifs, billetterie, plan de salle) pour ce [\u2026]<a class=\"image\" href=\"https:\/\/www.jds.fr\/rouen\/concerts\/rap\/riles-survival-tour-1164419_A\" rel=\"nofollow noopener\" target=\"_blank\"><img decoding=\"async\" loading=\"lazy\" src=\"https:\/\/www.europesays.com\/fr\/wp-content\/uploads\/2025\/09\/1759199314_822_\" width=\"180\" height=\"180\" alt=\"Ril\u00e8s - Survival Tour\"\/><\/a><\/li>\n<li class=\"col-12 pt-4\" data-view-id-type=\"1\" data-view-id=\"1173190\" data-view-bc=\"0\"><a class=\"d-block titre text-black mb-1 mb-md-2\" href=\"https:\/\/www.jds.fr\/rouen\/concerts\/rap\/rsko-tournee-1173190_A\" rel=\"nofollow noopener\" target=\"_blank\">Rsko &#8211; Tourn\u00e9e<\/a>Le 29\/01\/2026<a href=\"https:\/\/www.jds.fr\/rouen\/salle-de-concert\/le-106-16700_L\" class=\"lieu font-size-14 text-gray-700 d-block lh-sm my-1\" rel=\"nofollow noopener\" target=\"_blank\"> Le 106 &#8211; Rouen<\/a>Rsko &#8211; Tourn\u00e9e en concert \u00e0 Rouen (Le 106 ), le 29 janvier 2026. Toutes les informations pratiques (tarifs, billetterie, plan de salle) pour ce concert sont \u00e0 retrouver sur [\u2026]<a class=\"image\" href=\"https:\/\/www.jds.fr\/rouen\/concerts\/rap\/rsko-tournee-1173190_A\" rel=\"nofollow noopener\" target=\"_blank\"><img decoding=\"async\" loading=\"lazy\" src=\"https:\/\/www.europesays.com\/fr\/wp-content\/uploads\/2025\/09\/1759199314_334_\" width=\"180\" height=\"180\" alt=\"Rsko - Tourn\u00e9e\"\/><\/a><\/li>\n<li class=\"col-12 pt-4\" data-view-id-type=\"1\" data-view-id=\"542852\" data-view-bc=\"0\"><a class=\"d-block titre text-black mb-1 mb-md-2\" href=\"https:\/\/www.jds.fr\/rouen\/concerts\/rap\/la-fouine-tournee-542852_A\" rel=\"nofollow noopener\" target=\"_blank\">La Fouine &#8211; Tourn\u00e9e<\/a>Le 04\/02\/2026<a href=\"https:\/\/www.jds.fr\/rouen\/le-grand-quevilly\/salle-de-concert\/zenith-de-rouen-15867_L\" class=\"lieu font-size-14 text-gray-700 d-block lh-sm my-1\" rel=\"nofollow noopener\" target=\"_blank\"> Z\u00e9nith de Rouen &#8211; Le Grand-Quevilly<\/a>La Fouine &#8211; Tourn\u00e9e en concert \u00e0 Rouen (Z\u00e9nith de Rouen Le Grand-Quevilly), le 4 f\u00e9vrier 2026. Toutes les informations pratiques (tarifs, billetterie, plan de salle) pour ce [\u2026]<a class=\"image\" href=\"https:\/\/www.jds.fr\/rouen\/concerts\/rap\/la-fouine-tournee-542852_A\" rel=\"nofollow noopener\" target=\"_blank\"><img decoding=\"async\" loading=\"lazy\" src=\"https:\/\/www.europesays.com\/fr\/wp-content\/uploads\/2025\/09\/1759199315_13_\" width=\"180\" height=\"180\" alt=\"La Fouine - Tourn\u00e9e\"\/><\/a><\/li>\n<li class=\"col-12 pt-4\" data-view-id-type=\"1\" data-view-id=\"1031231\" data-view-bc=\"0\"><a class=\"d-block titre text-black mb-1 mb-md-2\" href=\"https:\/\/www.jds.fr\/rouen\/concerts\/rap\/georgio-tournee-1031231_A\" rel=\"nofollow noopener\" target=\"_blank\">Georgio &#8211; Tourn\u00e9e<\/a>Le 07\/03\/2026<a href=\"https:\/\/www.jds.fr\/rouen\/salle-de-concert\/le-106-16700_L\" class=\"lieu font-size-14 text-gray-700 d-block lh-sm my-1\" rel=\"nofollow noopener\" target=\"_blank\"> Le 106 &#8211; Rouen<\/a>Georgio &#8211; Tourn\u00e9e en concert \u00e0 Rouen (Le 106 ), le 7 mars 2026. Toutes les informations pratiques (tarifs, billetterie, plan de salle) pour ce concert sont \u00e0 retrouver sur cette [\u2026]<a class=\"image\" href=\"https:\/\/www.jds.fr\/rouen\/concerts\/rap\/georgio-tournee-1031231_A\" rel=\"nofollow noopener\" target=\"_blank\"><img decoding=\"async\" loading=\"lazy\" src=\"https:\/\/www.europesays.com\/fr\/wp-content\/uploads\/2025\/09\/1759199315_433_\" width=\"180\" height=\"180\" alt=\"Georgio - Tourn\u00e9e\"\/><\/a><\/li>\n<li class=\"li_gp_div li_gp_div_infeed\"\/>\n<li class=\"col-12 pt-4\" data-view-id-type=\"1\" data-view-id=\"1176716\" data-view-bc=\"0\"><a class=\"d-block titre text-black mb-1 mb-md-2\" href=\"https:\/\/www.jds.fr\/rouen\/concerts\/rap\/lujipeka-1176716_A\" rel=\"nofollow noopener\" target=\"_blank\">Lujipeka<\/a>Le 23\/04\/2026<a href=\"https:\/\/www.jds.fr\/rouen\/salle-de-concert\/le-106-16700_L\" class=\"lieu font-size-14 text-gray-700 d-block lh-sm my-1\" rel=\"nofollow noopener\" target=\"_blank\"> Le 106 &#8211; Rouen<\/a>Lujipeka en concert \u00e0 Rouen (Le 106 ), le 23 avril 2026. Toutes les informations pratiques (tarifs, billetterie, plan de salle) pour ce concert sont \u00e0 retrouver sur cette page. [\u2026]<a class=\"image\" href=\"https:\/\/www.jds.fr\/rouen\/concerts\/rap\/lujipeka-1176716_A\" rel=\"nofollow noopener\" target=\"_blank\"><img decoding=\"async\" loading=\"lazy\" src=\"https:\/\/www.europesays.com\/fr\/wp-content\/uploads\/2025\/09\/1759199316_287_\" width=\"180\" height=\"180\" alt=\"Lujipeka\"\/><\/a><\/li>\n<\/ul>\n<p class=\"font-size-30 fw-bold lh-1 mt-0 mb-4\">Je trouve les meilleures sorties dans ma ville<\/p>\n<p class=\"mt-0 mb-3 h2\">Newsletter JDS Rouen<\/p>\n<p class=\"font-size-18 fw-normal lh-sm\">Pr\u00eat pour un week-end de folie\u00a0? Chaque jeudi tous les bons plans sorties<\/p>\n","protected":false},"excerpt":{"rendered":"Le 16\/03\/2026 Z\u00e9nith de Rouen | Le Grand-Quevilly Orelsan : dates de la tourn\u00e9e 45 \u20ac &#8211; 75&hellip;\n","protected":false},"author":2,"featured_media":427541,"comment_status":"","ping_status":"","sticky":false,"template":"","format":"standard","meta":{"footnotes":""},"categories":[9587],"tags":[1111,11,1777,674,1011,27,12,5161,25,9590],"class_list":{"0":"post-427540","1":"post","2":"type-post","3":"status-publish","4":"format-standard","5":"has-post-thumbnail","7":"category-rouen","8":"tag-actu","9":"tag-actualites","10":"tag-eu","11":"tag-europe","12":"tag-fr","13":"tag-france","14":"tag-news","15":"tag-normandie","16":"tag-republique-francaise","17":"tag-rouen"},"share_on_mastodon":{"url":"https:\/\/pubeurope.com\/@fr\/115290894165146989","error":""},"_links":{"self":[{"href":"https:\/\/www.europesays.com\/fr\/wp-json\/wp\/v2\/posts\/427540","targetHints":{"allow":["GET"]}}],"collection":[{"href":"https:\/\/www.europesays.com\/fr\/wp-json\/wp\/v2\/posts"}],"about":[{"href":"https:\/\/www.europesays.com\/fr\/wp-json\/wp\/v2\/types\/post"}],"author":[{"embeddable":true,"href":"https:\/\/www.europesays.com\/fr\/wp-json\/wp\/v2\/users\/2"}],"replies":[{"embeddable":true,"href":"https:\/\/www.europesays.com\/fr\/wp-json\/wp\/v2\/comments?post=427540"}],"version-history":[{"count":0,"href":"https:\/\/www.europesays.com\/fr\/wp-json\/wp\/v2\/posts\/427540\/revisions"}],"wp:featuredmedia":[{"embeddable":true,"href":"https:\/\/www.europesays.com\/fr\/wp-json\/wp\/v2\/media\/427541"}],"wp:attachment":[{"href":"https:\/\/www.europesays.com\/fr\/wp-json\/wp\/v2\/media?parent=427540"}],"wp:term":[{"taxonomy":"category","embeddable":true,"href":"https:\/\/www.europesays.com\/fr\/wp-json\/wp\/v2\/categories?post=427540"},{"taxonomy":"post_tag","embeddable":true,"href":"https:\/\/www.europesays.com\/fr\/wp-json\/wp\/v2\/tags?post=427540"}],"curies":[{"name":"wp","href":"https:\/\/api.w.org\/{rel}","templated":true}]}}