{"id":427555,"date":"2025-09-30T02:38:44","date_gmt":"2025-09-30T02:38:44","guid":{"rendered":"https:\/\/www.europesays.com\/fr\/427555\/"},"modified":"2025-09-30T02:38:44","modified_gmt":"2025-09-30T02:38:44","slug":"il-tire-avec-un-fusil-sur-la-porte-de-son-ex-compagne-un-suspect-juge-ce-lundi-2","status":"publish","type":"post","link":"https:\/\/www.europesays.com\/fr\/427555\/","title":{"rendered":"Il tire avec un fusil sur la porte de son ex-compagne\u00a0: un suspect jug\u00e9 ce lundi"},"content":{"rendered":"<tr wp_automatic_readability=\"5.88\">\n<td valign=\"middle\" align=\"center\" class=\"col-logo\" wp_automatic_readability=\"5\">\n    <img decoding=\"async\" src=\"https:\/\/maville.com\/design\/images\/logo-of-monetise.svg?version=20130627\" alt=\"logo Ouest-France\" height=\"66\"\/><\/p>\n<p>Contenu r\u00e9serv\u00e9 aux abonn\u00e9s<\/p>\n<\/td>\n<td class=\"col-titre\">\n\t\t\tDimanche 28 septembre 2025 20:06<br \/>\n\t\t\t<a class=\"icon-bulle sizeL count\" href=\"#ancreAvis\"><br \/>\n\t&#8230;<br \/>\n<\/a><\/td>\n<\/tr>\n<p>\t\t<a class=\"mavillebox2 elmt-photo\" href=\"https:\/\/maville.com\/photosmvi\/2025\/09\/28\/P35491415D6997240G.jpg\" title=\" Un homme devrait \u00eatre jug\u00e9 ce lundi en comparution imm\u00e9diate pour violence avec arme sur sa conjointe.  \u00a9  OUEST FRANCE  &lt;!--TAG-BLC credit--&gt;\" rel=\"galerie_actu noopener\" target=\"_blank\"><br \/>\n\t<img decoding=\"async\" src=\"https:\/\/www.europesays.com\/fr\/wp-content\/uploads\/2025\/09\/P35491415D6997240G_crop_640-330_.jpg\" alt=\"photo  un homme devrait \u00eatre jug\u00e9 ce lundi en comparution imm\u00e9diate pour violence avec arme sur sa conjointe.  \u00a9  ouest france \"\/><br \/>\n\t1<br \/>\n<\/a><\/p>\n<p class=\"elmt-legende\"> Un homme devrait \u00eatre jug\u00e9 ce lundi en comparution imm\u00e9diate pour violence avec arme sur sa conjointe.  \u00a9  OUEST FRANCE  <\/p>\n<p>\t\tUn homme de 27\u00a0ans a \u00e9t\u00e9 interpell\u00e9 par les gendarmes, avec l\u2019appui du GIGN, samedi 27\u00a0septembre 2025. Il est soup\u00e7onn\u00e9 d\u2019avoir tir\u00e9 avec un fusil sur la porte du domicile de son ex-compagne, \u00e0 Montbert (Loire-Atlantique). Il devrait \u00eatre jug\u00e9 ce lundi 29\u00a0septembre en comparution imm\u00e9diate \u00e0 Nantes.<\/p>\n<p><b>Cet article est r\u00e9serv\u00e9 aux abonn\u00e9s<\/b><\/p>\n<p>Pour un acc\u00e8s imm\u00e9diat, abonnez-vous<\/p>\n<p><b>1\u00e8re semaine offerte<\/b><\/p>\n<p>\t\t Vanessa RIPOCHE. \u00a0\u00a0<br \/>\n\t\tOuest-France<\/p>\n<p>Retrouvez d&rsquo;autres actus sur les communes de :<\/p>\n<p>\t\t&#13;<\/p>\n","protected":false},"excerpt":{"rendered":"Contenu r\u00e9serv\u00e9 aux abonn\u00e9s Dimanche 28 septembre 2025 20:06 &#8230; 1 Un homme devrait \u00eatre jug\u00e9 ce lundi&hellip;\n","protected":false},"author":2,"featured_media":424774,"comment_status":"","ping_status":"","sticky":false,"template":"","format":"standard","meta":{"footnotes":""},"categories":[2818],"tags":[1111,11,1777,674,13566,1011,27,19456,9342,9865,766,12,2636,5396,25,16022,19455],"class_list":{"0":"post-427555","1":"post","2":"type-post","3":"status-publish","4":"format-standard","5":"has-post-thumbnail","7":"category-nantes","8":"tag-actu","9":"tag-actualites","10":"tag-eu","11":"tag-europe","12":"tag-ex-compagne","13":"tag-fr","14":"tag-france","15":"tag-fusil","16":"tag-juge","17":"tag-lundi","18":"tag-nantes","19":"tag-news","20":"tag-pays-de-la-loire","21":"tag-porte","22":"tag-republique-francaise","23":"tag-suspect","24":"tag-tire"},"share_on_mastodon":{"url":"https:\/\/pubeurope.com\/@fr\/115290931992671090","error":""},"_links":{"self":[{"href":"https:\/\/www.europesays.com\/fr\/wp-json\/wp\/v2\/posts\/427555","targetHints":{"allow":["GET"]}}],"collection":[{"href":"https:\/\/www.europesays.com\/fr\/wp-json\/wp\/v2\/posts"}],"about":[{"href":"https:\/\/www.europesays.com\/fr\/wp-json\/wp\/v2\/types\/post"}],"author":[{"embeddable":true,"href":"https:\/\/www.europesays.com\/fr\/wp-json\/wp\/v2\/users\/2"}],"replies":[{"embeddable":true,"href":"https:\/\/www.europesays.com\/fr\/wp-json\/wp\/v2\/comments?post=427555"}],"version-history":[{"count":0,"href":"https:\/\/www.europesays.com\/fr\/wp-json\/wp\/v2\/posts\/427555\/revisions"}],"wp:featuredmedia":[{"embeddable":true,"href":"https:\/\/www.europesays.com\/fr\/wp-json\/wp\/v2\/media\/424774"}],"wp:attachment":[{"href":"https:\/\/www.europesays.com\/fr\/wp-json\/wp\/v2\/media?parent=427555"}],"wp:term":[{"taxonomy":"category","embeddable":true,"href":"https:\/\/www.europesays.com\/fr\/wp-json\/wp\/v2\/categories?post=427555"},{"taxonomy":"post_tag","embeddable":true,"href":"https:\/\/www.europesays.com\/fr\/wp-json\/wp\/v2\/tags?post=427555"}],"curies":[{"name":"wp","href":"https:\/\/api.w.org\/{rel}","templated":true}]}}