{"id":427556,"date":"2025-09-30T02:39:13","date_gmt":"2025-09-30T02:39:13","guid":{"rendered":"https:\/\/www.europesays.com\/fr\/427556\/"},"modified":"2025-09-30T02:39:13","modified_gmt":"2025-09-30T02:39:13","slug":"les-parents-de-lorene-se-battent-desormais-pour-la-sante-mentale-2","status":"publish","type":"post","link":"https:\/\/www.europesays.com\/fr\/427556\/","title":{"rendered":"Les parents de Lor\u00e8ne se battent d\u00e9sormais pour la sant\u00e9 mentale"},"content":{"rendered":"<p class=\"mb-4 text-lg md:leading-8 break-words\"><strong>combat &#8211; Apr\u00e8s la mort tragique de leur fille, poignard\u00e9e dans un lyc\u00e9e de Nantes en avril, les parents de Lor\u00e8ne d\u00e9voilent les contours de leur association \u00ab Effervescence jeunes \u00bb, pour faire de la sant\u00e9 mentale des adolescents \u00ab une priorit\u00e9 \u00bb<\/strong><\/p>\n<p class=\"mb-4 text-lg md:leading-8 break-words\">Depuis la disparition de leur fille il y a cinq mois, <a href=\"https:\/\/www.20minutes.fr\/faits_divers\/faits-divers-nantes\/4170691-20250902-lyceenne-poignardee-nantes-parents-lorene-sante-mentale-jeunes-doit-etre-prioritaire?at_medium=RSS%20feed&amp;at_campaign=ynews&amp;utm_source=yahoo&amp;utm_medium=rss&amp;utm_campaign=news_feed&amp;utm_content=in_article_link\" rel=\"nofollow noopener\" target=\"_blank\" data-ylk=\"slk:les parents de Lor\u00e8ne;elm:context_link;itc:0;sec:content-canvas\" class=\"link \">les parents de Lor\u00e8ne<\/a> n\u2019ont qu\u2019un seul mot d\u2019ordre : la sant\u00e9 mentale. Le 24 avril dernier, l\u2019adolescente \u00e9tait assassin\u00e9e de 57 coups de couteau par un autre \u00e9l\u00e8ve dans son lyc\u00e9e Notre-Dame-de-Toutes-Aides \u00e0 <a href=\"https:\/\/www.20minutes.fr\/nantes\/?at_medium=RSS%20feed&amp;at_campaign=ynews&amp;utm_source=yahoo&amp;utm_medium=rss&amp;utm_campaign=news_feed&amp;utm_content=in_article_link\" rel=\"nofollow noopener\" target=\"_blank\" data-ylk=\"slk:Nantes;elm:context_link;itc:0;sec:content-canvas\" class=\"link \">Nantes<\/a>, alors qu\u2019elle assistait \u00e0 son cours de math\u00e9matiques. Ses parents avaient d\u2019abord <a href=\"https:\/\/www.20minutes.fr\/faits_divers\/4150849-20250428-attaque-couteau-nantes-parents-victime-ouvrent-cagnotte-aider-soutien-psychologique?at_medium=RSS%20feed&amp;at_campaign=ynews&amp;utm_source=yahoo&amp;utm_medium=rss&amp;utm_campaign=news_feed&amp;utm_content=in_article_link\" rel=\"nofollow noopener\" target=\"_blank\" data-ylk=\"slk:ouvert une cagnotte;elm:context_link;itc:0;sec:content-canvas\" class=\"link \">ouvert une cagnotte<\/a> en ligne pour aider les structures d\u2019aide psychologique \u00e0 l\u2019enfance. En juillet, ils avaient organis\u00e9 la \u00ab Run for Lor\u00e8ne \u00bb, une course solidaire en hommage \u00e0 leur fille partie \u00ab beaucoup trop rapidement \u00bb.<\/p>\n<p class=\"mb-4 text-lg md:leading-8 break-words\">Lundi soir, les deux Nantais se sont pr\u00e9sent\u00e9s en tant que membres de l\u2019association <a href=\"https:\/\/www.instagram.com\/effervescence_jeunes\/?at_medium=RSS%20feed&amp;at_campaign=ynews&amp;utm_source=yahoo&amp;utm_medium=rss&amp;utm_campaign=news_feed&amp;utm_content=in_article_link\" rel=\"nofollow noopener\" target=\"_blank\" data-ylk=\"slk:\u00ab Effervescence jeunes \u00bb;elm:context_link;itc:0;sec:content-canvas\" class=\"link \">\u00ab Effervescence jeunes \u00bb<\/a>, accompagn\u00e9s de deux autres adh\u00e9rentes. Cette fois, \u00ab nous ne sommes pas l\u00e0 pour parler de Lor\u00e8ne \u00bb, a lanc\u00e9 le p\u00e8re de l\u2019adolescente, \u00ab mais pour parler de la sant\u00e9 mentale des jeunes. \u00bb<\/p>\n<p>La sant\u00e9 mentale \u00ab pour les ados et par les ados \u00bb<\/p>\n<p class=\"mb-4 text-lg md:leading-8 break-words\">A l\u2019origine, il y a \u00ab le cataclysme \u00bb, comme le d\u00e9signent les parents de Lor\u00e8ne qui pr\u00e9f\u00e8rent rester anonymes lors de leur prise de parole. Puis il y a eu la prise de conscience, \u00ab nous voulions aller plus loin qu\u2019un simple hommage \u00bb, d\u00e9crit la pr\u00e9sidente de l\u2019association, cr\u00e9\u00e9 il y a tout juste un mois. La mort de Lor\u00e8ne a mis en \u00e9vidence une notion cruciale : la sant\u00e9 mentale des jeunes se d\u00e9grade mais l\u2019acc\u00e8s aux lieux d\u2019\u00e9coute et de soins reste difficile. \u00ab Apr\u00e8s le 24 avril, nous avons remarqu\u00e9 la difficult\u00e9 des jeunes \u00e0 trouver un psy. Les ados ont besoin d\u2019un(&#8230;)<\/p>\n<p class=\"mb-4 text-lg md:leading-8 break-words\"><a href=\"https:\/\/www.20minutes.fr\/nantes\/4175961-20250929-attaque-couteau-lycee-nantes-parents-lorene-battent-desormais-sante-mentale?at_medium=RSS%20feed&amp;at_campaign=ynews&amp;utm_source=yahoo&amp;utm_medium=rss&amp;utm_campaign=news_feed&amp;utm_content=read_more_link&quot;\" rel=\"nofollow noopener\" target=\"_blank\" data-ylk=\"slk:Lire la suite sur 20minutes;elm:context_link;itc:0;sec:content-canvas\" class=\"link \">Lire la suite sur 20minutes<\/a><\/p>\n<p>\u00c0 lire aussi :<br \/><a href=\"https:\/\/www.20minutes.fr\/sante\/4170766-20250902-sante-mentale-jeune-francais-quatre-depression?at_medium=RSS%20feed&amp;at_campaign=ynews&amp;utm_source=yahoo&amp;utm_medium=rss&amp;utm_campaign=news_feed&amp;utm_content=related_content_link\" rel=\"nofollow noopener\" target=\"_blank\" data-ylk=\"slk:Sant\u00e9 mentale : Un jeune Fran\u00e7ais sur quatre serait en d\u00e9pression;elm:context_link;itc:0;sec:content-canvas\" class=\"link \">Sant\u00e9 mentale : Un jeune Fran\u00e7ais sur quatre serait en d\u00e9pression<\/a><br \/><a href=\"https:\/\/www.20minutes.fr\/sante\/4163688-20250717-court-apres-boites-medicaments-sante-mentale-crise-face-penurie-traitements-disponibles?at_medium=RSS%20feed&amp;at_campaign=ynews&amp;utm_source=yahoo&amp;utm_medium=rss&amp;utm_campaign=news_feed&amp;utm_content=related_content_link\" rel=\"nofollow noopener\" target=\"_blank\" data-ylk=\"slk:\u00ab On court apr\u00e8s les bo\u00eetes de m\u00e9dicaments \u00bb : La sant\u00e9 mentale en crise face \u00e0 la p\u00e9nurie de traitements disponibles;elm:context_link;itc:0;sec:content-canvas\" class=\"link \">\u00ab On court apr\u00e8s les bo\u00eetes de m\u00e9dicaments \u00bb : La sant\u00e9 mentale en crise face \u00e0 la p\u00e9nurie de traitements disponibles<\/a><\/p>\n<p><script async src=\"\/\/www.instagram.com\/embed.js\"><\/script><\/p>\n","protected":false},"excerpt":{"rendered":"combat &#8211; Apr\u00e8s la mort tragique de leur fille, poignard\u00e9e dans un lyc\u00e9e de Nantes en avril, les&hellip;\n","protected":false},"author":2,"featured_media":427557,"comment_status":"","ping_status":"","sticky":false,"template":"","format":"standard","meta":{"footnotes":""},"categories":[2818],"tags":[1111,11,1777,674,1011,27,26157,42860,30543,766,12,2636,25,2072],"class_list":{"0":"post-427556","1":"post","2":"type-post","3":"status-publish","4":"format-standard","5":"has-post-thumbnail","7":"category-nantes","8":"tag-actu","9":"tag-actualites","10":"tag-eu","11":"tag-europe","12":"tag-fr","13":"tag-france","14":"tag-la-sante-mentale","15":"tag-les-parents","16":"tag-lorene","17":"tag-nantes","18":"tag-news","19":"tag-pays-de-la-loire","20":"tag-republique-francaise","21":"tag-sante-mentale"},"share_on_mastodon":{"url":"https:\/\/pubeurope.com\/@fr\/115290935389575254","error":""},"_links":{"self":[{"href":"https:\/\/www.europesays.com\/fr\/wp-json\/wp\/v2\/posts\/427556","targetHints":{"allow":["GET"]}}],"collection":[{"href":"https:\/\/www.europesays.com\/fr\/wp-json\/wp\/v2\/posts"}],"about":[{"href":"https:\/\/www.europesays.com\/fr\/wp-json\/wp\/v2\/types\/post"}],"author":[{"embeddable":true,"href":"https:\/\/www.europesays.com\/fr\/wp-json\/wp\/v2\/users\/2"}],"replies":[{"embeddable":true,"href":"https:\/\/www.europesays.com\/fr\/wp-json\/wp\/v2\/comments?post=427556"}],"version-history":[{"count":0,"href":"https:\/\/www.europesays.com\/fr\/wp-json\/wp\/v2\/posts\/427556\/revisions"}],"wp:featuredmedia":[{"embeddable":true,"href":"https:\/\/www.europesays.com\/fr\/wp-json\/wp\/v2\/media\/427557"}],"wp:attachment":[{"href":"https:\/\/www.europesays.com\/fr\/wp-json\/wp\/v2\/media?parent=427556"}],"wp:term":[{"taxonomy":"category","embeddable":true,"href":"https:\/\/www.europesays.com\/fr\/wp-json\/wp\/v2\/categories?post=427556"},{"taxonomy":"post_tag","embeddable":true,"href":"https:\/\/www.europesays.com\/fr\/wp-json\/wp\/v2\/tags?post=427556"}],"curies":[{"name":"wp","href":"https:\/\/api.w.org\/{rel}","templated":true}]}}