{"id":427558,"date":"2025-09-30T02:40:23","date_gmt":"2025-09-30T02:40:23","guid":{"rendered":"https:\/\/www.europesays.com\/fr\/427558\/"},"modified":"2025-09-30T02:40:23","modified_gmt":"2025-09-30T02:40:23","slug":"un-nouveau-repaire-hybride-a-ouvert-pour-les-bordelais","status":"publish","type":"post","link":"https:\/\/www.europesays.com\/fr\/427558\/","title":{"rendered":"un nouveau repaire hybride a ouvert pour les Bordelais !"},"content":{"rendered":"<p>Si tu cherches un lieu o\u00f9 boire un verre rime avec musique, rencontres et douce folie, cap sur Le Pas de Lune, la nouvelle p\u00e9pite hybride ouverte d\u00e9but septembre dans le quartier Sainte-Croix \u00e0 Bordeaux.<\/p>\n<p style=\"font-size:16px\">Aux manettes ? <strong>L\u00e9a Capdevielle<\/strong>, 30 ans, une enfant du spectacle et fille de restaurateur. Avec ce premier \u00e9tablissement, elle r\u00e9ussit un pari audacieux : fusionner la culture vivante et la convivialit\u00e9 d\u2019un bon bar. \u00ab <a href=\"https:\/\/www.lepasdelune.fr\/\" target=\"_blank\" rel=\"noreferrer noopener nofollow\">Le Pas de Lune<\/a>, c\u2019est un pont entre le r\u00e9el et l\u2019onirique \u00bb, confie-t-elle. Et crois-nous, tu vas avoir envie d\u2019y poser tes valises\u2026 ou au moins tes vendredis soirs.<\/p>\n<p><img fetchpriority=\"high\" decoding=\"async\" width=\"768\" height=\"1024\" data-id=\"84278\" src=\"https:\/\/www.europesays.com\/fr\/wp-content\/uploads\/2025\/09\/image-78-768x1024.png\" alt=\"\" class=\"wp-image-84278\"  \/>\u00c0 30 ans, L\u00e9a Capdevielle cr\u00e9e un lieu m\u00ealant culture vivante, convivialit\u00e9 et douce r\u00eaverie. \u00a9Le Pas de Lune<\/p>\n<p><img loading=\"lazy\" decoding=\"async\" width=\"768\" height=\"1024\" data-id=\"84277\" src=\"https:\/\/www.europesays.com\/fr\/wp-content\/uploads\/2025\/09\/image-77-768x1024.png\" alt=\"\" class=\"wp-image-84277\"  \/>Deux salles, une sc\u00e8ne pro, et une programmation \u00e9clectique port\u00e9e par Cheeko et la sc\u00e8ne locale. \u00a9Le Pas de Lune<\/p>\n<p style=\"font-size:16px\">Install\u00e9 dans un b\u00e2timent du XVIIe si\u00e8cle, ce lieu de 180 m\u00b2 abrite deux salles, dont une \u00e9quip\u00e9e comme une vraie sc\u00e8ne de concert. <strong>Concerts, stand-up, jam sessions<\/strong>, tout est possible ici, avec une programmation anim\u00e9e par le rappeur bordelais <strong>Cheeko<\/strong>. Et ce n\u2019est que le d\u00e9but : th\u00e9\u00e2tre, cin\u00e9-d\u00e9bats, rencontres litt\u00e9raires ou spectacles pour enfants viendront bient\u00f4t \u00e9toffer l\u2019affiche.<\/p>\n<p style=\"font-size:16px\">Mais <a href=\"https:\/\/www.lepasdelune.fr\/\" target=\"_blank\" rel=\"noreferrer noopener nofollow\">Le Pas de Lune<\/a>, ce n\u2019est pas qu\u2019un lieu o\u00f9 l\u2019on s\u2019agite : c\u2019est aussi un endroit o\u00f9 <strong>bien manger et bien boire<\/strong>. Charcuteries et fromages locaux, tartinables v\u00e9g\u00e9tariens, \u0153ufs mayo twist\u00e9s, muffins maison\u2026 Tout est pens\u00e9 pour te r\u00e9galer, autour d\u2019une <strong>carte courte, locale et soign\u00e9e<\/strong>. Et pour faire glisser tout \u00e7a ? Bi\u00e8res artisanales, cocktails maison, vins nature ou jus frais.<\/p>\n<p><img loading=\"lazy\" decoding=\"async\" width=\"767\" height=\"1024\" data-id=\"84276\" src=\"https:\/\/www.europesays.com\/fr\/wp-content\/uploads\/2025\/09\/image-76-767x1024.png\" alt=\"\" class=\"wp-image-84276\"  \/>Produits locaux, plats maison, cocktails soign\u00e9s : ici, on savoure autant qu\u2019on danse et r\u00eave. \u00a9Le Pas de Lune<\/p>\n<p><img loading=\"lazy\" decoding=\"async\" width=\"767\" height=\"1024\" data-id=\"84275\" src=\"https:\/\/www.europesays.com\/fr\/wp-content\/uploads\/2025\/09\/image-75-767x1024.png\" alt=\"\" class=\"wp-image-84275\"  \/>Ouvert du mardi au samedi, un lieu pour vibrer, r\u00eaver, f\u00eater et aimer la nuit bordelaise. \u00a9Le Pas de Lune<\/p>\n<p style=\"font-size:16px\">Ouvert du mardi au samedi d\u00e8s 17h, <strong>Le Pas de Lune<\/strong> t\u2019invite \u00e0 venir, revenir, danser ou r\u00eaver. Entre amis, en solo ou m\u00eame en privatisant les lieux pour une f\u00eate\u2026 Tu verras, ici, on retombe amoureux de la nuit bordelaise.<\/p>\n<p style=\"font-size:16px\">\u00c0 lire aussi : <a href=\"https:\/\/www.bougerabordeaux.com\/sorties\/fifib-bordeaux-et-pessac-plongent-dans-le-cinema-cet-automne\/\" target=\"_blank\" rel=\"noreferrer noopener nofollow\">FIFIB : Bordeaux et Pessac plongent dans le cin\u00e9ma cet automne<\/a><\/p>\n","protected":false},"excerpt":{"rendered":"Si tu cherches un lieu o\u00f9 boire un verre rime avec musique, rencontres et douce folie, cap sur&hellip;\n","protected":false},"author":2,"featured_media":427559,"comment_status":"","ping_status":"","sticky":false,"template":"","format":"standard","meta":{"footnotes":""},"categories":[2817],"tags":[1111,11,1997,1777,674,1011,27,12,2219,25],"class_list":{"0":"post-427558","1":"post","2":"type-post","3":"status-publish","4":"format-standard","5":"has-post-thumbnail","7":"category-bordeaux","8":"tag-actu","9":"tag-actualites","10":"tag-bordeaux","11":"tag-eu","12":"tag-europe","13":"tag-fr","14":"tag-france","15":"tag-news","16":"tag-nouvelle-aquitaine","17":"tag-republique-francaise"},"share_on_mastodon":{"url":"https:\/\/pubeurope.com\/@fr\/115290939559350538","error":""},"_links":{"self":[{"href":"https:\/\/www.europesays.com\/fr\/wp-json\/wp\/v2\/posts\/427558","targetHints":{"allow":["GET"]}}],"collection":[{"href":"https:\/\/www.europesays.com\/fr\/wp-json\/wp\/v2\/posts"}],"about":[{"href":"https:\/\/www.europesays.com\/fr\/wp-json\/wp\/v2\/types\/post"}],"author":[{"embeddable":true,"href":"https:\/\/www.europesays.com\/fr\/wp-json\/wp\/v2\/users\/2"}],"replies":[{"embeddable":true,"href":"https:\/\/www.europesays.com\/fr\/wp-json\/wp\/v2\/comments?post=427558"}],"version-history":[{"count":0,"href":"https:\/\/www.europesays.com\/fr\/wp-json\/wp\/v2\/posts\/427558\/revisions"}],"wp:featuredmedia":[{"embeddable":true,"href":"https:\/\/www.europesays.com\/fr\/wp-json\/wp\/v2\/media\/427559"}],"wp:attachment":[{"href":"https:\/\/www.europesays.com\/fr\/wp-json\/wp\/v2\/media?parent=427558"}],"wp:term":[{"taxonomy":"category","embeddable":true,"href":"https:\/\/www.europesays.com\/fr\/wp-json\/wp\/v2\/categories?post=427558"},{"taxonomy":"post_tag","embeddable":true,"href":"https:\/\/www.europesays.com\/fr\/wp-json\/wp\/v2\/tags?post=427558"}],"curies":[{"name":"wp","href":"https:\/\/api.w.org\/{rel}","templated":true}]}}