{"id":427560,"date":"2025-09-30T02:41:16","date_gmt":"2025-09-30T02:41:16","guid":{"rendered":"https:\/\/www.europesays.com\/fr\/427560\/"},"modified":"2025-09-30T02:41:16","modified_gmt":"2025-09-30T02:41:16","slug":"les-bibliotheques-rejoignent-la-communaute-linkedin","status":"publish","type":"post","link":"https:\/\/www.europesays.com\/fr\/427560\/","title":{"rendered":"Les biblioth\u00e8ques rejoignent la communaut\u00e9 LinkedIn"},"content":{"rendered":"<p><a name=\"les+bibliotheques+rejoignent+la+communaute+linkedin\"><\/a><\/p>\n<p>Biblioth\u00e8ques<\/p>\n<p>Les biblioth\u00e8ques rejoignent la communaut\u00e9 LinkedIn<\/p>\n<p class=\"content-date\">Du 29 septembre 2025 au 31 d\u00e9cembre 2025<\/p>\n<p><a title=\"LinkedIn &quot;Biblioth\u00e8ques de l&#039;Universit\u00e9 Bordeaux Montaigne&quot;\" rel=\"single nofollow noopener\" class=\"pirobox\" href=\"https:\/\/www.u-bordeaux-montaigne.fr\/_object\/ametys-internal%253Asites\/www\/ametys-internal%253Acontents\/les-bibliotheques-rejoignent-la-communaute-linkedin\/_attribute\/illustration\/image\/linkedin_bibliotheques_bordeaux_montaigne_scd-ubmontaigne.png?objectId=defaultWebContent:\/\/0815cd59-d0ee-4999-a0b0-6f8259bd4bc3\" target=\"_blank\"><img decoding=\"async\" class=\"img-responsive\" alt=\"LinkedIn &quot;Biblioth\u00e8ques de l'Universit\u00e9 Bordeaux Montaigne&quot;\" src=\"https:\/\/www.europesays.com\/fr\/wp-content\/uploads\/2025\/09\/0815cd59-d0ee-4999-a0b0-6f8259bd4bc3.png\"\/><\/a><\/p>\n<p class=\"content-published-date\"> Mis \u00e0 jour le 29 septembre 2025<\/p>\n<p class=\"introduction\">Les biblioth\u00e8ques du SCD (Service Commun de Documentation) de l&rsquo;universit\u00e9 ont d\u00e9sormais leur page sur le r\u00e9seau social LinkedIn : <a href=\"https:\/\/www.linkedin.com\/company\/bubmontaigne\" class=\"external\" onclick=\"window.open(this.href); return false;\" rel=\"nofollow noopener\" target=\"_blank\">\u00ab\u00a0Biblioth\u00e8ques de l&rsquo;Universit\u00e9 Bordeaux Montaigne\u00a0\u00bb<\/a>.<\/p>\n<p>Vous pouvez y suivre :<\/p>\n<ul class=\"disc\">\n<li>les <strong>actions sur des th\u00e9matiques transversales<\/strong> au sein de l&rsquo;\u00e9tablissement telles que la Science Ouverte, la Science avec et pour la soci\u00e9t\u00e9 (SAPS), les dispositifs d&rsquo;accompagnement et de soutien aux \u00e9tudes, la lutte contre la d\u00e9sinformation, les communs de la connaissance<\/li>\n<li>les <strong>contributions aux r\u00e9seaux documentaires<\/strong> (Abes, CollEx, DocAsie&#8230;)<\/li>\n<li>les <strong>actualit\u00e9s\u00a0du milieu professionnel<\/strong>, en lien aussi avec les collectivit\u00e9s, les partenaires, etc.<\/li>\n<li>une <strong>veille sur les m\u00e9tiers<\/strong>, les outils, la documentation aupr\u00e8s des professionnels, les services \u00e0 destination des publics<\/li>\n<li>les <strong>annonces de recrutements<\/strong>, de stages et d&rsquo;apprentissages<\/li>\n<\/ul>\n<p class=\"itemgray\" style=\"text-align:center;\"><a href=\"https:\/\/www.linkedin.com\/company\/bubmontaigne\/\" class=\"invisible\" onclick=\"window.open(this.href); return false;\" rel=\"nofollow noopener\" target=\"_blank\"><img loading=\"lazy\" decoding=\"async\" src=\"https:\/\/www.europesays.com\/fr\/wp-content\/uploads\/2025\/09\/paste_226x560.png\" alt=\"\" width=\"560\" height=\"226\"\/><\/a><\/p>\n<p><a href=\"https:\/\/www.linkedin.com\/company\/bubmontaigne\" class=\"external\" onclick=\"window.open(this.href); return false;\" rel=\"nofollow noopener\" target=\"_blank\"><strong>Suivre les biblioth\u00e8ques de l&rsquo;Universit\u00e9 Bordeaux Montaigne<\/strong> sur LinkedIn<\/a><\/p>\n<p><a name=\"N100B4\"\/><a name=\"N100B6\"\/>Les biblioth\u00e8ques sur les r\u00e9seaux<\/p>\n<p>Cette nouvelle page vient enrichir la pr\u00e9sence en ligne et la communication du SCD (\u00ab\u00a0Les BU de Bordeaux Montaigne\u00a0\u00bb @bubmontaigne) :<\/p>\n<p class=\"content-contact\">Contact : <a id=\"M863948743275315\">scd-com @ u-bordeaux-montaigne.fr (scd-com @ u-bordeaux-montaigne.fr)<\/a><\/p>\n","protected":false},"excerpt":{"rendered":"Biblioth\u00e8ques Les biblioth\u00e8ques rejoignent la communaut\u00e9 LinkedIn Du 29 septembre 2025 au 31 d\u00e9cembre 2025 Mis \u00e0 jour&hellip;\n","protected":false},"author":2,"featured_media":427561,"comment_status":"","ping_status":"","sticky":false,"template":"","format":"standard","meta":{"footnotes":""},"categories":[2817],"tags":[1111,11,1997,1777,674,1011,27,12,2219,25],"class_list":{"0":"post-427560","1":"post","2":"type-post","3":"status-publish","4":"format-standard","5":"has-post-thumbnail","7":"category-bordeaux","8":"tag-actu","9":"tag-actualites","10":"tag-bordeaux","11":"tag-eu","12":"tag-europe","13":"tag-fr","14":"tag-france","15":"tag-news","16":"tag-nouvelle-aquitaine","17":"tag-republique-francaise"},"share_on_mastodon":{"url":"https:\/\/pubeurope.com\/@fr\/115290943359367748","error":""},"_links":{"self":[{"href":"https:\/\/www.europesays.com\/fr\/wp-json\/wp\/v2\/posts\/427560","targetHints":{"allow":["GET"]}}],"collection":[{"href":"https:\/\/www.europesays.com\/fr\/wp-json\/wp\/v2\/posts"}],"about":[{"href":"https:\/\/www.europesays.com\/fr\/wp-json\/wp\/v2\/types\/post"}],"author":[{"embeddable":true,"href":"https:\/\/www.europesays.com\/fr\/wp-json\/wp\/v2\/users\/2"}],"replies":[{"embeddable":true,"href":"https:\/\/www.europesays.com\/fr\/wp-json\/wp\/v2\/comments?post=427560"}],"version-history":[{"count":0,"href":"https:\/\/www.europesays.com\/fr\/wp-json\/wp\/v2\/posts\/427560\/revisions"}],"wp:featuredmedia":[{"embeddable":true,"href":"https:\/\/www.europesays.com\/fr\/wp-json\/wp\/v2\/media\/427561"}],"wp:attachment":[{"href":"https:\/\/www.europesays.com\/fr\/wp-json\/wp\/v2\/media?parent=427560"}],"wp:term":[{"taxonomy":"category","embeddable":true,"href":"https:\/\/www.europesays.com\/fr\/wp-json\/wp\/v2\/categories?post=427560"},{"taxonomy":"post_tag","embeddable":true,"href":"https:\/\/www.europesays.com\/fr\/wp-json\/wp\/v2\/tags?post=427560"}],"curies":[{"name":"wp","href":"https:\/\/api.w.org\/{rel}","templated":true}]}}