{"id":427570,"date":"2025-09-30T02:46:12","date_gmt":"2025-09-30T02:46:12","guid":{"rendered":"https:\/\/www.europesays.com\/fr\/427570\/"},"modified":"2025-09-30T02:46:12","modified_gmt":"2025-09-30T02:46:12","slug":"un-accident-impliquant-un-deux-roues-provoque-un-bouchon-sur-la7-a-lentree-de-marseille","status":"publish","type":"post","link":"https:\/\/www.europesays.com\/fr\/427570\/","title":{"rendered":"un accident impliquant un deux-roues provoque un bouchon sur l&rsquo;A7 \u00e0 l&rsquo;entr\u00e9e de Marseille"},"content":{"rendered":"<p>Sur l\u2019autoroute A7, \u00e0 l\u2019entr\u00e9e de Marseille, un accident vient de se produire. Il implique une camionnette et un deux-roues. Une personne a \u00e9t\u00e9 l\u00e9g\u00e8rement bless\u00e9e. Une autre, impliqu\u00e9e dans le choc, est indemne, annoncent les secours.<\/p>\n<p>La voie rapide et celle du milieu sont neutralis\u00e9es dans le secteur afin de s\u00e9curiser le trafic. Les pompiers de Bouches-du-Rh\u00f4ne interviennent dans la zone. Pour l\u2019heure, un bouchon de presque deux kilom\u00e8tres est en cours.<\/p>\n<p>Les patrouilleurs de la Direction interd\u00e9partementale des routes de M\u00e9diterran\u00e9e (Dirmed) sont sur place. Il est important de ralentir votre vitesse quand vous arrivez dans cette zone o\u00f9 le trafic est perturb\u00e9.<\/p>\n","protected":false},"excerpt":{"rendered":"Sur l\u2019autoroute A7, \u00e0 l\u2019entr\u00e9e de Marseille, un accident vient de se produire. Il implique une camionnette et&hellip;\n","protected":false},"author":2,"featured_media":427571,"comment_status":"","ping_status":"","sticky":false,"template":"","format":"standard","meta":{"footnotes":""},"categories":[2814],"tags":[17,119,1111,11,4899,1102,9582,1777,674,274,1011,27,7726,1922,884,12,882,7481,25,1097],"class_list":{"0":"post-427570","1":"post","2":"type-post","3":"status-publish","4":"format-standard","5":"has-post-thumbnail","7":"category-marseille","8":"tag-17","9":"tag-accident","10":"tag-actu","11":"tag-actualites","12":"tag-bouchon","13":"tag-breakingnews","14":"tag-deux-roues","15":"tag-eu","16":"tag-europe","17":"tag-faits-divers-justice","18":"tag-fr","19":"tag-france","20":"tag-impliquant","21":"tag-info","22":"tag-marseille","23":"tag-news","24":"tag-provence-alpes-cote-dazur","25":"tag-provoque","26":"tag-republique-francaise","27":"tag-trafic"},"share_on_mastodon":{"url":"https:\/\/pubeurope.com\/@fr\/115290962954206750","error":""},"_links":{"self":[{"href":"https:\/\/www.europesays.com\/fr\/wp-json\/wp\/v2\/posts\/427570","targetHints":{"allow":["GET"]}}],"collection":[{"href":"https:\/\/www.europesays.com\/fr\/wp-json\/wp\/v2\/posts"}],"about":[{"href":"https:\/\/www.europesays.com\/fr\/wp-json\/wp\/v2\/types\/post"}],"author":[{"embeddable":true,"href":"https:\/\/www.europesays.com\/fr\/wp-json\/wp\/v2\/users\/2"}],"replies":[{"embeddable":true,"href":"https:\/\/www.europesays.com\/fr\/wp-json\/wp\/v2\/comments?post=427570"}],"version-history":[{"count":0,"href":"https:\/\/www.europesays.com\/fr\/wp-json\/wp\/v2\/posts\/427570\/revisions"}],"wp:featuredmedia":[{"embeddable":true,"href":"https:\/\/www.europesays.com\/fr\/wp-json\/wp\/v2\/media\/427571"}],"wp:attachment":[{"href":"https:\/\/www.europesays.com\/fr\/wp-json\/wp\/v2\/media?parent=427570"}],"wp:term":[{"taxonomy":"category","embeddable":true,"href":"https:\/\/www.europesays.com\/fr\/wp-json\/wp\/v2\/categories?post=427570"},{"taxonomy":"post_tag","embeddable":true,"href":"https:\/\/www.europesays.com\/fr\/wp-json\/wp\/v2\/tags?post=427570"}],"curies":[{"name":"wp","href":"https:\/\/api.w.org\/{rel}","templated":true}]}}