{"id":427572,"date":"2025-09-30T02:47:10","date_gmt":"2025-09-30T02:47:10","guid":{"rendered":"https:\/\/www.europesays.com\/fr\/427572\/"},"modified":"2025-09-30T02:47:10","modified_gmt":"2025-09-30T02:47:10","slug":"previsions-du-mardi-30-septembre-2025-15","status":"publish","type":"post","link":"https:\/\/www.europesays.com\/fr\/427572\/","title":{"rendered":"pr\u00e9visions du mardi 30 septembre 2025"},"content":{"rendered":"<p class=\"mb-4 text-lg md:leading-8 break-words\"><strong>M\u00e9t\u00e9o &#8211; La journ\u00e9e qui s&rsquo;annonce, promet d&rsquo;\u00eatre superbe et ensoleill\u00e9e ! Les temp\u00e9ratures seront de 19\u00b0C la matin\u00e9e et de 22\u00b0C l&rsquo;apr\u00e8s-midi&#8230;<\/strong><\/p>\n<p class=\"mb-4 text-lg md:leading-8 break-words\">Marseille va \u00eatre baign\u00e9e de soleil durant cette journ\u00e9e. Les temp\u00e9ratures seront comprises entre 17 et 22\u00b0C. Les valeurs afficheront entre 17\u00b0C et 21\u00b0C dans la matin\u00e9e. Un vent de nord soufflera l\u00e9g\u00e8rement. Les temp\u00e9ratures s&rsquo;\u00e9chelonneront entre 21 et 22\u00b0C pendant l&rsquo;apr\u00e8s-midi. On annonce une embellie pour cette soir\u00e9e. Il fera 20\u00b0C en moyenne. Durant la nuit de mardi \u00e0 mercredi, le ciel sera clair.<\/p>\n<p class=\"mb-4 text-lg md:leading-8 break-words\">Demain, les Marseillais vont pouvoir profiter d&rsquo;un soleil radieux. Une chute du mercure est \u00e0 pr\u00e9voir. Les valeurs seront comprises entre 16 et 22\u00b0C. Un vent de nord-ouest rafra\u00eechira l\u00e9g\u00e8rement l&rsquo;atmosph\u00e8re. Il va faire environ 19\u00b0C, le matin. Les maximales pourront atteindre 22\u00b0C dans l&rsquo;apr\u00e8s-midi alors que les minimales seront de 21\u00b0C. Des \u00e9claircies feront leur apparition dans la soir\u00e9e. Les temp\u00e9ratures iront de 19 \u00e0 20\u00b0C.<\/p>\n<p class=\"mb-4 text-lg md:leading-8 break-words\">Le temps des jours qui suivent va se d\u00e9grader. Un ciel pluvieux, pour des temp\u00e9ratures de 18\u00b0C en moyenne, est pr\u00e9vu.<\/p>\n<p class=\"mb-4 text-lg md:leading-8 break-words\"><a href=\"https:\/\/www.20minutes.fr\/planete\/previsions-meteo\/4176049-20250930-meteo-marseille-previsions-mardi-30-septembre-2025?at_medium=RSS%20feed&amp;at_campaign=ynews&amp;utm_source=yahoo&amp;utm_medium=rss&amp;utm_campaign=news_feed&amp;utm_content=read_more_link&quot;\" rel=\"nofollow noopener\" target=\"_blank\" data-ylk=\"slk:Lire la suite sur 20minutes;elm:context_link;itc:0;sec:content-canvas\" class=\"link \">Lire la suite sur 20minutes<\/a><\/p>\n","protected":false},"excerpt":{"rendered":"M\u00e9t\u00e9o &#8211; La journ\u00e9e qui s&rsquo;annonce, promet d&rsquo;\u00eatre superbe et ensoleill\u00e9e ! Les temp\u00e9ratures seront de 19\u00b0C la&hellip;\n","protected":false},"author":2,"featured_media":427573,"comment_status":"","ping_status":"","sticky":false,"template":"","format":"standard","meta":{"footnotes":""},"categories":[2814],"tags":[1111,11,55654,1777,674,1011,27,51394,12434,884,2487,12,882,25],"class_list":{"0":"post-427572","1":"post","2":"type-post","3":"status-publish","4":"format-standard","5":"has-post-thumbnail","7":"category-marseille","8":"tag-actu","9":"tag-actualites","10":"tag-durant","11":"tag-eu","12":"tag-europe","13":"tag-fr","14":"tag-france","15":"tag-la-matinee","16":"tag-les-marseillais","17":"tag-marseille","18":"tag-meteo","19":"tag-news","20":"tag-provence-alpes-cote-dazur","21":"tag-republique-francaise"},"share_on_mastodon":{"url":"https:\/\/pubeurope.com\/@fr\/115290966820466395","error":""},"_links":{"self":[{"href":"https:\/\/www.europesays.com\/fr\/wp-json\/wp\/v2\/posts\/427572","targetHints":{"allow":["GET"]}}],"collection":[{"href":"https:\/\/www.europesays.com\/fr\/wp-json\/wp\/v2\/posts"}],"about":[{"href":"https:\/\/www.europesays.com\/fr\/wp-json\/wp\/v2\/types\/post"}],"author":[{"embeddable":true,"href":"https:\/\/www.europesays.com\/fr\/wp-json\/wp\/v2\/users\/2"}],"replies":[{"embeddable":true,"href":"https:\/\/www.europesays.com\/fr\/wp-json\/wp\/v2\/comments?post=427572"}],"version-history":[{"count":0,"href":"https:\/\/www.europesays.com\/fr\/wp-json\/wp\/v2\/posts\/427572\/revisions"}],"wp:featuredmedia":[{"embeddable":true,"href":"https:\/\/www.europesays.com\/fr\/wp-json\/wp\/v2\/media\/427573"}],"wp:attachment":[{"href":"https:\/\/www.europesays.com\/fr\/wp-json\/wp\/v2\/media?parent=427572"}],"wp:term":[{"taxonomy":"category","embeddable":true,"href":"https:\/\/www.europesays.com\/fr\/wp-json\/wp\/v2\/categories?post=427572"},{"taxonomy":"post_tag","embeddable":true,"href":"https:\/\/www.europesays.com\/fr\/wp-json\/wp\/v2\/tags?post=427572"}],"curies":[{"name":"wp","href":"https:\/\/api.w.org\/{rel}","templated":true}]}}