{"id":427574,"date":"2025-09-30T02:48:12","date_gmt":"2025-09-30T02:48:12","guid":{"rendered":"https:\/\/www.europesays.com\/fr\/427574\/"},"modified":"2025-09-30T02:48:12","modified_gmt":"2025-09-30T02:48:12","slug":"de-grands-changements-attendus-dans-ces-trois-communes-de-la-metropole-de-lyon","status":"publish","type":"post","link":"https:\/\/www.europesays.com\/fr\/427574\/","title":{"rendered":"de grands changements attendus dans ces trois communes de la M\u00e9tropole de Lyon"},"content":{"rendered":"<p itemprop=\"description\"><strong>Encore des travaux dans la M\u00e9tropole de Lyon ? Oui, mais cette fois, pour les pi\u00e9tons.<\/strong><\/p>\n<p>La M\u00e9tropole de Lyon poursuit son Plan pi\u00e9ton, lanc\u00e9 en juin 2022 et dot\u00e9 de 25 millions d\u2019euros. Trois ans apr\u00e8s sa mise en place, de nouvelles op\u00e9rations ont \u00e9t\u00e9 vot\u00e9es ce lundi en Conseil m\u00e9tropolitain.<\/p>\n<p>La collectivit\u00e9 annonce avoir approuv\u00e9 \u00ab\u00a0la r\u00e9alisation de travaux de voirie pour la cr\u00e9ation de trottoirs et l\u2019am\u00e9lioration des cheminements pi\u00e9tons sur les communes de Fleurieu-sur-Sa\u00f4ne, Genay et Givors\u00a0\u00bb.<\/p>\n<p>L\u2019investissement total est de 469 200 \u20ac TTC, dont 243 200 \u20ac financ\u00e9s au titre du Plan pi\u00e9ton.<\/p>\n<p>\u00c0 Fleurieu-sur-Sa\u00f4ne, il s\u2019agit de \u00ab\u00a0la cr\u00e9ation d\u2019un trottoir sur un court tron\u00e7on de la rue de l\u2019Ancienne \u00e9glise\u00a0\u00bb \u00a0afin de r\u00e9tablir une continuit\u00e9 pi\u00e9tonne. Le co\u00fbt est de 90 200 \u20ac, dont 80 200 \u20ac pris en charge par la M\u00e9tropole.<\/p>\n<p>Du c\u00f4t\u00e9 de Genay, la collectivit\u00e9 financera \u00ab\u00a0la cr\u00e9ation d\u2019une travers\u00e9e pi\u00e9tonne s\u00e9curis\u00e9e au niveau de l\u2019\u00e9cole primaire Jacques-Yves Cousteau\u00a0\u00bb. Le montant s\u2019\u00e9l\u00e8ve \u00e0 295 000 \u20ac, dont 100 000 \u20ac apport\u00e9s par le Plan pi\u00e9ton.<\/p>\n<p>Enfin, \u00e0 Givors, les travaux visent \u00e0\u00a0\u00ab\u00a0l\u2019\u00e9largissement des trottoirs rue Liauthaud, entre la rue Henri Wallon et l\u2019\u00e9cole \u00e9l\u00e9mentaire Picard-Liauthaud\u00a0\u00bb. Montant du chantier : 84 000 \u20ac, dont 63 000 \u20ac financ\u00e9s par la collectivit\u00e9.<\/p>\n","protected":false},"excerpt":{"rendered":"Encore des travaux dans la M\u00e9tropole de Lyon ? Oui, mais cette fois, pour les pi\u00e9tons. La M\u00e9tropole&hellip;\n","protected":false},"author":2,"featured_media":427575,"comment_status":"","ping_status":"","sticky":false,"template":"","format":"standard","meta":{"footnotes":""},"categories":[1889],"tags":[1111,11,2813,2190,2430,1109,251,1112,2811,1777,674,118,1011,27,1922,1110,1114,2428,2810,12,241,316,25,2812,517,800],"class_list":{"0":"post-427574","1":"post","2":"type-post","3":"status-publish","4":"format-standard","5":"has-post-thumbnail","7":"category-lyon","8":"tag-actu","9":"tag-actualites","10":"tag-article","11":"tag-asvel","12":"tag-auvergne-rhone-alpes","13":"tag-breves","14":"tag-culture","15":"tag-depeches","16":"tag-economique","17":"tag-eu","18":"tag-europe","19":"tag-faits-divers","20":"tag-fr","21":"tag-france","22":"tag-info","23":"tag-informations","24":"tag-infos","25":"tag-lyon","26":"tag-lyonmag","27":"tag-news","28":"tag-ol","29":"tag-politique","30":"tag-republique-francaise","31":"tag-sociale","32":"tag-sport","33":"tag-transports"},"share_on_mastodon":{"url":"https:\/\/pubeurope.com\/@fr\/115290970781010649","error":""},"_links":{"self":[{"href":"https:\/\/www.europesays.com\/fr\/wp-json\/wp\/v2\/posts\/427574","targetHints":{"allow":["GET"]}}],"collection":[{"href":"https:\/\/www.europesays.com\/fr\/wp-json\/wp\/v2\/posts"}],"about":[{"href":"https:\/\/www.europesays.com\/fr\/wp-json\/wp\/v2\/types\/post"}],"author":[{"embeddable":true,"href":"https:\/\/www.europesays.com\/fr\/wp-json\/wp\/v2\/users\/2"}],"replies":[{"embeddable":true,"href":"https:\/\/www.europesays.com\/fr\/wp-json\/wp\/v2\/comments?post=427574"}],"version-history":[{"count":0,"href":"https:\/\/www.europesays.com\/fr\/wp-json\/wp\/v2\/posts\/427574\/revisions"}],"wp:featuredmedia":[{"embeddable":true,"href":"https:\/\/www.europesays.com\/fr\/wp-json\/wp\/v2\/media\/427575"}],"wp:attachment":[{"href":"https:\/\/www.europesays.com\/fr\/wp-json\/wp\/v2\/media?parent=427574"}],"wp:term":[{"taxonomy":"category","embeddable":true,"href":"https:\/\/www.europesays.com\/fr\/wp-json\/wp\/v2\/categories?post=427574"},{"taxonomy":"post_tag","embeddable":true,"href":"https:\/\/www.europesays.com\/fr\/wp-json\/wp\/v2\/tags?post=427574"}],"curies":[{"name":"wp","href":"https:\/\/api.w.org\/{rel}","templated":true}]}}