{"id":427576,"date":"2025-09-30T02:49:16","date_gmt":"2025-09-30T02:49:16","guid":{"rendered":"https:\/\/www.europesays.com\/fr\/427576\/"},"modified":"2025-09-30T02:49:16","modified_gmt":"2025-09-30T02:49:16","slug":"commerces-la-metropole-de-lyon-participe-au-redressement-de-my-presquile","status":"publish","type":"post","link":"https:\/\/www.europesays.com\/fr\/427576\/","title":{"rendered":"Commerces : la M\u00e9tropole de Lyon participe au redressement de My Presqu&rsquo;\u00eele"},"content":{"rendered":"<p><img loading=\"lazy\" decoding=\"async\" alt=\"\u00a9 Flavien Crozier - La fr\u00e9quentation des commerces de centre-ville de Lyon et l'association My Presqu'\u00eele se sont \u00e0 nouveau retrouv\u00e9s au centre des d\u00e9bats politiques, lors du conseil m\u00e9tropolitain le 29 septembre.\" data-zoom-src=\"https:\/\/www.europesays.com\/fr\/wp-content\/uploads\/2025\/09\/initial-commerce-lyon-credit-flavien-crozier.jpg\" data-zoomable=\"\" height=\"702\" src=\"https:\/\/www.europesays.com\/fr\/wp-content\/uploads\/2025\/09\/initial-commerce-lyon-credit-flavien-crozier.jpg\" width=\"1248\"\/>  <\/p>\n<p class=\"article-desc\">\u00a9 Flavien Crozier &#8211; La fr\u00e9quentation des commerces de centre-ville de Lyon et l&rsquo;association My Presqu&rsquo;\u00eele se sont \u00e0 nouveau retrouv\u00e9s au centre des d\u00e9bats politiques, lors du conseil m\u00e9tropolitain le 29 septembre. <\/p>\n<p>Apr\u00e8s la <strong>Ville de\u00a0Lyon <\/strong>&#8211; qui a la comp\u00e9tence du commerce ind\u00e9pendant &#8211; jeudi dernier, qui a vot\u00e9 <a href=\"https:\/\/mesinfos.fr\/69000-lyon\/commercants-la-ville-de-lyon-vote-une-subvention-de-60-000-euros-a-my-presqu-ile-230628.html\" rel=\"nofollow noopener\" target=\"_blank\">60 000 euros de subvention exceptionnelle<\/a> en conseil municipal, c&rsquo;\u00e9tait au tour de la <strong>M\u00e9tropole de Lyon<\/strong>, ce lundi 29 septembre, de voter une <strong>subvention exceptionnelle\u00a0de 20 000 euros\u00a0<\/strong>\u00e0 destination de l&rsquo;association commer\u00e7ante <strong>My Presqu&rsquo;\u00eele<\/strong>. <\/p>\n<p>Comme en miroir au conseil municipal de Lyon, l&rsquo;opposition \u00e0 la majorit\u00e9 m\u00e9tropolitaine \u00e9cologiste a fustig\u00e9 les travaux de voirie en Presqu&rsquo;\u00eele et la zone \u00e0 trafic limit\u00e9, comme principaux responsables de la <strong>baisse de chiffre d&rsquo;affaires des commer\u00e7ants<\/strong> de centre-ville. <\/p>\n<p>Pourquoi\u00a0My\u00a0Presqu&rsquo;\u00eele est en difficult\u00e9 financi\u00e8re <\/p>\n<p>Cette enveloppe doit aider l\u2019association \u00e0 faire face \u00e0 son <strong>d\u00e9s\u00e9quilibre financier <\/strong>actuel. La crise sanitaire de 2020 a marqu\u00e9 un tournant : le choix de ne pas facturer de cotisations aux commer\u00e7ants, en solidarit\u00e9 avec les acteurs locaux, a creus\u00e9 un d\u00e9ficit persistant. <\/p>\n<p>\u00c0 cela s\u2019ajoutent une <strong>baisse des adh\u00e9sions<\/strong>, une hausse des impay\u00e9s et le retrait de certains partenaires priv\u00e9s, fragilisant un mod\u00e8le \u00e9conomique d\u00e9j\u00e0 mis \u00e0 mal par les mutations du commerce. R\u00e9sultat : des fonds propres n\u00e9gatifs (-155 398 euros fin 2024) et une tr\u00e9sorerie sous tension, avec des dettes s\u2019\u00e9levant \u00e0 204 419 euros.<\/p>\n<p>Pour inverser la tendance, My Presqu\u2019\u00eele a lanc\u00e9 <strong>un plan pr\u00e9ventif de redressement 2025-2026<\/strong>. Objectifs : r\u00e9\u00e9quilibrer le mod\u00e8le \u00e9conomique, apurer le d\u00e9ficit, et reconstituer la tr\u00e9sorerie.<\/p>\n<p>Les leviers ? Une priorisation des projets \u00e0 fort impact (comme le Lyon braderie festival qui aura lieu en octobre), une relance des adh\u00e9sions, un renforcement des partenariats et une r\u00e9duction continue des charges. L\u2019association table sur 82 000 euros d\u2019\u00e9conomies et 80 000 euros de recettes suppl\u00e9mentaires d\u2019ici 2026. <\/p>\n<p> My Presqu&rsquo;\u00eele au c\u0153ur du dynamisme commercial lyonnais <\/p>\n<p>Depuis 2006, l&rsquo;association m\u00e8ne une d\u00e9marche de <strong>management de centre-ville<\/strong>\u00a0sur la Presqu\u2019\u00eele de Lyon. En r\u00e9unissant acteurs publics et priv\u00e9s &#8211; collectivit\u00e9s, commer\u00e7ants, bailleurs, chambres consulaires &#8211; elle favorise une coordination des actions visant \u00e0 renforcer l\u2019<strong>attractivit\u00e9 commerciale<\/strong>. <\/p>\n<p>Son r\u00f4le d\u2019interface op\u00e9rationnelle entre les pouvoirs publics et les commer\u00e7ants a permis de porter des projets comme le Lyon braderie festival, les guides de promotion du commerce local, ou encore des partenariats pour une logistique urbaine d\u00e9carbon\u00e9e.<\/p>\n","protected":false},"excerpt":{"rendered":"\u00a9 Flavien Crozier &#8211; La fr\u00e9quentation des commerces de centre-ville de Lyon et l&rsquo;association My Presqu&rsquo;\u00eele se sont&hellip;\n","protected":false},"author":2,"featured_media":427577,"comment_status":"","ping_status":"","sticky":false,"template":"","format":"standard","meta":{"footnotes":""},"categories":[1889],"tags":[1111,11,2430,7227,1777,674,1011,27,2428,13099,12,55655,25],"class_list":{"0":"post-427576","1":"post","2":"type-post","3":"status-publish","4":"format-standard","5":"has-post-thumbnail","7":"category-lyon","8":"tag-actu","9":"tag-actualites","10":"tag-auvergne-rhone-alpes","11":"tag-commerces","12":"tag-eu","13":"tag-europe","14":"tag-fr","15":"tag-france","16":"tag-lyon","17":"tag-mu00e9tropole-de-lyon","18":"tag-news","19":"tag-presquu00eele-de-lyon","20":"tag-republique-francaise"},"share_on_mastodon":{"url":"https:\/\/pubeurope.com\/@fr\/115290975244487888","error":""},"_links":{"self":[{"href":"https:\/\/www.europesays.com\/fr\/wp-json\/wp\/v2\/posts\/427576","targetHints":{"allow":["GET"]}}],"collection":[{"href":"https:\/\/www.europesays.com\/fr\/wp-json\/wp\/v2\/posts"}],"about":[{"href":"https:\/\/www.europesays.com\/fr\/wp-json\/wp\/v2\/types\/post"}],"author":[{"embeddable":true,"href":"https:\/\/www.europesays.com\/fr\/wp-json\/wp\/v2\/users\/2"}],"replies":[{"embeddable":true,"href":"https:\/\/www.europesays.com\/fr\/wp-json\/wp\/v2\/comments?post=427576"}],"version-history":[{"count":0,"href":"https:\/\/www.europesays.com\/fr\/wp-json\/wp\/v2\/posts\/427576\/revisions"}],"wp:featuredmedia":[{"embeddable":true,"href":"https:\/\/www.europesays.com\/fr\/wp-json\/wp\/v2\/media\/427577"}],"wp:attachment":[{"href":"https:\/\/www.europesays.com\/fr\/wp-json\/wp\/v2\/media?parent=427576"}],"wp:term":[{"taxonomy":"category","embeddable":true,"href":"https:\/\/www.europesays.com\/fr\/wp-json\/wp\/v2\/categories?post=427576"},{"taxonomy":"post_tag","embeddable":true,"href":"https:\/\/www.europesays.com\/fr\/wp-json\/wp\/v2\/tags?post=427576"}],"curies":[{"name":"wp","href":"https:\/\/api.w.org\/{rel}","templated":true}]}}