{"id":42758,"date":"2025-04-22T00:43:10","date_gmt":"2025-04-22T00:43:10","guid":{"rendered":"https:\/\/www.europesays.com\/fr\/42758\/"},"modified":"2025-04-22T00:43:10","modified_gmt":"2025-04-22T00:43:10","slug":"ce-que-vous-pourriez-perdre-avec-le-budget-2026","status":"publish","type":"post","link":"https:\/\/www.europesays.com\/fr\/42758\/","title":{"rendered":"ce que vous pourriez perdre avec le budget 2026"},"content":{"rendered":"<p>        Montrer le sommaire<br \/>\n        Cacher le sommaire <\/p>\n<p>Le budget 2026 s\u2019annonce comme une v\u00e9ritable cure. <a href=\"https:\/\/www.nuitfrance.fr\/a-la-une\/186710-le-salaire-colossal-que-va-percevoir-le-nouveau-premier-ministre-francois-bayrou\/\" rel=\"nofollow noopener\" target=\"_blank\">Fran\u00e7ois Bayrou<\/a>, fra\u00eechement nomm\u00e9 Premier ministre, ne va pas faire les choses \u00e0 moiti\u00e9. En effet, il veut <strong>ramener le d\u00e9ficit public de 5,4 % \u00e0 4,6 % du PIB<\/strong>.<\/p>\n<p>Pour y parvenir, son \u00e9quipe pr\u00e9pare un <strong>effort colossal de 40 milliards d\u2019euros<\/strong>. Derri\u00e8re les grands chiffres, certaines mesures vont <a href=\"https:\/\/www.nuitfrance.fr\/actualite\/190320-impots-sur-les-livrets-depargne-et-lassurance-vie-francois-bayrou-pret-a-attaquer-largent-des-francais\/\" rel=\"nofollow noopener\" target=\"_blank\">impacter les Fran\u00e7ais<\/a>, secteur par secteur.\n<\/p>\n<p>Les imp\u00f4ts pour redresser le budget<\/p>\n<p>R\u00e9duction des d\u00e9penses, coupes cibl\u00e9es, r\u00e9vision des aides, le budget ne laisse rien de c\u00f4t\u00e9. <strong>Am\u00e9lie de Montchalin, charg\u00e9e des Comptes publics<\/strong>, assume ce virage. Elle promet de <a href=\"https:\/\/www.nuitfrance.fr\/actualite\/187071-des-impots-plus-eleves-pour-2025-ce-que-francois-bayrou-reserve-aux-francais\/\" rel=\"nofollow noopener\" target=\"_blank\">supprimer les niches fiscales<\/a> les moins utiles. Celles qui selon elles co\u00fbtent cher sans r\u00e9elle efficacit\u00e9.<\/p>\n<p>Pendant ce temps, <strong>Marc Ferracci, ministre de l\u2019Industrie<\/strong>, envisage aussi de mettre fin \u00e0 l\u2019abattement fiscal <a href=\"https:\/\/www.nuitfrance.fr\/a-la-une\/197889-budget-2026-bayrou-va-t-il-sattaquer-aux-retraites-il-devoile-ses-options\/\" rel=\"nofollow noopener\" target=\"_blank\">pour les retrait\u00e9s<\/a>. Une \u00e9conomie pour l\u2019\u00c9tat, mais bien entendu des finances perturb\u00e9es pour de nombreux foyers.<\/p>\n<p><a class=\"related-article simple\" href=\"https:\/\/www.nuitfrance.fr\/a-la-une\/198049-adieu-a-ces-produits-populaires-la-nouvelle-interdiction-de-lue-va-t-elle-impacter-le-budget-des-francais\/\" rel=\"nofollow noopener\" target=\"_blank\"><br \/>\n                        \u00c0 voir<br \/>\n                        Adieu \u00e0 ces produits populaires : la nouvelle interdiction de l\u2019UE va-t-elle impacter le budget des Fran\u00e7ais ?<\/p>\n<p>                        <\/a><\/p>\n<p>Le gouvernement mise gros sur une r\u00e9vision des avantages fiscaux. Objectif : <strong>r\u00e9cup\u00e9rer 8 milliards d\u2019euros<\/strong>. Avec ses 467 niches fiscales, la France dispose d\u2019un stock impressionnant de d\u00e9rogations. Mais pour le nouveau budget, il est temps de faire le tri.\n<\/p>\n<p>Les retrait\u00e9s ont aussi \u00e0 perdre<\/p>\n<p>Certaines niches <strong>ne profitent qu\u2019\u00e0 une poign\u00e9e de contribuables<\/strong>, souvent tr\u00e8s ais\u00e9s, soutient le gouvernement. D\u2019autres, jug\u00e9es inefficaces, vont \u00e9galement dispara\u00eetre.<\/p>\n<p>Selon le rapport du <strong>Journal de l\u2019\u00c9conomie<\/strong>, pr\u00e8s d\u2019une <strong>quarantaine de niches fiscales co\u00fbtent \u00e0 elles seules plus de 100 millions d\u2019euros chacune<\/strong>. Pourtant, elles ne profitent qu\u2019\u00e0 un nombre restreint de foyers. M\u00eame si les services \u00e0 la personne devaient rester intacts, d\u2019autres secteurs moins m\u00e9diatis\u00e9s pourraient faire les frais de ce projet.\n<\/p>\n<p>S\u2019attaquer aux fraudes fiscales pour renflouer le budget<\/p>\n<p>Fran\u00e7ois Bayrou veut aussi s\u2019attaquer \u00e0 la fraude fiscale et sociale. L\u00e0 encore, le budget 2026 mise sur des contr\u00f4les plus rudes. L\u2019objectif est un <strong>chiffre ambitieux de 15 milliards d\u2019euros r\u00e9cup\u00e9r\u00e9s en 2026<\/strong>. C\u2019est contre 13 milliards deux ans plus t\u00f4t, rappelle <strong>Le Journal de l\u2019\u00c9conomie<\/strong>.\n<\/p>\n<p>Pour y arriver, l\u2019\u00c9tat compte ainsi sur de nouveaux outils num\u00e9riques et une surveillance mieux renforc\u00e9e que jamais. Le fisc envisage en effet de s\u2019appuyer sur <strong>l\u2019intelligence artificielle pour recouper les donn\u00e9es bancaires, immobili\u00e8res et sociales<\/strong>.<\/p>\n<p><a class=\"related-article simple\" href=\"https:\/\/www.nuitfrance.fr\/a-la-une\/182021-tous-ces-changements-qui-vont-fortement-impacter-votre-budget-des-le-1er-novembre\/\" rel=\"nofollow noopener\" target=\"_blank\"><br \/>\n                        \u00c0 voir<br \/>\n                        Tous ces changements qui vont fortement impacter votre budget d\u00e8s le 1er novembre<\/p>\n<p>                        <\/a><\/p>\n<p>La m\u00e9thode permettrait de <strong>cibler les fraudeurs<\/strong>. Cependant, elle soul\u00e8ve des questions de confidentialit\u00e9 et de surcharge pour les contribuables honn\u00eates.\n<\/p>\n<p>Un budget qui veut r\u00e9duire les aides sociales<\/p>\n<p>Derri\u00e8re les annonces techniques, ce budget 2026 pourrait \u00e9galement faire mal aux plus modestes. En effet, <strong>plusieurs aides sont dans le viseur<\/strong>.\n<\/p>\n<p>Le <strong>ch\u00e8que \u00e9nergie<\/strong>, par exemple, qui aide les m\u00e9nages modestes \u00e0 payer leurs factures d\u2019\u00e9nergie, se trouve aujourd\u2019hui impact\u00e9. Ainsi, d\u00e8s cette ann\u00e9e, elle va devenir plus difficile d\u2019acc\u00e8s. Pareil pour <strong>MaPrimeR\u00e9nov<\/strong>, qui soutient la r\u00e9novation \u00e9nerg\u00e9tique des logements. Elle pourrait subir une baisse de financement.<\/p>\n<p>Toujours selon <strong>Le Journal de l\u2019\u00c9conomie<\/strong>, le gouvernement envisage de r\u00e9server ces dispositifs \u00e0 des foyers encore plus cibl\u00e9s, quitte \u00e0 exclure des milliers de b\u00e9n\u00e9ficiaires actuels.\u00a0Il semble donc que les trous de la passoire vont se r\u00e9duire pour ces <strong>aides auxquelles des milliers, voire des millions, de personnes avaient l\u2019habitude de toucher<\/strong>.\n<\/p>\n<p>Le budget 2026 ne se contente pas d\u2019ajuster des colonnes Excel. Fran\u00e7ois Bayrou et son \u00e9quipe affirment vouloir <strong>sauver les comptes publics<\/strong>. Mais pour beaucoup de Fran\u00e7ais, cette op\u00e9ration va se traduire par de grosses pertes. Et ce n\u2019est qu\u2019un d\u00e9but.\n<\/p>\n<p><strong>Source : <a href=\"https:\/\/www.journaldeleconomie.fr\/francois-bayrou-serre-la-vis-ce-que-vous-allez-perdre-avec-le-budget-2026\/\" rel=\"nofollow noopener\" target=\"_blank\">Le Journal de l\u2019\u00c9conomie<\/a><\/strong><\/p>\n","protected":false},"excerpt":{"rendered":"Montrer le sommaire Cacher le sommaire Le budget 2026 s\u2019annonce comme une v\u00e9ritable cure. Fran\u00e7ois Bayrou, fra\u00eechement nomm\u00e9&hellip;\n","protected":false},"author":2,"featured_media":42759,"comment_status":"","ping_status":"","sticky":false,"template":"","format":"standard","meta":{"footnotes":""},"categories":[6],"tags":[1003,35,33,34,1011,27],"class_list":{"0":"post-42758","1":"post","2":"type-post","3":"status-publish","4":"format-standard","5":"has-post-thumbnail","7":"category-economie","8":"tag-budget","9":"tag-business","10":"tag-economie","11":"tag-economy","12":"tag-fr","13":"tag-france"},"share_on_mastodon":{"url":"https:\/\/pubeurope.com\/@fr\/114378847387448710","error":""},"_links":{"self":[{"href":"https:\/\/www.europesays.com\/fr\/wp-json\/wp\/v2\/posts\/42758","targetHints":{"allow":["GET"]}}],"collection":[{"href":"https:\/\/www.europesays.com\/fr\/wp-json\/wp\/v2\/posts"}],"about":[{"href":"https:\/\/www.europesays.com\/fr\/wp-json\/wp\/v2\/types\/post"}],"author":[{"embeddable":true,"href":"https:\/\/www.europesays.com\/fr\/wp-json\/wp\/v2\/users\/2"}],"replies":[{"embeddable":true,"href":"https:\/\/www.europesays.com\/fr\/wp-json\/wp\/v2\/comments?post=42758"}],"version-history":[{"count":0,"href":"https:\/\/www.europesays.com\/fr\/wp-json\/wp\/v2\/posts\/42758\/revisions"}],"wp:featuredmedia":[{"embeddable":true,"href":"https:\/\/www.europesays.com\/fr\/wp-json\/wp\/v2\/media\/42759"}],"wp:attachment":[{"href":"https:\/\/www.europesays.com\/fr\/wp-json\/wp\/v2\/media?parent=42758"}],"wp:term":[{"taxonomy":"category","embeddable":true,"href":"https:\/\/www.europesays.com\/fr\/wp-json\/wp\/v2\/categories?post=42758"},{"taxonomy":"post_tag","embeddable":true,"href":"https:\/\/www.europesays.com\/fr\/wp-json\/wp\/v2\/tags?post=42758"}],"curies":[{"name":"wp","href":"https:\/\/api.w.org\/{rel}","templated":true}]}}