{"id":427580,"date":"2025-09-30T02:52:12","date_gmt":"2025-09-30T02:52:12","guid":{"rendered":"https:\/\/www.europesays.com\/fr\/427580\/"},"modified":"2025-09-30T02:52:12","modified_gmt":"2025-09-30T02:52:12","slug":"donald-trump-obtient-22-millions-de-dollars-de-youtube-apres-la-suspension-de-son-compte-a-la-suite-de-lassaut-du-capitole","status":"publish","type":"post","link":"https:\/\/www.europesays.com\/fr\/427580\/","title":{"rendered":"Donald Trump obtient 22\u00a0millions de dollars de YouTube apr\u00e8s la suspension de son compte \u00e0 la suite de l\u2019assaut du Capitole"},"content":{"rendered":"<p>                          <img loading=\"lazy\" decoding=\"async\" src=\"https:\/\/www.europesays.com\/fr\/wp-content\/uploads\/2025\/09\/faf0397_ftp-import-images-1-y9d14v3pys3n-5033528-01-06.jpg\" alt=\"Un panneau YouTube, devant le si\u00e8ge social de l\u2019entreprise, \u00e0 San Bruno (Californie), le 23\u00a0avril\u00a02025.\"   width=\"664\" height=\"443\"\/>    Un panneau YouTube, devant le si\u00e8ge social de l\u2019entreprise, \u00e0 San Bruno (Californie), le 23\u00a0avril\u00a02025.  JOSH EDELSON\/AFP                            <\/p>\n<p class=\"article__paragraph  \">YouTube a accept\u00e9 de verser 22\u00a0millions de dollars (environ 19\u00a0millions d\u2019euros) pour mettre fin aux poursuites entam\u00e9es par Donald Trump apr\u00e8s la suspension de son compte par la filiale de Google, cons\u00e9cutive \u00e0 l\u2019assaut du Capitole le 6\u00a0janvier\u00a02021, selon un document judiciaire publi\u00e9 lundi 29\u00a0septembre.<\/p>\n<p class=\"article__paragraph  \">Le site de vid\u00e9os en ligne est la derni\u00e8re plateforme \u00e0 s\u2019entendre avec le pr\u00e9sident am\u00e9ricain pour solder un contentieux entam\u00e9 en juillet\u00a02021, apr\u00e8s Meta et X (ex-Twitter). Les avocats du chef de l\u2019Etat ont indiqu\u00e9 que la somme serait revers\u00e9e \u00e0 un trust qui a notamment pour mission de financer la construction d\u2019une gigantesque salle de bal \u00e0 la Maison Blanche.<\/p>\n<p class=\"article__paragraph  \">Le 12\u00a0janvier\u00a02021, YouTube <a href=\"https:\/\/www.lemonde.fr\/pixels\/article\/2021\/01\/13\/youtube-limite-a-son-tour-le-compte-de-donald-trump_6066112_4408996.html\" rel=\"nofollow noopener\" target=\"_blank\">avait suspendu le compte de Donald Trump<\/a> au motif que l\u2019ancien promoteur immobilier avait enfreint le r\u00e8glement de la plateforme en appelant \u00e0 contester physiquement le r\u00e9sultat du scrutin pr\u00e9sidentiel de 2020.<\/p>\n<p class=\"article__paragraph  \">Le 6\u00a0janvier, des centaines de manifestants avaient pris d\u2019assaut le Capitole pour protester contre l\u2019homologation de la victoire de Joe Biden, un \u00e9v\u00e9nement qui avait choqu\u00e9 les Etats-Unis et le monde et provoqu\u00e9 la mort de cinq personnes. YouTube <a href=\"https:\/\/www.lemonde.fr\/pixels\/article\/2023\/03\/17\/donald-trump-va-pouvoir-revenir-sur-youtube_6165931_4408996.html\" rel=\"nofollow noopener\" target=\"_blank\">n\u2019avait r\u00e9tabli le compte de Donald Trump qu\u2019en mars\u00a02023<\/a>.<\/p>\n<p>                                         Lire aussi (2023) :  <a href=\"https:\/\/www.lemonde.fr\/pixels\/article\/2023\/03\/17\/donald-trump-de-retour-sur-facebook-et-youtube_6165977_4408996.html\" class=\"js-article-read-also catcher--favoris__link\" data-premium=\"\" id=\"article-title-3314851\" rel=\"nofollow noopener\" target=\"_blank\">Donald Trump fait son retour sur Facebook et YouTube<\/a>    <\/p>\n<p>   Lire plus tard  <\/p>\n<p>                            S\u00e9rie de r\u00e8glements financiers                      <\/p>\n<p class=\"article__paragraph  \">Egalement accus\u00e9s par Donald Trump d\u2019avoir injustement ferm\u00e9 son compte, Meta (Facebook) avait consenti fin janvier\u00a02025 \u00e0 s\u2019acquitter de 21\u00a0millions de dollars pour \u00e9viter un proc\u00e8s, imit\u00e9, quelques semaines plus tard, par X, \u00e0 hauteur de 10\u00a0millions.<\/p>\n<p class=\"article__paragraph  \">La filiale de Google, qui appartient lui-m\u00eame au groupe Alphabet, n\u2019a reconnu aucun tort et ne s\u2019est pas engag\u00e9e \u00e0 une action corrective. Elle s\u2019\u00e9vite ainsi un proc\u00e8s, dont la date n\u2019avait pas encore \u00e9t\u00e9 fix\u00e9e.<\/p>\n<p class=\"article__paragraph  \">De nombreux juristes ont estim\u00e9, depuis l\u2019assignation, que les arguments juridiques de Donald Trump \u00e9taient insuffisants pour envisager une d\u00e9cision favorable devant un tribunal. YouTube, Meta ou X \u00e9tant des entreprises priv\u00e9es, disaient-ils, rien ne les emp\u00eache de r\u00e9guler le contenu qui est publi\u00e9 ou non sur leurs plateformes, ce principe primant sur celui d\u2019une possible atteinte \u00e0 la libert\u00e9 d\u2019expression.<\/p>\n<p class=\"article__paragraph  \">Outre Meta et X, la transaction avec YouTube intervient apr\u00e8s des accords amiables entre le pr\u00e9sident am\u00e9ricain et plusieurs groupes de m\u00e9dias qu\u2019il poursuivait. En juillet, <a href=\"https:\/\/www.lemonde.fr\/international\/article\/2025\/07\/18\/la-chaine-cbs-annonce-la-fin-du-late-show-de-stephen-colbert-en-mai-2026_6622046_3210.html\" rel=\"nofollow noopener\" target=\"_blank\">CBS s\u2019est engag\u00e9 \u00e0 d\u00e9bourser 16\u00a0millions de dollars<\/a> pour clore une proc\u00e9dure li\u00e9e \u00e0 une interview de l\u2019ancienne candidate d\u00e9mocrate \u00e0 la pr\u00e9sidence des Etats-Unis, Kamala Harris, en pleine campagne. Donald Trump reprochait \u00e0 la cha\u00eene d\u2019avoir \u00e9dit\u00e9 un passage de l\u2019entretien dans lequel l\u2019ex vice-pr\u00e9sidente r\u00e9pondait de fa\u00e7on \u00ab\u00a0incoh\u00e9rente\u00a0\u00bb. En d\u00e9cembre\u00a02024, ABC, d\u00e9j\u00e0, avait accept\u00e9 de r\u00e9gler un autre contentieux aussi initi\u00e9 par le milliardaire r\u00e9publicain, <a href=\"https:\/\/www.lemonde.fr\/international\/article\/2024\/12\/15\/aux-etats-unis-la-chaine-abc-paie-15-millions-de-dollars-pour-eviter-un-proces-avec-donald-trump_6449223_3210.html\" rel=\"nofollow noopener\" target=\"_blank\">en d\u00e9boursant 15\u00a0millions de dollars<\/a>.<\/p>\n<p>                                         Lire aussi |  Article r\u00e9serv\u00e9 \u00e0 nos abonn\u00e9s  <a href=\"https:\/\/www.lemonde.fr\/actualite-medias\/article\/2025\/09\/18\/donald-trump-utilise-le-choc-de-l-assassinat-de-charlie-kirk-pour-accentuer-son-combat-contre-les-medias_6641612_3236.html\" class=\"js-article-read-also catcher--favoris__link\" data-premium=\"1\" id=\"article-title-3438552\" rel=\"nofollow noopener\" target=\"_blank\">Donald Trump contre les m\u00e9dias\u00a0: la presse \u00e9crite r\u00e9siste, mais la cha\u00eene ABC suspend l\u2019animateur Jimmy Kimmel<\/a>    <\/p>\n<p>   Lire plus tard  <\/p>\n<p class=\"article__paragraph  \">Dans le cadre du compromis de lundi, qui doit encore \u00eatre valid\u00e9 par une juge f\u00e9d\u00e9rale d\u2019Oakland en Californie, YouTube va \u00e9galement payer 2,5\u00a0millions de dollars \u00e0 d\u2019autres titulaires de comptes \u00e9galement suspendus apr\u00e8s les \u00e9v\u00e9nements du 6\u00a0janvier. Figurent notamment parmi eux les personnalit\u00e9s conservatrices Austen Fletcher et Naomi Wolf, qui relaient r\u00e9guli\u00e8rement des th\u00e9ories conspirationnistes.<\/p>\n<p class=\"author__detail\">  Le Monde avec AFP  <\/p>\n<p>                  <a href=\"https:\/\/www.lemonde.fr\/syndication\/\" class=\"reuse__content\" title=\"R\u00e9utiliser ce contenu\" target=\"_blank\" rel=\"nofollow noopener\">R\u00e9utiliser ce contenu<\/a>      <\/p>\n","protected":false},"excerpt":{"rendered":"Un panneau YouTube, devant le si\u00e8ge social de l\u2019entreprise, \u00e0 San Bruno (Californie), le 23\u00a0avril\u00a02025. JOSH EDELSON\/AFP YouTube&hellip;\n","protected":false},"author":2,"featured_media":427581,"comment_status":"","ping_status":"","sticky":false,"template":"","format":"standard","meta":{"footnotes":""},"categories":[1888],"tags":[1111,1928,11,1927,1777,674,1011,27,12,1926,626,1925,25],"class_list":{"0":"post-427580","1":"post","2":"type-post","3":"status-publish","4":"format-standard","5":"has-post-thumbnail","7":"category-paris","8":"tag-actu","9":"tag-actu-paris","10":"tag-actualites","11":"tag-actualites-paris","12":"tag-eu","13":"tag-europe","14":"tag-fr","15":"tag-france","16":"tag-news","17":"tag-news-paris","18":"tag-paris","19":"tag-paris-news","20":"tag-republique-francaise"},"share_on_mastodon":{"url":"https:\/\/pubeurope.com\/@fr\/115290986474427943","error":""},"_links":{"self":[{"href":"https:\/\/www.europesays.com\/fr\/wp-json\/wp\/v2\/posts\/427580","targetHints":{"allow":["GET"]}}],"collection":[{"href":"https:\/\/www.europesays.com\/fr\/wp-json\/wp\/v2\/posts"}],"about":[{"href":"https:\/\/www.europesays.com\/fr\/wp-json\/wp\/v2\/types\/post"}],"author":[{"embeddable":true,"href":"https:\/\/www.europesays.com\/fr\/wp-json\/wp\/v2\/users\/2"}],"replies":[{"embeddable":true,"href":"https:\/\/www.europesays.com\/fr\/wp-json\/wp\/v2\/comments?post=427580"}],"version-history":[{"count":0,"href":"https:\/\/www.europesays.com\/fr\/wp-json\/wp\/v2\/posts\/427580\/revisions"}],"wp:featuredmedia":[{"embeddable":true,"href":"https:\/\/www.europesays.com\/fr\/wp-json\/wp\/v2\/media\/427581"}],"wp:attachment":[{"href":"https:\/\/www.europesays.com\/fr\/wp-json\/wp\/v2\/media?parent=427580"}],"wp:term":[{"taxonomy":"category","embeddable":true,"href":"https:\/\/www.europesays.com\/fr\/wp-json\/wp\/v2\/categories?post=427580"},{"taxonomy":"post_tag","embeddable":true,"href":"https:\/\/www.europesays.com\/fr\/wp-json\/wp\/v2\/tags?post=427580"}],"curies":[{"name":"wp","href":"https:\/\/api.w.org\/{rel}","templated":true}]}}