{"id":427582,"date":"2025-09-30T02:53:15","date_gmt":"2025-09-30T02:53:15","guid":{"rendered":"https:\/\/www.europesays.com\/fr\/427582\/"},"modified":"2025-09-30T02:53:15","modified_gmt":"2025-09-30T02:53:15","slug":"clap-de-fin-pour-les-trains-de-nuit-paris-berlin-et-paris-vienne-29-09-2025-a-1736","status":"publish","type":"post","link":"https:\/\/www.europesays.com\/fr\/427582\/","title":{"rendered":"Clap de fin pour les trains de nuit Paris-Berlin et Paris-Vienne &#8211; 29\/09\/2025 \u00e0 17:36"},"content":{"rendered":"<p>        <img fetchpriority=\"high\" decoding=\"async\" src=\"https:\/\/www.europesays.com\/fr\/wp-content\/uploads\/2025\/09\/ce2691ea6a4962b2ef412ac0a84f84a5-760x506.jpg\" alt=\"Les trains de nuit Vienne-Paris et Berlin-Paris ne circuleront plus d\u00e8s le 14 d\u00e9cembre, apr\u00e8s le retrait des partenaires fran\u00e7ais, a annonc\u00e9 la compagnie ferroviaire autrichienne \u00d6BB ( AFP \/ JOE KLAMAR )\" loading=\"eager\" width=\"760\" height=\"506\" style=\"max-width: 100%!important; height: auto;\"\/><\/p>\n<p class=\"c-image-news__legend\">Les trains de nuit Vienne-Paris et Berlin-Paris ne circuleront plus d\u00e8s le 14 d\u00e9cembre, apr\u00e8s le retrait des partenaires fran\u00e7ais, a annonc\u00e9 la compagnie ferroviaire autrichienne \u00d6BB ( AFP \/ JOE KLAMAR )<\/p>\n<p>\n Elles devaient \u00eatre le symbole de la renaissance des trains de nuit en Europe lorsqu&rsquo;elles ont \u00e9t\u00e9 relanc\u00e9es en 2021 et 2023, mais les lignes Vienne-Paris et Berlin-Paris ne circuleront plus d\u00e8s le 14 d\u00e9cembre, ont annonc\u00e9 les compagnies ferroviaires fran\u00e7aises SNCF et autrichienne \u00d6BB lundi.\n<\/p>\n<p>\n En cause, expliquent \u00d6BB et SNCF, qui exploitent la ligne aux c\u00f4t\u00e9s de l&rsquo;allemand Deutsche Bahn: l&rsquo;arr\u00eat  par le gouvernement fran\u00e7ais d&rsquo;une subvention \u00ab\u00a0indispensable pour assurer sa viabilit\u00e9 \u00e9conomique,\u00a0\u00bb d&rsquo;environ 10 millions d&rsquo;euros.\n<\/p>\n<p>\n Si ces lignes connaissaient un certain succ\u00e8s, avec un taux d&rsquo;occupation de 70% en moyenne sur 2024 selon la SNCF, elles ne sont pas \u00ab\u00a0viables \u00e9conomiquement sans subvention de l&rsquo;Etat\u00a0\u00bb, a avanc\u00e9 la compagnie dans un communiqu\u00e9 lundi.\n<\/p>\n<p>\n \u00ab\u00a0L&rsquo;exploitation des trains de nuit est en effet un \u00e9norme d\u00e9fi \u00e9conomique\u00a0\u00bb, avance-t-elle.\n<\/p>\n<p>\n D&rsquo;abord, les recettes sont limit\u00e9es: contrairement au si\u00e8ge d&rsquo;une ligne de jour qui peut \u00eatre occup\u00e9e par jusqu&rsquo;\u00e0 quatre passagers diff\u00e9rents par jour, une place dans un train de nuit n&rsquo;est occup\u00e9 que par un seul passager par jour, explique la SNCF.\n<\/p>\n<p>\n S&rsquo;ajoute un co\u00fbt du personnel plus \u00e9lev\u00e9, car il y a \u00ab\u00a0besoin de plus de personnel de service\u00a0\u00bb et \u00ab\u00a0plus de personnel de bord en raison du passage des fronti\u00e8res\u00a0\u00bb, o\u00f9 il est \u00e9galement n\u00e9cessaire de changer de locomotive et d&rsquo;\u00e9quipage.\n<\/p>\n<p>\n Selon le collectif d&rsquo;usagers \u00ab\u00a0Oui au train de nuit\u00a0\u00bb, qui alertait d\u00e8s la semaine derni\u00e8re sur l&rsquo;avenir de ces lignes de nuit, le gouvernement fran\u00e7ais a d\u00e9cid\u00e9 de plus verser \u00e0 la SNCF sa subvention car les op\u00e9rateurs n&rsquo;auraient pas respect\u00e9 \u00ab\u00a0leur promesse de cr\u00e9er une desserte quotidienne\u00a0\u00bb, le train ne circulant que 3 jours par semaine.\n<\/p>\n<p>\n Joint par l&rsquo;AFP, le minist\u00e8re des Transports n&rsquo;avait pas encore r\u00e9agi lundi en milieu d&rsquo;apr\u00e8s-midi.\n<\/p>\n<p>\n L&rsquo;eurod\u00e9put\u00e9e centriste Fabienne Keller a regrett\u00e9 lundi une \u00ab\u00a0terrible nouvelle\u00a0\u00bb, d\u00e9plorant une annonce \u00ab\u00a0d&rsquo;autant plus difficile \u00e0 comprendre qu&rsquo;elle arrive \u00e0 l&rsquo;heure d&rsquo;un engouement r\u00e9el des usagers pour les trains de nuit\u00a0\u00bb.\n<\/p>\n<p>\n L&rsquo;\u00e9lue affirme avoir \u00e9crit \u00e0 Philippe Tabarot, ministre des Transports d\u00e9missionnaire, et Benjamin Haddad, ministre de l&rsquo;Europe d\u00e9missionnaire, \u00ab\u00a0pour leur demander de soutenir le maintien de ces lignes\u00a0\u00bb\n<\/p>\n<p>\n Pour la SNCF, \u00ab\u00a0le passage en circulations quotidiennes \u00e0 compter de 2026, comme c&rsquo;\u00e9tait l&rsquo;objectif initial, n&rsquo;\u00e9tait plus envisageable compte tenu des travaux tr\u00e8s importants sur le r\u00e9seau en France et en Allemagne\u00a0\u00bb, se justifie-t-elle.\n<\/p>\n<p>\n La ligne Paris-Berlin avait notamment \u00e9t\u00e9 suspendue pendant plus de deux mois \u00e0 l&rsquo;\u00e9t\u00e9 2024, quelques mois apr\u00e8s son lancement, en raison de travaux n\u00e9cessaires sur plusieurs tron\u00e7ons du parcours.\n<\/p>\n<p>\n Malgr\u00e9 la r\u00e9alisation ces travaux, elle continuait de cultiver la r\u00e9putation de ligne chaotique, accumulant les annulations de derni\u00e8res minutes et les retards cons\u00e9quents.\n<\/p>\n<p> &#8211; Huit lignes en France &#8211;<\/p>\n<p>\n En 2022, le pr\u00e9sident de la R\u00e9publique Emmanuel Macron avait promis \u00ab\u00a0une dizaine\u00a0\u00bb de lignes de train de nuit d&rsquo;ici 2030, alors que celles-ci avaient quasiment disparu en France pendant les ann\u00e9es 2010.\n<\/p>\n<p>\n Ces lignes \u00e9taient souvent vus comme une alternative pour voyager sur de longue distance \u00e0 l&rsquo;avion, plus polluant et contraignant.\n<\/p>\n<p>\n Depuis la relance du Paris-Nice en 2021, huit lignes \u00e0 l&rsquo;int\u00e9rieur des fronti\u00e8res sont op\u00e9rationnelles, toutes au d\u00e9part de Paris.\n<\/p>\n<p>\n Elles desservent notamment Tarbes, Toulouse ou encore Aurillac.\n<\/p>\n<p>\n Malgr\u00e9 leur bonne fr\u00e9quentation, toutes ces lignes de nuit \u00ab\u00a0reposent sur une subvention de l&rsquo;Etat\u00a0\u00bb, assure la SNCF.\n<\/p>\n<p>\n Les habitu\u00e9s de la ligne de nuit Paris-Berlin pourront toujours rejoindre la capitale allemande depuis Paris en 8 heures gr\u00e2ce \u00e0 une ligne \u00e0 grande vitesse inaugur\u00e9e fin 2024.\n<\/p>\n<p>\n La compagnie \u00d6BB, pionni\u00e8re dans les trains de nuit, a pr\u00e9cis\u00e9 qu&rsquo;elle maintenait la liaison Vienne-Bruxelles et continuerait d&rsquo;investir avec \u00ab\u00a0davantage de capacit\u00e9 et de confort sur les lignes existantes\u00a0\u00bb.<\/p>\n","protected":false},"excerpt":{"rendered":"Les trains de nuit Vienne-Paris et Berlin-Paris ne circuleront plus d\u00e8s le 14 d\u00e9cembre, apr\u00e8s le retrait des&hellip;\n","protected":false},"author":2,"featured_media":427583,"comment_status":"","ping_status":"","sticky":false,"template":"","format":"standard","meta":{"footnotes":""},"categories":[1888],"tags":[400,1111,1928,11,1927,398,408,405,1777,674,1011,27,403,402,399,404,12,1926,626,1925,25,401,406,407],"class_list":{"0":"post-427582","1":"post","2":"type-post","3":"status-publish","4":"format-standard","5":"has-post-thumbnail","7":"category-paris","8":"tag-action-cac-40","9":"tag-actu","10":"tag-actu-paris","11":"tag-actualites","12":"tag-actualites-paris","13":"tag-bourse-de-paris","14":"tag-boursorama","15":"tag-cotations","16":"tag-eu","17":"tag-europe","18":"tag-fr","19":"tag-france","20":"tag-indices-devises","21":"tag-investir","22":"tag-investissement","23":"tag-marche-boursier","24":"tag-news","25":"tag-news-paris","26":"tag-paris","27":"tag-paris-news","28":"tag-republique-francaise","29":"tag-sicav","30":"tag-trackers","31":"tag-warrants"},"share_on_mastodon":{"url":"https:\/\/pubeurope.com\/@fr\/115290990604199582","error":""},"_links":{"self":[{"href":"https:\/\/www.europesays.com\/fr\/wp-json\/wp\/v2\/posts\/427582","targetHints":{"allow":["GET"]}}],"collection":[{"href":"https:\/\/www.europesays.com\/fr\/wp-json\/wp\/v2\/posts"}],"about":[{"href":"https:\/\/www.europesays.com\/fr\/wp-json\/wp\/v2\/types\/post"}],"author":[{"embeddable":true,"href":"https:\/\/www.europesays.com\/fr\/wp-json\/wp\/v2\/users\/2"}],"replies":[{"embeddable":true,"href":"https:\/\/www.europesays.com\/fr\/wp-json\/wp\/v2\/comments?post=427582"}],"version-history":[{"count":0,"href":"https:\/\/www.europesays.com\/fr\/wp-json\/wp\/v2\/posts\/427582\/revisions"}],"wp:featuredmedia":[{"embeddable":true,"href":"https:\/\/www.europesays.com\/fr\/wp-json\/wp\/v2\/media\/427583"}],"wp:attachment":[{"href":"https:\/\/www.europesays.com\/fr\/wp-json\/wp\/v2\/media?parent=427582"}],"wp:term":[{"taxonomy":"category","embeddable":true,"href":"https:\/\/www.europesays.com\/fr\/wp-json\/wp\/v2\/categories?post=427582"},{"taxonomy":"post_tag","embeddable":true,"href":"https:\/\/www.europesays.com\/fr\/wp-json\/wp\/v2\/tags?post=427582"}],"curies":[{"name":"wp","href":"https:\/\/api.w.org\/{rel}","templated":true}]}}