{"id":427586,"date":"2025-09-30T02:55:16","date_gmt":"2025-09-30T02:55:16","guid":{"rendered":"https:\/\/www.europesays.com\/fr\/427586\/"},"modified":"2025-09-30T02:55:16","modified_gmt":"2025-09-30T02:55:16","slug":"nous-navons-pas-la-comprehension-complete-de-ce-quil-sest-passe-air-france","status":"publish","type":"post","link":"https:\/\/www.europesays.com\/fr\/427586\/","title":{"rendered":"\u00ab Nous n\u2019avons pas la compr\u00e9hension compl\u00e8te de ce qu\u2019il s\u2019est pass\u00e9 \u00bb (Air France)"},"content":{"rendered":"<p>Le d\u00e9corum a chang\u00e9. Le classicisme du Palais de justice de Paris de l\u2019\u00cele de la Cit\u00e9 a remplac\u00e9 le modernisme de celui des Batignolles. Mais <a href=\"https:\/\/www.latribune.fr\/entreprises-finance\/services\/transport-logistique\/le-proces-du-rio-paris-s-ouvre-pour-air-france-et-airbus-retour-sur-la-catastrophe-de-l-af447-935185.html\" target=\"_blank\" rel=\"noopener\">le proc\u00e8s de l\u2019accident du vol Rio-Paris s\u2019annonce de nouveau \u00ab hors-normes \u00bb,<\/a> selon Sylvie Madec qui pr\u00e9side cette audience \u00e0 la premi\u00e8re chambre civile de la Cour d\u2019appel de Paris. Preuve en est, une quatri\u00e8me magistrate a \u00e9t\u00e9 mobilis\u00e9e en plus des deux assesseurs, tout comme un second avocat g\u00e9n\u00e9ral ou un second greffier, pour garantir la continuit\u00e9 des d\u00e9bats. Comme en 2022, l\u2019audience s\u2019est ouverte dans une salle comble, mais les premi\u00e8res prises de parole se sont d\u00e9roul\u00e9es dans une ambiance bien plus calme qu\u2019il y a trois ans. Ce qui n\u2019a pas emp\u00each\u00e9 un premier coup de th\u00e9\u00e2tre, du moins un effet de manche de la part des avocats des parties civiles.<\/p>\n","protected":false},"excerpt":{"rendered":"Le d\u00e9corum a chang\u00e9. Le classicisme du Palais de justice de Paris de l\u2019\u00cele de la Cit\u00e9 a&hellip;\n","protected":false},"author":2,"featured_media":427587,"comment_status":"","ping_status":"","sticky":false,"template":"","format":"standard","meta":{"footnotes":""},"categories":[1888],"tags":[17,11,11819,55658,1777,674,1011,27,55657,12,3946,626,5261,2694,25,55656,800],"class_list":{"0":"post-427586","1":"post","2":"type-post","3":"status-publish","4":"format-standard","5":"has-post-thumbnail","7":"category-paris","8":"tag-17","9":"tag-actualites","10":"tag-complete","11":"tag-comprehension","12":"tag-eu","13":"tag-europe","14":"tag-fr","15":"tag-france","16":"tag-navons","17":"tag-news","18":"tag-nous","19":"tag-paris","20":"tag-pas","21":"tag-proces","22":"tag-republique-francaise","23":"tag-rio-paris","24":"tag-transports"},"share_on_mastodon":{"url":"https:\/\/pubeurope.com\/@fr\/115290998319621664","error":""},"_links":{"self":[{"href":"https:\/\/www.europesays.com\/fr\/wp-json\/wp\/v2\/posts\/427586","targetHints":{"allow":["GET"]}}],"collection":[{"href":"https:\/\/www.europesays.com\/fr\/wp-json\/wp\/v2\/posts"}],"about":[{"href":"https:\/\/www.europesays.com\/fr\/wp-json\/wp\/v2\/types\/post"}],"author":[{"embeddable":true,"href":"https:\/\/www.europesays.com\/fr\/wp-json\/wp\/v2\/users\/2"}],"replies":[{"embeddable":true,"href":"https:\/\/www.europesays.com\/fr\/wp-json\/wp\/v2\/comments?post=427586"}],"version-history":[{"count":0,"href":"https:\/\/www.europesays.com\/fr\/wp-json\/wp\/v2\/posts\/427586\/revisions"}],"wp:featuredmedia":[{"embeddable":true,"href":"https:\/\/www.europesays.com\/fr\/wp-json\/wp\/v2\/media\/427587"}],"wp:attachment":[{"href":"https:\/\/www.europesays.com\/fr\/wp-json\/wp\/v2\/media?parent=427586"}],"wp:term":[{"taxonomy":"category","embeddable":true,"href":"https:\/\/www.europesays.com\/fr\/wp-json\/wp\/v2\/categories?post=427586"},{"taxonomy":"post_tag","embeddable":true,"href":"https:\/\/www.europesays.com\/fr\/wp-json\/wp\/v2\/tags?post=427586"}],"curies":[{"name":"wp","href":"https:\/\/api.w.org\/{rel}","templated":true}]}}