{"id":427595,"date":"2025-09-30T03:00:15","date_gmt":"2025-09-30T03:00:15","guid":{"rendered":"https:\/\/www.europesays.com\/fr\/427595\/"},"modified":"2025-09-30T03:00:15","modified_gmt":"2025-09-30T03:00:15","slug":"allemagne-france-et-pologne-appellent-la-russie-a-mettre-fin-a-ses-actes-hostiles","status":"publish","type":"post","link":"https:\/\/www.europesays.com\/fr\/427595\/","title":{"rendered":"Allemagne, France et Pologne appellent la Russie \u00e0 mettre fin \u00e0 ses \u00ab\u00a0actes hostiles\u00a0\u00bb"},"content":{"rendered":"<p>AA \/ Berlin \/ Ayhan Simsek<\/p>\n<p>L&rsquo;Allemagne, la France et la Pologne ont publi\u00e9, lundi, une d\u00e9claration commune demandant \u00e0 la Russie de mettre fin \u00e0 ses \u00ab actes hostiles \u00bb envers les alli\u00e9s de l&rsquo;OTAN, avertissant que les violations de l&rsquo;espace a\u00e9rien par les forces russes pourraient d\u00e9clencher une dangereuse escalade.<\/p>\n<p>Les ministres des Affaires \u00e9trang\u00e8res Johann Wadephul (Allemagne), Jean-No\u00ebl Barrot (France) et Radoslaw Sikorski (Pologne), repr\u00e9sentant le groupe des puissances europ\u00e9ennes du Triangle de Weimar, ont publi\u00e9 cette d\u00e9claration \u00e0 l&rsquo;issue de pourparlers \u00e0 Varsovie.<\/p>\n<p>\u00ab Nous r\u00e9affirmons notre unit\u00e9 et notre d\u00e9termination in\u00e9branlable \u00e0 d\u00e9fendre la paix, la s\u00e9curit\u00e9 et les valeurs fondamentales communes de l&rsquo;Europe contre la guerre d&rsquo;agression men\u00e9e actuellement par la Russie \u00bb, ont d\u00e9clar\u00e9 les ministres dans leur communiqu\u00e9 commun.<\/p>\n<p>\u00ab Les r\u00e9centes violations de l&rsquo;espace a\u00e9rien polonais, roumain et estonien constituent des actes imprudents et hostiles, ainsi qu&rsquo;une escalade inacceptable qui menace la stabilit\u00e9 r\u00e9gionale et europ\u00e9enne \u00bb, ont-ils averti. \u00ab Nous condamnons ces provocations et appelons la F\u00e9d\u00e9ration de Russie \u00e0 cesser ces actions, \u00e0 mettre imm\u00e9diatement fin \u00e0 sa guerre d&rsquo;agression contre l&rsquo;Ukraine et \u00e0 entamer des n\u00e9gociations de paix selon les conditions convenues avec Kiev \u00bb, ont-ils ajout\u00e9. <\/p>\n<p>Les ministres ont soulign\u00e9 que les trois pays assumeront une plus grande responsabilit\u00e9 pour la s\u00e9curit\u00e9 de l&rsquo;Europe, prendront des mesures avec d&rsquo;autres alli\u00e9s de l&rsquo;OTAN pour prot\u00e9ger l&rsquo;espace a\u00e9rien, renforceront leurs capacit\u00e9s de d\u00e9fense a\u00e9rienne et antimissile et renforceront la s\u00e9curit\u00e9 sur le flanc est de l&rsquo;OTAN.<\/p>\n<p>\u00ab Les incursions hostiles de la Russie ne nous intimideront pas. Elles ne font que renforcer notre d\u00e9termination. La d\u00e9fense collective de l&rsquo;OTAN, la s\u00e9curit\u00e9 de nos citoyens et l&rsquo;inviolabilit\u00e9 de nos fronti\u00e8res sont immuables \u00bb, ont-ils d\u00e9clar\u00e9. \u00ab Une paix juste et durable en Europe reste notre objectif ultime. Jusqu&rsquo;\u00e0 ce qu&rsquo;elle soit atteinte, nous continuerons \u00e0 apporter notre soutien militaire, humanitaire et financier \u00e0 l&rsquo;Ukraine, membre de la famille europ\u00e9enne et victime des ambitions imp\u00e9riales de Moscou. \u00bb<\/p>\n<p>* Traduit de l&rsquo;anglais par Serap Dogansoy <\/p>\n<p>                            &#13;<br \/>\n                                <a href=\"https:\/\/www.aa.com.tr\/fr\/p\/abonnement\/1001\" target=\"_blank\" style=\"font-size:12px; color:#444; text-decoration:none;\" rel=\"noopener\">&#13;<br \/>\n                                    Seulement une partie des d\u00e9p\u00eaches, que l&rsquo;Agence Anadolu diffuse \u00e0 ses abonn\u00e9s via le Syst\u00e8me de Diffusion interne (HAS), est diffus\u00e9e sur le site de l&rsquo;AA, de mani\u00e8re r\u00e9sum\u00e9e. <b style=\"color:#1897F7\">Contactez-nous s&rsquo;il vous pla\u00eet pour vous abonner.<\/b>&#13;<br \/>\n                                <\/a>&#13;<\/p>\n","protected":false},"excerpt":{"rendered":"AA \/ Berlin \/ Ayhan Simsek L&rsquo;Allemagne, la France et la Pologne ont publi\u00e9, lundi, une d\u00e9claration commune&hellip;\n","protected":false},"author":2,"featured_media":427596,"comment_status":"","ping_status":"","sticky":false,"template":"","format":"standard","meta":{"footnotes":""},"categories":[1587],"tags":[11,672,1785,1804,1805,1803,1777,674,27,1801,12,136,2437,1802,132,55659],"class_list":{"0":"post-427595","1":"post","2":"type-post","3":"status-publish","4":"format-standard","5":"has-post-thumbnail","7":"category-allemagne","8":"tag-actualites","9":"tag-allemagne","10":"tag-anadolu-ajansi","11":"tag-bundesrepublik-deutschland","12":"tag-de","13":"tag-deutschland","14":"tag-eu","15":"tag-europe","16":"tag-france","17":"tag-germany","18":"tag-news","19":"tag-otan","20":"tag-pologne","21":"tag-republique-federale-dallemagne","22":"tag-russie","23":"tag-triangle-de-weimar"},"share_on_mastodon":{"url":"https:\/\/pubeurope.com\/@fr\/115291017905772795","error":""},"_links":{"self":[{"href":"https:\/\/www.europesays.com\/fr\/wp-json\/wp\/v2\/posts\/427595","targetHints":{"allow":["GET"]}}],"collection":[{"href":"https:\/\/www.europesays.com\/fr\/wp-json\/wp\/v2\/posts"}],"about":[{"href":"https:\/\/www.europesays.com\/fr\/wp-json\/wp\/v2\/types\/post"}],"author":[{"embeddable":true,"href":"https:\/\/www.europesays.com\/fr\/wp-json\/wp\/v2\/users\/2"}],"replies":[{"embeddable":true,"href":"https:\/\/www.europesays.com\/fr\/wp-json\/wp\/v2\/comments?post=427595"}],"version-history":[{"count":0,"href":"https:\/\/www.europesays.com\/fr\/wp-json\/wp\/v2\/posts\/427595\/revisions"}],"wp:featuredmedia":[{"embeddable":true,"href":"https:\/\/www.europesays.com\/fr\/wp-json\/wp\/v2\/media\/427596"}],"wp:attachment":[{"href":"https:\/\/www.europesays.com\/fr\/wp-json\/wp\/v2\/media?parent=427595"}],"wp:term":[{"taxonomy":"category","embeddable":true,"href":"https:\/\/www.europesays.com\/fr\/wp-json\/wp\/v2\/categories?post=427595"},{"taxonomy":"post_tag","embeddable":true,"href":"https:\/\/www.europesays.com\/fr\/wp-json\/wp\/v2\/tags?post=427595"}],"curies":[{"name":"wp","href":"https:\/\/api.w.org\/{rel}","templated":true}]}}