{"id":427614,"date":"2025-09-30T03:14:16","date_gmt":"2025-09-30T03:14:16","guid":{"rendered":"https:\/\/www.europesays.com\/fr\/427614\/"},"modified":"2025-09-30T03:14:16","modified_gmt":"2025-09-30T03:14:16","slug":"ligue-1-calendrier-et-diffusion-de-la-14e-journee-monaco-psg-le-29-novembre","status":"publish","type":"post","link":"https:\/\/www.europesays.com\/fr\/427614\/","title":{"rendered":"Ligue 1 &#8211; Calendrier et diffusion de la 14e journ\u00e9e, Monaco\/PSG le 29 novembre"},"content":{"rendered":"<p><b>La Ligue de Football Professionnel a d\u00e9cid\u00e9 du programme de la 14e journ\u00e9e de Ligue 1 2025-2026, qui se jouera sur le weekend du samedi 29 novembre 2025. On sait donc d\u00e9sormais que le Paris Saint-Germain affrontera Monaco ce jour-l\u00e0 <strong>au Stade Louis II <\/strong>\u00e0 17h et que la rencontre sera diffus\u00e9e sur beIN SPORTS<\/b><b>. Ce match suivra la r\u00e9ception de Tottenham le mercredi (5e journ\u00e9e de Ligue des Champions) et pr\u00e9c\u00e9dera la r\u00e9ception de Rennes le weekend suivant (15e journ\u00e9e de Ligue 1).<\/b><\/p>\n<p>Le programme complet de la 14e journ\u00e9e publi\u00e9 par la LFP :<br \/>\nVendredi 28 <b>novembre <\/b>\u2013<\/p>\n<p><strong>\u00e0 20h45 :<\/strong><\/p>\n<p>FC Metz \u2013 Stade Rennais FC\u00a0 (Ligue1+).<\/p>\n<p><strong>Samedi 29 <b>novembre <\/b><\/strong><strong>\u2013<\/strong><\/p>\n<p><strong>\u00e0 17h00 :<\/strong><\/p>\n<p>AS Monaco \u2013 Paris Saint-Germain  (beIN SPORTS).<\/p>\n<p><strong>\u00e0 19h :<\/strong><\/p>\n<p>Paris FC \u2013 AJ Auxerre (Ligue1+).<\/p>\n<p><strong>\u00e0 21h05 :\u00a0<\/strong><\/p>\n<p>Olympique de Marseille \u2013 Toulouse FC (Ligue1+).<\/p>\n<p><strong>Dimanche 30 <b>novembre <\/b><\/strong><strong>\u2013<\/strong><\/p>\n<p><strong>\u00e0 15h :<\/strong><\/p>\n<p>RC Strasbourg Alsace \u2013 Stade Brestois 29 (Ligue1+).<\/p>\n<p><strong>\u00e0 17h15 :<\/strong><\/p>\n<p>(en multiplex et en individuel sur Ligue 1+).<\/p>\n<p>Angers SCO \u2013 RC Lens<\/p>\n<p>FC Lorient \u2013 OGC Nice<\/p>\n<p>Havre AC \u2013 LOSC Lille<\/p>\n<p><strong>\u00e0 20h45 :<\/strong><\/p>\n<p>Olympique Lyonnais \u2013 FC Nantes (Ligue1+).<\/p>\n<p>\t\t\t\t\t\t\t\t\t\t\t\t\t\t\t\t\t\t\t\t\t\t\t<img loading=\"lazy\" src=\"https:\/\/www.europesays.com\/fr\/wp-content\/uploads\/2025\/04\/ParisFans_Logo.png\" decoding=\"async\" class=\"lazyload\" width=\"240\" height=\"54\" data-eio-rwidth=\"240\" data-eio-rheight=\"54\"\/><\/p>\n","protected":false},"excerpt":{"rendered":"La Ligue de Football Professionnel a d\u00e9cid\u00e9 du programme de la 14e journ\u00e9e de Ligue 1 2025-2026, qui&hellip;\n","protected":false},"author":2,"featured_media":372438,"comment_status":"","ping_status":"","sticky":false,"template":"","format":"standard","meta":{"footnotes":""},"categories":[1410],"tags":[525,17011,63,1011,27,55662,60,96],"class_list":{"0":"post-427614","1":"post","2":"type-post","3":"status-publish","4":"format-standard","5":"has-post-thumbnail","7":"category-football","8":"tag-calendrier","9":"tag-diffusion","10":"tag-football","11":"tag-fr","12":"tag-france","13":"tag-monaco-psg","14":"tag-sports","15":"tag-une"},"share_on_mastodon":{"url":"https:\/\/pubeurope.com\/@fr\/115291073155714605","error":""},"_links":{"self":[{"href":"https:\/\/www.europesays.com\/fr\/wp-json\/wp\/v2\/posts\/427614","targetHints":{"allow":["GET"]}}],"collection":[{"href":"https:\/\/www.europesays.com\/fr\/wp-json\/wp\/v2\/posts"}],"about":[{"href":"https:\/\/www.europesays.com\/fr\/wp-json\/wp\/v2\/types\/post"}],"author":[{"embeddable":true,"href":"https:\/\/www.europesays.com\/fr\/wp-json\/wp\/v2\/users\/2"}],"replies":[{"embeddable":true,"href":"https:\/\/www.europesays.com\/fr\/wp-json\/wp\/v2\/comments?post=427614"}],"version-history":[{"count":0,"href":"https:\/\/www.europesays.com\/fr\/wp-json\/wp\/v2\/posts\/427614\/revisions"}],"wp:featuredmedia":[{"embeddable":true,"href":"https:\/\/www.europesays.com\/fr\/wp-json\/wp\/v2\/media\/372438"}],"wp:attachment":[{"href":"https:\/\/www.europesays.com\/fr\/wp-json\/wp\/v2\/media?parent=427614"}],"wp:term":[{"taxonomy":"category","embeddable":true,"href":"https:\/\/www.europesays.com\/fr\/wp-json\/wp\/v2\/categories?post=427614"},{"taxonomy":"post_tag","embeddable":true,"href":"https:\/\/www.europesays.com\/fr\/wp-json\/wp\/v2\/tags?post=427614"}],"curies":[{"name":"wp","href":"https:\/\/api.w.org\/{rel}","templated":true}]}}