{"id":427617,"date":"2025-09-30T03:16:15","date_gmt":"2025-09-30T03:16:15","guid":{"rendered":"https:\/\/www.europesays.com\/fr\/427617\/"},"modified":"2025-09-30T03:16:15","modified_gmt":"2025-09-30T03:16:15","slug":"la-restauration-du-jas-de-bouffan-demeure-familiale-de-paul-cezanne-donne-des-idees-pour-celle-de-la-maison-dalbert-andre-a-laudun","status":"publish","type":"post","link":"https:\/\/www.europesays.com\/fr\/427617\/","title":{"rendered":"La restauration du Jas de Bouffan, demeure familiale de Paul Cezanne, donne des id\u00e9es pour celle de la maison d\u2019Albert-Andr\u00e9 \u00e0 Laudun"},"content":{"rendered":"<p>\n                                                                L\u2019association des Amis d\u2019Albert-Andr\u00e9, du Gard rhodanien, s\u2019est rendue \u00e0 Aix-en-Provence pour aller sur les traces de Paul Cezanne. Le groupe a rencontr\u00e9 l\u2019arri\u00e8re-petit-fils du peintre n\u00e9 \u00e0 Bagnols-sur-C\u00e8ze.\n                            <\/p>\n<p>L\u2019association des Amis du peintre Albert-Andr\u00e9 s\u2019est rendue samedi 27\u00a0septembre \u00e0 Aix-en-Provence pour visiter les diff\u00e9rents lieux consacr\u00e9s au peintre Paul Cezanne dans le cadre de l\u2019ann\u00e9e \u00e9v\u00e9nement consacr\u00e9 au peintre dans sa ville. Au mus\u00e9e Granet, l\u2019exposition \u00ab\u00a0Cezanne au Jas de Bouffan\u00a0\u00bb rassemble 130 \u0153uvres du peintre proven\u00e7al, avec\u00a0notamment <a href=\"https:\/\/www.midilibre.fr\/2025\/08\/29\/lincroyable-histoire-du-tableau-de-paul-cezanne-retrouve-dans-un-tresor-nazi-et-qui-serait-passe-par-le-gard-rhodanien-12826754.php\" target=\"_self\" rel=\"nofollow noopener\">une \u00ab\u00a0Sainte Victoire\u00a0\u00bb qui pourrait \u00eatre pass\u00e9e par Laudun et Bagnols-sur-C\u00e8ze\u00a0lors de la seconde guerre<\/a> lorsque le fils de Paul Cezanne et son petit-fils sont venus\u00a0se r\u00e9fugier chez Albert Andr\u00e9 apr\u00e8s avoir quitt\u00e9 Paris.<\/p>\n<p>Le groupe a ensuite visit\u00e9 le Jas de Bouffan, la maison familiale de Paul Cezanne. Il a \u00e9t\u00e9 accueilli par Bruno Ely, le conservateur du mus\u00e9e Granet d\u2019Aix.\u00a0Une belle d\u00e9couverte que cette demeure en cours de restauration qui compl\u00e8te bien les connaissances sur le peintre. Les adh\u00e9rents de l\u2019association Albert Andr\u00e9 ont pu m\u00eame recueillir des id\u00e9es pour la r\u00e9habilitation de la maison Albert-Andr\u00e9 \u00e0 Laudun.<\/p>\n<p>Rencontre avec l\u2019arri\u00e8re-petit-fils de Paul Cezanne n\u00e9 \u00e0 Bagnols-sur-C\u00e8ze<\/p>\n<p>Au sortir de la maison, certains ont pu croiser et saluer Philippe Cezanne (arri\u00e8re-petit-fils de Paul Cezanne n\u00e9 \u00e0 Bagnols en 1941) qui \u00e9tait l\u00e0 \u00e0 l\u2019occasion d\u2019un colloque dans le cadre de l\u2019ann\u00e9e Cezanne. En effet le centre c\u00e9zannien de recherche et de documentation a ses locaux dans la ferme du Jas du Bouffan.<\/p>\n","protected":false},"excerpt":{"rendered":"L\u2019association des Amis d\u2019Albert-Andr\u00e9, du Gard rhodanien, s\u2019est rendue \u00e0 Aix-en-Provence pour aller sur les traces de Paul&hellip;\n","protected":false},"author":2,"featured_media":427618,"comment_status":"","ping_status":"","sticky":false,"template":"","format":"standard","meta":{"footnotes":""},"categories":[1358],"tags":[1348,1384,1385,1386,58,59,1011,27],"class_list":{"0":"post-427617","1":"post","2":"type-post","3":"status-publish","4":"format-standard","5":"has-post-thumbnail","7":"category-arts-et-design","8":"tag-arts","9":"tag-arts-and-design","10":"tag-arts-et-design","11":"tag-design","12":"tag-divertissement","13":"tag-entertainment","14":"tag-fr","15":"tag-france"},"share_on_mastodon":{"url":"https:\/\/pubeurope.com\/@fr\/115291080848941085","error":""},"_links":{"self":[{"href":"https:\/\/www.europesays.com\/fr\/wp-json\/wp\/v2\/posts\/427617","targetHints":{"allow":["GET"]}}],"collection":[{"href":"https:\/\/www.europesays.com\/fr\/wp-json\/wp\/v2\/posts"}],"about":[{"href":"https:\/\/www.europesays.com\/fr\/wp-json\/wp\/v2\/types\/post"}],"author":[{"embeddable":true,"href":"https:\/\/www.europesays.com\/fr\/wp-json\/wp\/v2\/users\/2"}],"replies":[{"embeddable":true,"href":"https:\/\/www.europesays.com\/fr\/wp-json\/wp\/v2\/comments?post=427617"}],"version-history":[{"count":0,"href":"https:\/\/www.europesays.com\/fr\/wp-json\/wp\/v2\/posts\/427617\/revisions"}],"wp:featuredmedia":[{"embeddable":true,"href":"https:\/\/www.europesays.com\/fr\/wp-json\/wp\/v2\/media\/427618"}],"wp:attachment":[{"href":"https:\/\/www.europesays.com\/fr\/wp-json\/wp\/v2\/media?parent=427617"}],"wp:term":[{"taxonomy":"category","embeddable":true,"href":"https:\/\/www.europesays.com\/fr\/wp-json\/wp\/v2\/categories?post=427617"},{"taxonomy":"post_tag","embeddable":true,"href":"https:\/\/www.europesays.com\/fr\/wp-json\/wp\/v2\/tags?post=427617"}],"curies":[{"name":"wp","href":"https:\/\/api.w.org\/{rel}","templated":true}]}}