{"id":427619,"date":"2025-09-30T03:17:21","date_gmt":"2025-09-30T03:17:21","guid":{"rendered":"https:\/\/www.europesays.com\/fr\/427619\/"},"modified":"2025-09-30T03:17:21","modified_gmt":"2025-09-30T03:17:21","slug":"bigorre-16e-salon-du-livre-pyreneen-les-migrations-au-coeur-des-recits","status":"publish","type":"post","link":"https:\/\/www.europesays.com\/fr\/427619\/","title":{"rendered":"Bigorre &#8211; 16e Salon du livre pyr\u00e9n\u00e9en : Les migrations au c\u0153ur des r\u00e9cits"},"content":{"rendered":"<p>L&rsquo;\u00e9quipe Binaros a pr\u00e9sent\u00e9 les laur\u00e9ats des Prix du Livre Pyr\u00e9n\u00e9en 2025. &#8211; B\u00e9r\u00e9nice Rolland<\/p>\n<p>\n\t\t\t\t\t\t\t\tPour son 16e salon du livre, Binaros a choisi pour fil rouge le th\u00e8me des migrations dans l&rsquo;histoire pyr\u00e9n\u00e9enne. Conf\u00e9rences, rencontres et prix&#8230; au programme, ce 3 et 4 octobre \u00e0 Gerde (Haute-Bigorre).\u00a0\n\t\t\t\t\t\t\t<\/p>\n<p>\n\t\t\t\t\t\t\t\t\u00ab\u00a0Migrations\u00a0\u00bb. Le nouveau th\u00e8me du Salon du livre pyr\u00e9n\u00e9en de Gerde (Haute-Bigorre), illustr\u00e9 sur le programme par L\u00e9a Castor, a \u00e9t\u00e9 s\u00e9lectionn\u00e9 il y a un an d\u00e9j\u00e0. \u00ab\u00a0On parle\u2026\n\t\t\t\t\t\t\t<\/p>\n","protected":false},"excerpt":{"rendered":"L&rsquo;\u00e9quipe Binaros a pr\u00e9sent\u00e9 les laur\u00e9ats des Prix du Livre Pyr\u00e9n\u00e9en 2025. &#8211; B\u00e9r\u00e9nice Rolland Pour son 16e&hellip;\n","protected":false},"author":2,"featured_media":427620,"comment_status":"","ping_status":"","sticky":false,"template":"","format":"standard","meta":{"footnotes":""},"categories":[1357],"tags":[1379,58,59,1011,27,1380],"class_list":{"0":"post-427619","1":"post","2":"type-post","3":"status-publish","4":"format-standard","5":"has-post-thumbnail","7":"category-livres","8":"tag-books","9":"tag-divertissement","10":"tag-entertainment","11":"tag-fr","12":"tag-france","13":"tag-livres"},"share_on_mastodon":{"url":"https:\/\/pubeurope.com\/@fr\/115291084834577222","error":""},"_links":{"self":[{"href":"https:\/\/www.europesays.com\/fr\/wp-json\/wp\/v2\/posts\/427619","targetHints":{"allow":["GET"]}}],"collection":[{"href":"https:\/\/www.europesays.com\/fr\/wp-json\/wp\/v2\/posts"}],"about":[{"href":"https:\/\/www.europesays.com\/fr\/wp-json\/wp\/v2\/types\/post"}],"author":[{"embeddable":true,"href":"https:\/\/www.europesays.com\/fr\/wp-json\/wp\/v2\/users\/2"}],"replies":[{"embeddable":true,"href":"https:\/\/www.europesays.com\/fr\/wp-json\/wp\/v2\/comments?post=427619"}],"version-history":[{"count":0,"href":"https:\/\/www.europesays.com\/fr\/wp-json\/wp\/v2\/posts\/427619\/revisions"}],"wp:featuredmedia":[{"embeddable":true,"href":"https:\/\/www.europesays.com\/fr\/wp-json\/wp\/v2\/media\/427620"}],"wp:attachment":[{"href":"https:\/\/www.europesays.com\/fr\/wp-json\/wp\/v2\/media?parent=427619"}],"wp:term":[{"taxonomy":"category","embeddable":true,"href":"https:\/\/www.europesays.com\/fr\/wp-json\/wp\/v2\/categories?post=427619"},{"taxonomy":"post_tag","embeddable":true,"href":"https:\/\/www.europesays.com\/fr\/wp-json\/wp\/v2\/tags?post=427619"}],"curies":[{"name":"wp","href":"https:\/\/api.w.org\/{rel}","templated":true}]}}