{"id":427621,"date":"2025-09-30T03:18:13","date_gmt":"2025-09-30T03:18:13","guid":{"rendered":"https:\/\/www.europesays.com\/fr\/427621\/"},"modified":"2025-09-30T03:18:13","modified_gmt":"2025-09-30T03:18:13","slug":"lamour-est-dans-le-pre-mathieu-leleveur-de-brebis-laitieres-craque-pour-marie-b-et-clemence-invitees-a-passer-une-semaine-dans-sa-ferme-en-aveyron","status":"publish","type":"post","link":"https:\/\/www.europesays.com\/fr\/427621\/","title":{"rendered":"L\u2019Amour est dans le pr\u00e9\u00a0: Mathieu, l\u2019\u00e9leveur de brebis laiti\u00e8res, craque pour Marie B et Cl\u00e9mence, invit\u00e9es \u00e0 passer une semaine dans sa ferme en Aveyron"},"content":{"rendered":"<p>\n                                                                Dans L\u2019Amour est dans le pr\u00e9, ce lundi 29\u00a0septembre 2025\u00a0? Mathieu, \u00e9leveur aveyronnais, d\u00e9couvre les neuf pr\u00e9tendantes qu\u2019il a s\u00e9lectionn\u00e9es apr\u00e8s la lecture de leurs courriers. Neuf pr\u00e9tendantes, un speed dating \u00e0 Paris, et une alchimie imm\u00e9diate avec Marie B et Cl\u00e9mence. Le c\u0153ur de Mathieu pourrait enfin trouver sa moiti\u00e9.\n                            <\/p>\n<p>Dans le sixi\u00e8me \u00e9pisode de la saison 20 de L\u2019Amour est dans le pr\u00e9 diffus\u00e9 sur M6, on a pu d\u00e9couvrir\u00a0ce lundi 29\u00a0septembre 2025 soir, le deuxi\u00e8me \u00e9leveur aveyronnais en lice pour trouver l\u2019\u00e2me s\u0153ur.<a href=\"https:\/\/www.centrepresseaveyron.fr\/2025\/09\/29\/je-ne-sais-pas-ce-quil-se-passe-je-suis-tres-content-mathieu-leleveur-aveyronnais-de-brebis-laitieres-fait-ses-premiers-pas-ce-soir-dans-lamour-est-12958840.php\" target=\"_self\" rel=\"nofollow noopener\"> Il s\u2019agit de Mathieu, \u00e2g\u00e9 de 29 ans<\/a>.<\/p>\n<p><a href=\"https:\/\/www.centrepresseaveyron.fr\/2025\/09\/08\/je-ressens-quelque-chose-de-fort-anthony-laveyronnais-de-lamour-est-dans-le-pre-chamboule-par-sa-rencontre-avec-evelyne-12906342.php\" target=\"_self\" rel=\"nofollow noopener\">En qu\u00eate de l\u2019amour comme Anthony qui\u00a0a choisi Evelyne<\/a>, originaire de Loz\u00e8re, pour venir passer une semaine avec lui dans sa ferme de Villefranche-de-Panat, l\u2019\u00e9leveur de brebis laiti\u00e8res install\u00e9 dans le Sud-Aveyron, \u00e0 Rebourgil, va, \u00e0 son tour, faire la rencontre de ses pr\u00e9tendantes.<\/p>\n<p>\u00ab\u00a0C\u2019est ton c\u0153ur qui va te guider le plus\u00a0\u00bb, lui glisse son papa<\/p>\n<p><a href=\"https:\/\/www.centrepresseaveyron.fr\/2025\/08\/18\/video-mon-coeur-etait-pris-par-la-maladie-qui-est-mathieu-29-ans-agriculteur-en-aveyron-et-a-la-recherche-de-lame-soeur-dans-la-saison-20-de-lamour-12880652.php\" target=\"_self\" rel=\"nofollow noopener\">Lors de la pr\u00e9sentation du portrait de Mathieu en janvier dernier par Karine Le Marchand<\/a>, le jeune homme avait confi\u00e9 avoir la chance \u00ab\u00a0d\u2019avoir les parents que j\u2019ai. Ici, chez moi, j\u2019ai tout, j\u2019ai l\u2019amour de mon troupeau, des animaux, de mes parents et de toute ma famille. Que demander de plus \u00e0 part une femme\u00a0?\u00a0\u00bb, lan\u00e7ait-il face \u00e0 la cam\u00e9ra.<\/p>\n<p>Ses parents sont d\u2019ailleurs ses premiers supporters. \u00ab\u00a0Je te souhaite dans ta lecture de faire parler ton c\u0153ur parce que c\u2019est ton c\u0153ur qui va te guider le plus\u00a0\u00bb, r\u00eave d\u2019ailleurs\u00a0son p\u00e8re.<\/p>\n<p>\u00ab\u00a0J\u2019esp\u00e8re trouver la personne qui sera la femme de ma vie\u00a0\u00bb<\/p>\n<p>Mathieu n\u2019a jamais connu d\u2019histoire d\u2019amour. \u00ab\u00a0J\u2019esp\u00e8re trouver la lettre, la personne\u00a0qui sera la femme de ma vie, l\u00e0 o\u00f9 le c\u0153ur m\u2019am\u00e8nera\u00a0\u00bb, confie-t-il devant les cam\u00e9ras de M6 au moment de plonger dans des centaines de lignes d\u2019\u00e9criture.<\/p>\n<p>En ouvrant sa bo\u00eete aux lettres, le jeune homme a eu l\u2019agr\u00e9able surprise de d\u00e9couvrir un paquet contenant de nombreux courriers. De quoi le rassurer. Surpris, touch\u00e9, \u00e9mu, \u00e0 l\u2019issue d\u2019une lecture tr\u00e8s attentionn\u00e9e, Mathieu a retenu pas moins de neuf pr\u00e9tendantes \u00e0 qui il a donn\u00e9 rendez-vous \u00e0 Paris pour<br \/>l\u2019\u00e9preuve du speed dating.<\/p>\n<p>L\u2019alchimie avec Marie B<\/p>\n<p>Parmi elles, <strong>Marie B<\/strong>, pour qui l\u2019agriculteur a d\u00e9j\u00e0 eu un coup de c\u0153ur en lisant en parcourant sa lettre. C\u2019est d\u2019ailleurs la jeune femme qu\u2019il rencontre en premier sur la p\u00e9niche. Pass\u00e9 les premiers regards et les premi\u00e8res paroles, l\u2019alchimie op\u00e8re imm\u00e9diatement.<\/p>\n<p>\u00ab\u00a0Depuis ta lettre, j\u2019ai envie de voir des yeux dessus, un sourire, une voix. Pour \u00eatre tout \u00e0 fait honn\u00eate, rien qu\u2019avec ton dessin, c\u2019\u00e9tait juste parfait\u00a0!\u00a0\u00bb, lance Mathieu. En effet, dans sa prose, Marie n\u2019a pas gliss\u00e9 de photo d\u2019elle mais un dessin la repr\u00e9sentant.<\/p>\n<p>\u00ab\u00a0Je suis en train de vivre un moment tr\u00e8s beau\u2026\u00a0\u00bb, reprend-il. \u00ab\u00a0J\u2019ai pris une seconde baffe [\u2026] Marie peut pr\u00e9parer ses bagages pour venir \u00e0 la ferme.<\/p>\n<p>Plaisir partag\u00e9 par Marie B, qui \u00e0 l\u2019issue du speed dating confie\u00a0: \u00ab\u00a0Pour moi, c\u2019\u00e9tait un moment hors du temps o\u00f9 plus rien ne compte, juste nous deux. Cela m\u2019a coup\u00e9 les mots, les pens\u00e9es, la r\u00e9flexion, c\u2019\u00e9tait juste \u00e0 se regarder et je me suis dit que peut-\u00eatre enfin, j\u2019avais trouv\u00e9 la bonne personne.\u00a0\u00bb<\/p>\n<p>Touch\u00e9 par la douceur et la timidit\u00e9 de Rose<\/p>\n<p><strong>Rose, 24 ans, \u00e9tudiante en orthophonie<\/strong> a aussi retenu l\u2019attention de Mathieu lors du speed dating. \u00ab\u00a0J\u2019ai re\u00e7u la lettre de ta maman. Cela m\u2019a \u00e9mu car elle est remplie d\u2019amour maternel. Je trouve cela tr\u00e8s beau\u00a0\u00bb.<\/p>\n<p>En effet, tr\u00e8s timide, c\u2019est la m\u00e8re de la jeune femme qui avait pris la libert\u00e9 d\u2019\u00e9crire \u00e0 Mathieu convaincue qu\u2019il correspondrait \u00e0 sa fille.\u00a0\u00ab\u00a0Cela me touche que tu sois venue en face de moi\u00a0\u00bb.<\/p>\n<p>Pour Rose, \u00ab\u00a0la vie ne vaut rien si elle n\u2019est pas un peu audacieuse. Il ne faut pas en faire des montagnes. Ce n\u2019est que du positif. Si je suis l\u00e0 c\u2019est pour toi [\u2026] Vivre \u00e0 la campagne n\u2019est pas un frein. Je suis pr\u00eate \u00e0 suivre une personne si je l\u2019aime et si on s\u2019aime mutuellement. Le plus important c\u2019est la complicit\u00e9, l\u2019alchimie entre deux personnes, ce ne sont pas les artifices et c\u2019est la simplicit\u00e9\u00a0\u00bb.<\/p>\n<p>Je ne sais pas du tout ce qui se passe\u2026 Je suis tr\u00e8s content\u2026 C\u2019est court dix minutes. C\u2019est une fille timide mais tr\u00e8s souriante. C\u2019est une\u00a0tr\u00e8s belle rencontre.\u00a0Avoir fait cette d\u00e9marche jusqu\u2019au bout, c\u2019est \u00e9norme\u00a0\u00bb.<\/p>\n<p>\u00ab\u00a0Dans ses yeux, j\u2019ai vu une grande affection. J\u2019ai eu un bon feeling\u00a0\u00bb, retiendra, pour sa part, l\u2019\u00e9tudiante.<\/p>\n<p>Cl\u00e9mence, la pr\u00e9tendante aux seize pages<\/p>\n<p><strong>Cl\u00e9mence, 26 ans, comptable,<\/strong> arrive tout droit de Bretagne. \u00ab\u00a0Je suis perturb\u00e9\u2026 C\u2019est un petit roman que j\u2019ai dans les mains\u00a0\u00bb. En effet, la jeune fille a \u00e9crit une longue lettre\u2026 de seize pages\u00a0!<\/p>\n<p>\u00ab\u00a0J\u2019ai l\u2019impression que tu me parles, j\u2019entendais presque ta voix, \u00e7a m\u2019a mis presque une baffe\u00a0\u00bb, lance l\u2019\u00e9leveur. \u00ab\u00a0J\u2019ai besoin d\u2019amour. J\u2019ai essay\u00e9 de faire au plus simple et plus naturel comme je suis dans la vie\u00a0\u00bb, r\u00e9sume Mathieu.<\/p>\n<p>\u00ab\u00a0C\u2019est une tr\u00e8s belle rencontre, j\u2019ai l\u2019impression que tu es un peu comme moi, garde ce joli sourire qui te va si bien\u00a0\u00bb [\u2026] \u00ab\u00a0Elle est top. Elle a les m\u00eames valeurs que moi, les m\u00eames objectifs, elle est g\u00e9niale, jolie\u00a0\u00bb, retiendra l\u2019Aveyronnais.<\/p>\n<p>\u00ab\u00a0C\u2019\u00e9tait surr\u00e9aliste, simple, naturel [\u2026] c\u2019est plus que ce que j\u2019attendais, je ne m\u2019attendais pas \u00e0 \u00eatre prise par mes \u00e9motions comme \u00e7a. Il m\u2019a beaucoup touch\u00e9 dans ce qu\u2019il a pu me dire\u00a0\u00bb, \u00e9voque Cl\u00e9mence.<\/p>\n<p>Au final, c\u2019est Marie B et Cl\u00e9mence qui sont invit\u00e9es par Mathieu \u00e0 passer une semaine dans sa ferme. On d\u00e9couvrira leurs premiers pas dans quinze jours. Lundi prochain, c\u2019est Anthony et Evelyne que l\u2019on retrouvera, \u00e0 21\u00a0h\u00a015 sur M6.<\/p>\n","protected":false},"excerpt":{"rendered":"Dans L\u2019Amour est dans le pr\u00e9, ce lundi 29\u00a0septembre 2025\u00a0? Mathieu, \u00e9leveur aveyronnais, d\u00e9couvre les neuf pr\u00e9tendantes qu\u2019il&hellip;\n","protected":false},"author":2,"featured_media":427622,"comment_status":"","ping_status":"","sticky":false,"template":"","format":"standard","meta":{"footnotes":""},"categories":[1356],"tags":[58,59,1011,27,252,1364],"class_list":{"0":"post-427621","1":"post","2":"type-post","3":"status-publish","4":"format-standard","5":"has-post-thumbnail","7":"category-television","8":"tag-divertissement","9":"tag-entertainment","10":"tag-fr","11":"tag-france","12":"tag-television","13":"tag-tv"},"share_on_mastodon":{"url":"https:\/\/pubeurope.com\/@fr\/115291088848527534","error":""},"_links":{"self":[{"href":"https:\/\/www.europesays.com\/fr\/wp-json\/wp\/v2\/posts\/427621","targetHints":{"allow":["GET"]}}],"collection":[{"href":"https:\/\/www.europesays.com\/fr\/wp-json\/wp\/v2\/posts"}],"about":[{"href":"https:\/\/www.europesays.com\/fr\/wp-json\/wp\/v2\/types\/post"}],"author":[{"embeddable":true,"href":"https:\/\/www.europesays.com\/fr\/wp-json\/wp\/v2\/users\/2"}],"replies":[{"embeddable":true,"href":"https:\/\/www.europesays.com\/fr\/wp-json\/wp\/v2\/comments?post=427621"}],"version-history":[{"count":0,"href":"https:\/\/www.europesays.com\/fr\/wp-json\/wp\/v2\/posts\/427621\/revisions"}],"wp:featuredmedia":[{"embeddable":true,"href":"https:\/\/www.europesays.com\/fr\/wp-json\/wp\/v2\/media\/427622"}],"wp:attachment":[{"href":"https:\/\/www.europesays.com\/fr\/wp-json\/wp\/v2\/media?parent=427621"}],"wp:term":[{"taxonomy":"category","embeddable":true,"href":"https:\/\/www.europesays.com\/fr\/wp-json\/wp\/v2\/categories?post=427621"},{"taxonomy":"post_tag","embeddable":true,"href":"https:\/\/www.europesays.com\/fr\/wp-json\/wp\/v2\/tags?post=427621"}],"curies":[{"name":"wp","href":"https:\/\/api.w.org\/{rel}","templated":true}]}}