{"id":427625,"date":"2025-09-30T03:20:41","date_gmt":"2025-09-30T03:20:41","guid":{"rendered":"https:\/\/www.europesays.com\/fr\/427625\/"},"modified":"2025-09-30T03:20:41","modified_gmt":"2025-09-30T03:20:41","slug":"le-nouveau-film-de-detective-conan-sortira-cet-automne-dans-les-cinemas-francais-29-septembre-2025","status":"publish","type":"post","link":"https:\/\/www.europesays.com\/fr\/427625\/","title":{"rendered":"Le nouveau film de D\u00e9tective Conan sortira cet automne dans les cin\u00e9mas fran\u00e7ais, 29 Septembre 2025"},"content":{"rendered":"<p style=\"text-align: justify;\">Sorti au Japon en avril dernier, le 28e film bas\u00e9 sur <a href=\"https:\/\/www.manga-news.com\/index.php\/serie\/Detective-Conan\" target=\"_blank\" rel=\"noopener\"><strong xmlns=\"http:\/\/www.w3.org\/1999\/xhtml\">D\u00e9tective Conan<\/strong><\/a><strong\/>\u00a0arrivera bien dans les cin\u00e9mas fran\u00e7ais !<\/p>\n<p style=\"text-align: justify;\">L&rsquo;information nous vient de notre bien renseign\u00e9 confr\u00e8re d&rsquo;Anime HD, et appara\u00eet \u00e9galement sur certains tr\u00e8s gros sites comme Allocin\u00e9 et Path\u00e9: Detective Conan : Sekigan no Flashback sera propos\u00e9 dans nos salles de cin\u00e9ma\u00a0 sous le nom <strong><a href=\"https:\/\/www.manga-news.com\/index.php\/dvd\/Detective-Conan-Film-28\" target=\"_blank\" rel=\"noopener\">D\u00e9tective Conan : La M\u00e9moire Retrouv\u00e9e<\/a><\/strong> d\u00e8s le <strong>12 novembre<\/strong> par le distributeur <strong>Eurozoom<\/strong>, qui, de son c\u00f4t\u00e9, n&rsquo;a pas encore fait d&rsquo;annonce officielle. En tout cas, cela pourrait expliquer le <a href=\"https:\/\/www.manga-news.com\/index.php\/actus\/2025\/09\/24\/La-sortie-au-cinema-de-Lupin-III-:-La-lignee-immortelle-est-reportee\" target=\"_blank\" rel=\"noopener\">report \u00e0 2026 de Lupin III: La Lign\u00e9e Immortelle<\/a>, qui \u00e9tait initialement pr\u00e9vu \u00e0 la m\u00eame date.<\/p>\n<p style=\"text-align: justify;\">Rappelons que <a href=\"https:\/\/www.manga-news.com\/index.php\/auteur\/TMS-Entertainment\" target=\"_blank\" rel=\"noopener\">TMS Entertainment<\/a> a produit le film tandis que la r\u00e9alisation a \u00e9t\u00e9 assur\u00e9e par <a href=\"https:\/\/www.manga-news.com\/index.php\/auteur\/Katsuya-SHIGEHARA\" target=\"_blank\" rel=\"noopener\">Katsuya Shigehara<\/a>, un artiste d&rsquo;animation qui a d\u00e9j\u00e0 \u0153uvr\u00e9 \u00e0 plusieurs reprises sur la saga mais dont il s&rsquo;agit du premier gros travail sur Conan. Le sc\u00e9nario a \u00e9t\u00e9 \u00e9crit par <a href=\"https:\/\/www.manga-news.com\/index.php\/auteur\/SAKURAI-Takeharu\" target=\"_blank\" rel=\"noopener\">Takeharu Sakurai<\/a> qui a d\u00e9j\u00e0 \u00e9crit sept films Conan auparavant dont les r\u00e9cents Scarlet Bullet (film 24) et Le sous-marin noir (film 26). Enfin,\u00a0<a href=\"https:\/\/www.manga-news.com\/index.php\/auteur\/KANNO-Yugo\" target=\"_blank\" rel=\"noopener\">Y\u00fbgo Kanno<\/a>\u00a0a sign\u00e9 la bande originale pour le quatri\u00e8me film Conan cons\u00e9cutif.<\/p>\n<p style=\"text-align: center;\"><img decoding=\"async\" src=\"https:\/\/www.europesays.com\/fr\/wp-content\/uploads\/2025\/09\/Detective-Conan-film-28-affiche-2.webp.webp\" alt=\"\" style=\"width: 100%; max-width: 519px; height: auto; max-height: 702px;\"\/><\/p>\n<p style=\"text-align: justify;\">Synopsis :<\/p>\n<p style=\"text-align: justify;\">\u00c0 Tokyo, Conan assiste impuissant \u00e0 l\u2019assassinat d\u2019un ancien coll\u00e8gue de Kogor\u00f4. D\u00e9termin\u00e9 \u00e0 venger son ami en d\u00e9busquant le meurtrier, ce dernier remonte une piste qui le conduit aux montagnes enneig\u00e9es de Nagano. Sur place, il fera \u00e9quipe avec Kansuke Yamato qui a lui-m\u00eame \u00e9t\u00e9 gravement bless\u00e9 lors d\u2019une avalanche 10 mois plus t\u00f4t. Or ses souvenirs perdus pourraient bien fournir la clef pour r\u00e9soudre l\u2019enqu\u00eate.<\/p>\n","protected":false},"excerpt":{"rendered":"Sorti au Japon en avril dernier, le 28e film bas\u00e9 sur D\u00e9tective Conan\u00a0arrivera bien dans les cin\u00e9mas fran\u00e7ais&hellip;\n","protected":false},"author":2,"featured_media":427626,"comment_status":"","ping_status":"","sticky":false,"template":"","format":"standard","meta":{"footnotes":""},"categories":[1354],"tags":[1111,47,2566,58,59,1346,1011,27,1922,55663,6681,6683,2567,6682,1360,1404],"class_list":{"0":"post-427625","1":"post","2":"type-post","3":"status-publish","4":"format-standard","5":"has-post-thumbnail","7":"category-films","8":"tag-actu","9":"tag-actualite","10":"tag-anime","11":"tag-divertissement","12":"tag-entertainment","13":"tag-films","14":"tag-fr","15":"tag-france","16":"tag-info","17":"tag-le-nouveau-film-de-detective-conan-sortira-cet-automne-dans-les-cinemas-francais","18":"tag-manga","19":"tag-manga-news","20":"tag-manga-news-com","21":"tag-mangas","22":"tag-movies","23":"tag-quotidien"},"share_on_mastodon":{"url":"https:\/\/pubeurope.com\/@fr\/115291096688884078","error":""},"_links":{"self":[{"href":"https:\/\/www.europesays.com\/fr\/wp-json\/wp\/v2\/posts\/427625","targetHints":{"allow":["GET"]}}],"collection":[{"href":"https:\/\/www.europesays.com\/fr\/wp-json\/wp\/v2\/posts"}],"about":[{"href":"https:\/\/www.europesays.com\/fr\/wp-json\/wp\/v2\/types\/post"}],"author":[{"embeddable":true,"href":"https:\/\/www.europesays.com\/fr\/wp-json\/wp\/v2\/users\/2"}],"replies":[{"embeddable":true,"href":"https:\/\/www.europesays.com\/fr\/wp-json\/wp\/v2\/comments?post=427625"}],"version-history":[{"count":0,"href":"https:\/\/www.europesays.com\/fr\/wp-json\/wp\/v2\/posts\/427625\/revisions"}],"wp:featuredmedia":[{"embeddable":true,"href":"https:\/\/www.europesays.com\/fr\/wp-json\/wp\/v2\/media\/427626"}],"wp:attachment":[{"href":"https:\/\/www.europesays.com\/fr\/wp-json\/wp\/v2\/media?parent=427625"}],"wp:term":[{"taxonomy":"category","embeddable":true,"href":"https:\/\/www.europesays.com\/fr\/wp-json\/wp\/v2\/categories?post=427625"},{"taxonomy":"post_tag","embeddable":true,"href":"https:\/\/www.europesays.com\/fr\/wp-json\/wp\/v2\/tags?post=427625"}],"curies":[{"name":"wp","href":"https:\/\/api.w.org\/{rel}","templated":true}]}}