{"id":427631,"date":"2025-09-30T03:23:14","date_gmt":"2025-09-30T03:23:14","guid":{"rendered":"https:\/\/www.europesays.com\/fr\/427631\/"},"modified":"2025-09-30T03:23:14","modified_gmt":"2025-09-30T03:23:14","slug":"kate-middleton-debarque-avec-george-charlotte-et-louis-sur-le-tournage-de-la-serie-harry-potter","status":"publish","type":"post","link":"https:\/\/www.europesays.com\/fr\/427631\/","title":{"rendered":"Kate Middleton d\u00e9barque avec George, Charlotte et Louis sur le tournage de la s\u00e9rie Harry Potter"},"content":{"rendered":"<p><strong>La saga Harry Potter<\/strong> est universelle et<br \/>\nintemporelle. Pr\u00e8s de trente ans apr\u00e8s la sortie du premier roman<br \/>\net apr\u00e8s des succ\u00e8s en salle et en librairie, les fans du magicien<br \/>\nsont des centaines de millions dans le monde, de toutes origines et<br \/>\nde toutes les g\u00e9n\u00e9rations. On en trouve m\u00eame jusqu&rsquo;\u00e0 Buckingham<br \/>\nPalace. <strong>Kate Middleton, George, Charlotte et Louis<\/strong><br \/>\nont d&rsquo;ailleurs pu assouvir leur passion, en assistant au tournage<br \/>\nde la s\u00e9rie qui sera diffus\u00e9e sur HBO.<\/p>\n<p>Pr\u00e8s de deux ans apr\u00e8s l&rsquo;annonce retentissante de HBO, <a href=\"https:\/\/www.mariefrance.fr\/news-people\/harry-potter-actrice-culte-frappee-maladie-mourrai-probablement-cinq-six-prochaines-annees-1169953.html\" target=\"_blank\" rel=\"noopener nofollow\">les fans de l&rsquo;univers Harry<br \/>\nPotter<\/a> ont enfin pu d\u00e9couvrir <strong>les premi\u00e8res images de<br \/>\nla future s\u00e9rie<\/strong>. Entre sept romans devenus cultes et huit<br \/>\nfilms embl\u00e9matiques, la s\u00e9rie devra relever un d\u00e9fi de taille :<br \/>\nrester fid\u00e8le \u00e0 l&rsquo;\u0153uvre originale sans se contenter de la r\u00e9p\u00e9ter.<br \/>\nUne chose est s\u00fbre, elle a d\u00e9j\u00e0 ses premiers fans. : Kate Middleton<br \/>\net ses enfants.<\/p>\n<p>Kate Middleton et ses enfants sur le tournage de Harry<br \/>\nPotter<\/p>\n<p>Alors que <a href=\"https:\/\/www.mariefrance.fr\/news-people\/kate-middleton-atteinte-cancer-terrible-aveu-prince-william-maladie-vie-met-lepreuve-1207771.html\" target=\"_blank\" rel=\"noopener nofollow\">William et Kate<\/a> s&rsquo;appr\u00eatent \u00e0<br \/>\nemm\u00e9nager \u00e0 Forest Lodge, leur \u00ab\u00a0maison pour la vie\u00a0\u00bb, ils<br \/>\ntenaient \u00e0 offrir un moment magique \u00e0 leurs enfants. Partageant<br \/>\navec eux une passion commune pour la c\u00e9l\u00e8bre saga mettant en sc\u00e8ne<br \/>\nun jeune sorcier, ils les ont emmen\u00e9s, ce vendredi 26 septembre,<br \/>\n<strong>sur le tournage de la toute nouvelle s\u00e9rie Harry<br \/>\nPotter<\/strong> produite par HBO.<\/p>\n<p>Ce jour-l\u00e0, le tournage se d\u00e9roulait \u00e0 proximit\u00e9 de leur future<br \/>\nr\u00e9sidence, ce qui a permis \u00e0 George, Charlotte et Louis d&rsquo;assister<br \/>\n\u00e0 plusieurs sc\u00e8nes. Une exp\u00e9rience qu&rsquo;ils ont v\u00e9cue comme un<br \/>\n<strong>\u00ab\u00a0moment magique\u00a0\u00bb<\/strong>, comme l&rsquo;a r\u00e9v\u00e9l\u00e9 une<br \/>\nsource proche de la famille royale aux journalistes du Daily<br \/>\nMail. <strong>\u00ab\u00a0C&rsquo;\u00e9tait vraiment sp\u00e9cial<\/strong>, Kate et<br \/>\nles enfants ont rencontr\u00e9 les jeunes acteurs et le r\u00e9alisateur sur<br \/>\nle plateau.\u00a0\u00bb<\/p>\n<p><img loading=\"lazy\" decoding=\"async\" aria-describedby=\"caption-attachment-1208425\" itemprop=\"thumbnailUrl\" class=\"wp-image-1208425 img-responsive size-full\" src=\"https:\/\/www.europesays.com\/fr\/wp-content\/uploads\/2025\/09\/3-39.jpg\" alt=\"Kate Middleton\u00a0et la famille royale\" width=\"1280\" height=\"720\"\/> \u00a9 Shutterstock\/PeteHancock<\/p>\n<p id=\"caption-attachment-1208425\" class=\"wp-caption-text\">La<br \/>\nfamille royale sur le tournage de la s\u00e9rie Harry Potter.<\/p>\n<p>Une visite magique<\/p>\n<p>Lors du tournage, les jeunes membres de la famille royale ont eu<br \/>\nl&rsquo;occasion de rencontrer les acteurs de la s\u00e9rie, notamment Dominic<br \/>\nMcLaughlin, 11 ans, qui incarne d\u00e9sormais Harry Potter. \u00ab\u00a0Il n&rsquo;y<br \/>\navait qu&rsquo;une seule nuit de tournage, donc c&rsquo;\u00e9tait vraiment<br \/>\nmagique\u00a0\u00bb, pr\u00e9cise la source.<\/p>\n<p>Les cam\u00e9ras \u00e9taient en action lorsque le trio, fascin\u00e9, a<br \/>\nassist\u00e9 \u00e0 plusieurs prises de vues. <a href=\"https:\/\/www.mariefrance.fr\/mode\/kate-middleton-brave-le-protocole-en-optant-pour-ce-vetement-interdit-pour-son-fils-le-prince-louis-lors-de-trooping-the-colour-2025-1176316.html\" target=\"_blank\" rel=\"noopener nofollow\">Le prince Louis<\/a>,<br \/>\nparticuli\u00e8rement enthousiaste, a m\u00eame v\u00e9cu une exp\u00e9rience<br \/>\ninoubliable : monter \u00e0 bord du Poudlard Express et parcourir<br \/>\nquelques m\u00e8tres dans le l\u00e9gendaire train. <strong>\u00ab\u00a0Il a sembl\u00e9<br \/>\nadorer \u00e7a<\/strong>. Monter \u00e0 bord du Poudlard Express est le r\u00eave<br \/>\nde la plupart des enfants\u00a0\u00bb, rapportent les journalistes du<br \/>\nDaily Mail.<\/p>\n<p><img loading=\"lazy\" decoding=\"async\" aria-describedby=\"caption-attachment-1208423\" class=\"wp-image-1208423 img-responsive size-full\" src=\"https:\/\/www.europesays.com\/fr\/wp-content\/uploads\/2025\/09\/1-46.jpg\" alt=\"Kate Middleton et ses enfants\" width=\"1280\" height=\"720\"\/> \u00a9 Shutterstock\/LornaRoberts<\/p>\n<p id=\"caption-attachment-1208423\" class=\"wp-caption-text\">Les<br \/>\nenfants ont v\u00e9cu un moment magique.<\/p>\n<p>Kate Middleton : fan de Harry Potter de<br \/>\nlongue date<\/p>\n<p>La passion des Windsor pour la saga Harry Potter ne date pas<br \/>\nd&rsquo;hier. Le prince et la princesse de Galles avaient d\u00e9j\u00e0<br \/>\n<strong>visit\u00e9 les studios Warner Bros<\/strong> en 2013, posant<br \/>\ndevant les d\u00e9cors mythiques. En 2017, la reine Camilla avait, elle<br \/>\naussi, exprim\u00e9 son attachement \u00e0 l&rsquo;univers imagin\u00e9 par J.K.<br \/>\nRowling, racontant qu&rsquo;elle lisait souvent les aventures du jeune<br \/>\nsorcier \u00e0 ses petits-enfants, parmi lesquels George, Charlotte et<br \/>\nLouis.<\/p>\n<p><img loading=\"lazy\" decoding=\"async\" aria-describedby=\"caption-attachment-1208424\" class=\"wp-image-1208424 img-responsive size-full\" src=\"https:\/\/www.europesays.com\/fr\/wp-content\/uploads\/2025\/09\/2-45.jpg\" alt=\"Kate Middleton et William\" width=\"1280\" height=\"720\"\/><br \/>\n\u00a9<br \/>\nShutterstock\/EuanCherry<\/p>\n<p id=\"caption-attachment-1208424\" class=\"wp-caption-text\">Kate<br \/>\nMiddleton et William fans de la saga Harry Potter<\/p>\n<p>\u00ab\u00a0Parfois, lorsque nous sommes en \u00c9cosse, <strong>mon mari<br \/>\nleur lit Harry Potter<\/strong>.\u00a0Et il fait toutes les<br \/>\nvoix, car c&rsquo;est un imitateur brillant. Je ne suis pas tr\u00e8s dou\u00e9.<br \/>\nJ&rsquo;essaie de faire les voix, mais jouer la com\u00e9die n&rsquo;est pas mon<br \/>\nfort. Mais il s&rsquo;assoit et tout le monde s&rsquo;assoit avec lui\u00a0\u00bb,<br \/>\nexpliquait-elle.<\/p>\n","protected":false},"excerpt":{"rendered":"La saga Harry Potter est universelle et intemporelle. Pr\u00e8s de trente ans apr\u00e8s la sortie du premier roman&hellip;\n","protected":false},"author":2,"featured_media":427632,"comment_status":"","ping_status":"","sticky":false,"template":"","format":"standard","meta":{"footnotes":""},"categories":[8],"tags":[58,59,1011,27,5858],"class_list":{"0":"post-427631","1":"post","2":"type-post","3":"status-publish","4":"format-standard","5":"has-post-thumbnail","7":"category-divertissement","8":"tag-divertissement","9":"tag-entertainment","10":"tag-fr","11":"tag-france","12":"tag-kate-middleton"},"share_on_mastodon":{"url":"https:\/\/pubeurope.com\/@fr\/115291110036939405","error":""},"_links":{"self":[{"href":"https:\/\/www.europesays.com\/fr\/wp-json\/wp\/v2\/posts\/427631","targetHints":{"allow":["GET"]}}],"collection":[{"href":"https:\/\/www.europesays.com\/fr\/wp-json\/wp\/v2\/posts"}],"about":[{"href":"https:\/\/www.europesays.com\/fr\/wp-json\/wp\/v2\/types\/post"}],"author":[{"embeddable":true,"href":"https:\/\/www.europesays.com\/fr\/wp-json\/wp\/v2\/users\/2"}],"replies":[{"embeddable":true,"href":"https:\/\/www.europesays.com\/fr\/wp-json\/wp\/v2\/comments?post=427631"}],"version-history":[{"count":0,"href":"https:\/\/www.europesays.com\/fr\/wp-json\/wp\/v2\/posts\/427631\/revisions"}],"wp:featuredmedia":[{"embeddable":true,"href":"https:\/\/www.europesays.com\/fr\/wp-json\/wp\/v2\/media\/427632"}],"wp:attachment":[{"href":"https:\/\/www.europesays.com\/fr\/wp-json\/wp\/v2\/media?parent=427631"}],"wp:term":[{"taxonomy":"category","embeddable":true,"href":"https:\/\/www.europesays.com\/fr\/wp-json\/wp\/v2\/categories?post=427631"},{"taxonomy":"post_tag","embeddable":true,"href":"https:\/\/www.europesays.com\/fr\/wp-json\/wp\/v2\/tags?post=427631"}],"curies":[{"name":"wp","href":"https:\/\/api.w.org\/{rel}","templated":true}]}}