{"id":427636,"date":"2025-09-30T03:26:11","date_gmt":"2025-09-30T03:26:11","guid":{"rendered":"https:\/\/www.europesays.com\/fr\/427636\/"},"modified":"2025-09-30T03:26:11","modified_gmt":"2025-09-30T03:26:11","slug":"en-guerre-contre-le-vice-les-talibans-coupent-les-telecommunications","status":"publish","type":"post","link":"https:\/\/www.europesays.com\/fr\/427636\/","title":{"rendered":"En guerre contre \u00ab\u00a0le vice\u00a0\u00bb, les talibans coupent les t\u00e9l\u00e9communications"},"content":{"rendered":"<p>Les <a href=\"https:\/\/www.20minutes.fr\/monde\/taliban\/\" target=\"_blank\" class=\"c-link c-link--is-underlined\" rel=\"noopener\">talibans <\/a>continuent de mettre en place leur politique particuli\u00e8rement restrictive en <a href=\"https:\/\/www.20minutes.fr\/monde\/afghanistan\/\" target=\"_blank\" class=\"c-link c-link--is-underlined\" rel=\"noopener\">Afghanistan<\/a>. Les autorit\u00e9s viennent en effet de mettre un nouveau coup \u00e0 la libert\u00e9 d\u2019expression. Elles ont pour cela impos\u00e9 lundi une coupure nationale des communications.<\/p>\n<p>Le r\u00e9gime en place \u00e0 Kaboul a pris cette d\u00e9cision quelques semaines apr\u00e8s avoir commenc\u00e9 \u00e0 couper les connexions par fibre optique afin de \u00ab\u00a0pr\u00e9venir le vice\u00a0\u00bb.<\/p>\n<p>Un \u00ab\u00a0black-out total\u00a0\u00bb<\/p>\n<p>Netblocks, une organisation charg\u00e9e de la cybers\u00e9curit\u00e9 et de la gouvernance d&rsquo;Internet, a qualifi\u00e9 cette coupure de \u00ab\u00a0black-out total\u00a0\u00bb et affirm\u00e9 que la connectivit\u00e9 fonctionnait \u00e0 moins de 1\u00a0% de son niveau habituel.<\/p>\n<\/p>\n<p>Quelques minutes avant que cela ne se produise, un responsable gouvernemental a fait savoir que la coupure impos\u00e9e par le gouvernement durerait \u00ab\u00a0jusqu\u2019\u00e0 nouvel ordre\u00a0\u00bb. Les communications \u00ab\u00a0vont \u00eatre coup\u00e9es, cela se fera progressivement cette nuit, de 8.000 \u00e0 9.000 pyl\u00f4nes de t\u00e9l\u00e9communications seront mis hors service\u00a0\u00bb, a-t-il indiqu\u00e9 sous couvert d\u2019anonymat. \u00ab\u00a0Il n\u2019y a aucun autre moyen ou syst\u00e8me pour communiquer [\u2026]\u00a0: le secteur bancaire, les douanes, tout le pays sera affect\u00e9\u00a0\u00bb.<\/p>\n<p>Les autorit\u00e9s talibanes en Afghanistan ont commenc\u00e9 \u00e0 restreindre l\u2019acc\u00e8s \u00e0 Internet au d\u00e9but du mois, coupant les connexions dans plusieurs provinces. Cette mesure, ordonn\u00e9e par <a href=\"https:\/\/www.20minutes.fr\/monde\/afghanistan\/4162719-20250709-afghanistan-hibatullah-akhundzada-chef-talibans-vise-mandat-arret-cpi\" target=\"_blank\" class=\"c-link c-link--is-underlined\" rel=\"noopener\">le chef supr\u00eame des talibans Hibatullah Akhundzada<\/a>, a notamment mis fin \u00e0 l&rsquo;Internet haut d\u00e9bit dans plusieurs r\u00e9gions. Les services t\u00e9l\u00e9phoniques sont souvent achemin\u00e9s via Internet, partageant les m\u00eames lignes \u00e0 fibre optique, en particulier dans les pays o\u00f9 les infrastructures de t\u00e9l\u00e9communications sont limit\u00e9es.<\/p>\n<p>Un r\u00e9gime autoritaire en place depuis\u00a02021<\/p>\n<p>\u00ab\u00a0Une coupure nationale des t\u00e9l\u00e9communications est actuellement en place. [\u2026] Couper physiquement l\u2019acc\u00e8s \u00e0 Internet par fibre optique entra\u00eenerait donc \u00e9galement l\u2019interruption des services de t\u00e9l\u00e9phonie fixe et mobile\u00a0\u00bb, a expliqu\u00e9 Netblocks. \u00ab\u00a0Il se peut que la d\u00e9connexion de l\u2019acc\u00e8s \u00e0 Internet tout en maintenant le service t\u00e9l\u00e9phonique disponible exige quelques essais et erreurs\u00a0\u00bb.<\/p>\n<p><a href=\"https:\/\/www.20minutes.fr\/monde\/afghanistan\/\" target=\"_blank\" class=\"c-link c-btn c-btn--primary\" rel=\"noopener\">Notre dossier sur l&rsquo;Afghanistan<\/a><\/p>\n<p>Depuis leur retour au pouvoir en\u00a02021, les talibans ont instaur\u00e9 de nombreuses restrictions conform\u00e9ment \u00e0 leur interpr\u00e9tation de la loi islamique. Depuis, c\u2019est la premi\u00e8re fois que les communications ont \u00e9t\u00e9 coup\u00e9es dans le pays.<\/p>\n","protected":false},"excerpt":{"rendered":"Les talibans continuent de mettre en place leur politique particuli\u00e8rement restrictive en Afghanistan. Les autorit\u00e9s viennent en effet&hellip;\n","protected":false},"author":2,"featured_media":427637,"comment_status":"","ping_status":"","sticky":false,"template":"","format":"standard","meta":{"footnotes":""},"categories":[5],"tags":[47,11,598,23397,1011,27,14,310,474,74,12,597,965,133,28],"class_list":{"0":"post-427636","1":"post","2":"type-post","3":"status-publish","4":"format-standard","5":"has-post-thumbnail","7":"category-international","8":"tag-actualite","9":"tag-actualites","10":"tag-afghanistan","11":"tag-charia","12":"tag-fr","13":"tag-france","14":"tag-international","15":"tag-internet","16":"tag-liberte-dexpression","17":"tag-monde","18":"tag-news","19":"tag-taliban","20":"tag-telecommunications","21":"tag-video","22":"tag-world"},"share_on_mastodon":{"url":"https:\/\/pubeurope.com\/@fr\/115291120265277500","error":""},"_links":{"self":[{"href":"https:\/\/www.europesays.com\/fr\/wp-json\/wp\/v2\/posts\/427636","targetHints":{"allow":["GET"]}}],"collection":[{"href":"https:\/\/www.europesays.com\/fr\/wp-json\/wp\/v2\/posts"}],"about":[{"href":"https:\/\/www.europesays.com\/fr\/wp-json\/wp\/v2\/types\/post"}],"author":[{"embeddable":true,"href":"https:\/\/www.europesays.com\/fr\/wp-json\/wp\/v2\/users\/2"}],"replies":[{"embeddable":true,"href":"https:\/\/www.europesays.com\/fr\/wp-json\/wp\/v2\/comments?post=427636"}],"version-history":[{"count":0,"href":"https:\/\/www.europesays.com\/fr\/wp-json\/wp\/v2\/posts\/427636\/revisions"}],"wp:featuredmedia":[{"embeddable":true,"href":"https:\/\/www.europesays.com\/fr\/wp-json\/wp\/v2\/media\/427637"}],"wp:attachment":[{"href":"https:\/\/www.europesays.com\/fr\/wp-json\/wp\/v2\/media?parent=427636"}],"wp:term":[{"taxonomy":"category","embeddable":true,"href":"https:\/\/www.europesays.com\/fr\/wp-json\/wp\/v2\/categories?post=427636"},{"taxonomy":"post_tag","embeddable":true,"href":"https:\/\/www.europesays.com\/fr\/wp-json\/wp\/v2\/tags?post=427636"}],"curies":[{"name":"wp","href":"https:\/\/api.w.org\/{rel}","templated":true}]}}