{"id":427642,"date":"2025-09-30T03:31:12","date_gmt":"2025-09-30T03:31:12","guid":{"rendered":"https:\/\/www.europesays.com\/fr\/427642\/"},"modified":"2025-09-30T03:31:12","modified_gmt":"2025-09-30T03:31:12","slug":"prison-ferme-et-ineligibilite-requises-contre-le-maire","status":"publish","type":"post","link":"https:\/\/www.europesays.com\/fr\/427642\/","title":{"rendered":"prison ferme et in\u00e9ligibilit\u00e9 requises contre le maire"},"content":{"rendered":"<p class=\"mb-4 text-lg md:leading-8 break-words\">Trois ans de prison ferme et une peine d&rsquo;in\u00e9ligibilit\u00e9 avec application imm\u00e9diate ont \u00e9t\u00e9 requis lundi contre le maire de Saint-Etienne, Ga\u00ebl Perdriau, qualifi\u00e9 de \u00ab\u00a0d\u00e9cideur\u00a0\u00bb dans l&rsquo;affaire du chantage \u00e0 la sextape.<\/p>\n<p class=\"mb-4 text-lg md:leading-8 break-words\">\u00ab\u00a0C&rsquo;est lui qui avait les mains sur la manette nucl\u00e9aire\u00a0\u00bb, a d\u00e9clar\u00e9 la procureure Audrey Quey en r\u00e9f\u00e9rence au pi\u00e8ge foment\u00e9 contre l&rsquo;ancien Premier adjoint du maire, Gilles Artigues, film\u00e9 \u00e0 son insu avec un prostitu\u00e9.<\/p>\n<p class=\"mb-4 text-lg md:leading-8 break-words\">Ga\u00ebl Perdriau \u00ab\u00a0savait, il a laiss\u00e9 faire, alors qu&rsquo;il avait autorit\u00e9 sur ceux\u00a0\u00bb qui ont orchestr\u00e9 ce kompromat, et \u00ab\u00a0qui l&rsquo;ont fait en son nom\u00a0\u00bb, a-t-elle encore assen\u00e9, en reprochant \u00e0 l&rsquo;\u00e9dile de 53 ans d&rsquo;\u00eatre \u00ab\u00a0le seul\u00a0\u00bb des protagonistes \u00e0 ne pas avoir \u00e9volu\u00e9 au cours de la proc\u00e9dure, \u00ab\u00a0le seul \u00e0 nier l&rsquo;\u00e9vidence\u00a0\u00bb.<\/p>\n<p class=\"mb-4 text-lg md:leading-8 break-words\">Pour cette raison, elle a demand\u00e9 une peine plus lourde contre lui que contre les autres pr\u00e9venus, soit cinq ans de prison, dont deux avec sursis, une peine \u00ab\u00a0non am\u00e9nageable\u00a0\u00bb, 50.000 euros d&rsquo;amende et cinq ans d&rsquo;in\u00e9ligibilit\u00e9, qui s&rsquo;appliqueront m\u00eame en cas d&rsquo;appel.<\/p>\n<p class=\"mb-4 text-lg md:leading-8 break-words\">Une telle condamnation lui interdirait de briguer un nouveau mandat aux municipales de 2026 et cela peut cr\u00e9er un \u00ab\u00a0trouble d\u00e9mocratique\u00a0\u00bb, a-t-elle reconnu.<\/p>\n<p class=\"mb-4 text-lg md:leading-8 break-words\">Mais les faits dont Ga\u00ebl Perdriau s&rsquo;est, selon elle, rendu coupable sont d'\u00a0\u00bbune telle abjectivit\u00e9, d&rsquo;une telle vilenie\u00a0\u00bb, qu&rsquo;il \u00ab\u00a0ne peut pas rester maire de Saint-Etienne\u00a0\u00bb, a estim\u00e9 la magistrate.<\/p>\n<p class=\"mb-4 text-lg md:leading-8 break-words\">Accroch\u00e9 \u00e0 son fauteuil depuis que le scandale a \u00e9clat\u00e9 dans Mediapart en 2022, Ga\u00ebl Perdriau est jug\u00e9 par le tribunal correctionnel de Lyon depuis une semaine pour chantage, association de malfaiteurs et d\u00e9tournement de fonds publics, des accusations qu&rsquo;il r\u00e9cuse vivement.<\/p>\n<p class=\"mb-4 text-lg md:leading-8 break-words\">&#8211; \u00ab\u00a0Fusible\u00a0\u00bb &#8211;<\/p>\n<p class=\"mb-4 text-lg md:leading-8 break-words\">Il compara\u00eet avec trois anciens membres de son entourage qui, eux, admettent leur responsabilit\u00e9 et ont livr\u00e9 des t\u00e9moignages accablants.<\/p>\n<p class=\"mb-4 text-lg md:leading-8 break-words\">Pierre Gauttieri, qui fut pendant dix ans son directeur de cabinet, a ainsi assur\u00e9 que d\u00e8s son \u00e9lection en 2014, Ga\u00ebl Perdriau lui avait demand\u00e9 de trouver \u00ab\u00a0une solution pour tenir en respect Gilles Artigues\u00a0\u00bb dont il doutait de la loyaut\u00e9.<\/p>\n<p class=\"mb-4 text-lg md:leading-8 break-words\">L&rsquo;id\u00e9e de pi\u00e9ger ce catholique oppos\u00e9 au mariage homosexuel avec un escort-boy a germ\u00e9 lors d&rsquo;\u00e9changes avec l&rsquo;ambitieux adjoint \u00e0 l&rsquo;Education Samy Kefi-J\u00e9r\u00f4me, et le conjoint de ce dernier Gilles Rossary-Lenglet.<\/p>\n<p class=\"mb-4 text-lg md:leading-8 break-words\">Selon Pierre Gauttieri, le maire a donn\u00e9 son feu vert au complot, tout en s&rsquo;engageant \u00e0 prendre en charge son volet financier, en faisant voter deux subventions de 20.000 euros chacune \u00e0 des associations st\u00e9phanoises qui les ont revers\u00e9es \u00e0 Gilles Rossary-Lenglet.<\/p>\n<p class=\"mb-4 text-lg md:leading-8 break-words\">Pour Pierre Gauttieri, un \u00ab\u00a0homme de l&rsquo;ombre\u00a0\u00bb \u00ab\u00a0pr\u00eat \u00e0 servir de fusible pour prot\u00e9ger le maire\u00a0\u00bb, la procureure n&rsquo;a requis qu&rsquo;un an de prison ferme, am\u00e9nageable \u00e0 domicile sous bracelet, prenant acte de ses efforts de contrition.<\/p>\n<p class=\"mb-4 text-lg md:leading-8 break-words\">Quant aux d\u00e9n\u00e9gations du maire, qui assure que son collaborateur a agi dans son dos pour des motifs personnels, la magistrate les a balay\u00e9es d&rsquo;un revers de manche: \u00ab\u00a0Un directeur de cabinet au surplus en d\u00e9but de mandat ne prend pas une d\u00e9cision pareille sans l&rsquo;aval de son \u00e9lu\u00a0\u00bb.<\/p>\n<p class=\"mb-4 text-lg md:leading-8 break-words\">&#8211; \u00ab\u00a0Eau trouble\u00a0\u00bb &#8211;<\/p>\n<p class=\"mb-4 text-lg md:leading-8 break-words\">Audrey Quey a demand\u00e9 deux ans de prison ferme pour Samy K\u00e9fi-J\u00e9r\u00f4me, \u00ab\u00a0l&rsquo;ambitieux pr\u00eat au pire pour ses ambitions personnelles\u00a0\u00bb et pour Gilles Rossary-Lenglet \u00ab\u00a0l&rsquo;homme bless\u00e9\u00a0\u00bb qui s&rsquo;est veng\u00e9 de ses anciens complices en allant voir Mediapart.<\/p>\n<p class=\"mb-4 text-lg md:leading-8 break-words\">En revanche, elle a estim\u00e9 que le tribunal devrait relaxer deux couples \u00e0 la t\u00eate d&rsquo;associations st\u00e9phanoises qui \u00e9taient poursuivies pour \u00ab\u00a0abus de confiance\u00a0\u00bb. Si elles ont revers\u00e9 \u00e0 Gilles Rossary-Lenglet des subventions municipales obtenues sur la r\u00e9serve du maire, elles l&rsquo;ont fait de bonne foi, bern\u00e9 par les mensonges de cet homme habile, a-t-elle estim\u00e9.<\/p>\n<p class=\"mb-4 text-lg md:leading-8 break-words\">Avant elle, les avocats de Gilles Artigues ont \u00e9galement esp\u00e9r\u00e9 que le tribunal ne fasse preuve d'\u00a0\u00bbaucune cl\u00e9mence\u00a0\u00bb envers Ga\u00ebl Perdriau.<\/p>\n<p class=\"mb-4 text-lg md:leading-8 break-words\">Les quatre principaux pr\u00e9venus \u00ab\u00a0sont des malfaiteurs, des ma\u00eetres-chanteurs, des voleurs et des menteurs\u00a0\u00bb et \u00ab\u00a0le plus grand menteur c&rsquo;est Ga\u00ebl Perdriau\u00a0\u00bb, a plaid\u00e9 Me Andr\u00e9 Buffard. \u00ab\u00a0On a quatre beaux sp\u00e9cimen de barboteurs en eau trouble\u00a0\u00bb mais \u00ab\u00a0Ga\u00ebl Perdriau est le seul qui s&rsquo;arcboute encore\u00a0\u00bb, a rench\u00e9ri sa consoeure Florence Vincent.<\/p>\n<p class=\"mb-4 text-lg md:leading-8 break-words\">La d\u00e9fense du maire, qui a bataill\u00e9 pied \u00e0 pied pendant toute l&rsquo;audience, s&rsquo;exprimera mardi. La d\u00e9cision sera probablement mise en d\u00e9lib\u00e9r\u00e9.<\/p>\n<p class=\"mb-4 text-lg md:leading-8 break-words\">chp\/epe\/dsa<\/p>\n","protected":false},"excerpt":{"rendered":"Trois ans de prison ferme et une peine d&rsquo;in\u00e9ligibilit\u00e9 avec application imm\u00e9diate ont \u00e9t\u00e9 requis lundi contre le&hellip;\n","protected":false},"author":2,"featured_media":427643,"comment_status":"","ping_status":"","sticky":false,"template":"","format":"standard","meta":{"footnotes":""},"categories":[9653],"tags":[1111,11,2430,1777,674,1011,27,35632,5107,12,24321,806,13457,25,4001,28907],"class_list":{"0":"post-427642","1":"post","2":"type-post","3":"status-publish","4":"format-standard","5":"has-post-thumbnail","7":"category-saint-etienne","8":"tag-actu","9":"tag-actualites","10":"tag-auvergne-rhone-alpes","11":"tag-eu","12":"tag-europe","13":"tag-fr","14":"tag-france","15":"tag-gilles-artigues","16":"tag-maire","17":"tag-news","18":"tag-perdriau","19":"tag-prison","20":"tag-prison-ferme","21":"tag-republique-francaise","22":"tag-saint-etienne","23":"tag-tribunal-correctionnel-de-lyon"},"share_on_mastodon":{"url":"https:\/\/pubeurope.com\/@fr\/115291139900261779","error":""},"_links":{"self":[{"href":"https:\/\/www.europesays.com\/fr\/wp-json\/wp\/v2\/posts\/427642","targetHints":{"allow":["GET"]}}],"collection":[{"href":"https:\/\/www.europesays.com\/fr\/wp-json\/wp\/v2\/posts"}],"about":[{"href":"https:\/\/www.europesays.com\/fr\/wp-json\/wp\/v2\/types\/post"}],"author":[{"embeddable":true,"href":"https:\/\/www.europesays.com\/fr\/wp-json\/wp\/v2\/users\/2"}],"replies":[{"embeddable":true,"href":"https:\/\/www.europesays.com\/fr\/wp-json\/wp\/v2\/comments?post=427642"}],"version-history":[{"count":0,"href":"https:\/\/www.europesays.com\/fr\/wp-json\/wp\/v2\/posts\/427642\/revisions"}],"wp:featuredmedia":[{"embeddable":true,"href":"https:\/\/www.europesays.com\/fr\/wp-json\/wp\/v2\/media\/427643"}],"wp:attachment":[{"href":"https:\/\/www.europesays.com\/fr\/wp-json\/wp\/v2\/media?parent=427642"}],"wp:term":[{"taxonomy":"category","embeddable":true,"href":"https:\/\/www.europesays.com\/fr\/wp-json\/wp\/v2\/categories?post=427642"},{"taxonomy":"post_tag","embeddable":true,"href":"https:\/\/www.europesays.com\/fr\/wp-json\/wp\/v2\/tags?post=427642"}],"curies":[{"name":"wp","href":"https:\/\/api.w.org\/{rel}","templated":true}]}}