{"id":427644,"date":"2025-09-30T03:32:12","date_gmt":"2025-09-30T03:32:12","guid":{"rendered":"https:\/\/www.europesays.com\/fr\/427644\/"},"modified":"2025-09-30T03:32:12","modified_gmt":"2025-09-30T03:32:12","slug":"ledition-2025-en-approche-avec-plus-de-150-concerts-a-nancy-et-dans-la-region","status":"publish","type":"post","link":"https:\/\/www.europesays.com\/fr\/427644\/","title":{"rendered":"l\u2019\u00e9dition 2025 en approche avec plus de 150 concerts \u00e0 Nancy et dans la r\u00e9gion"},"content":{"rendered":"<p>Proposer 11 soir\u00e9es de concerts, chaque ann\u00e9e, sans se r\u00e9p\u00e9ter, c\u2019est le d\u00e9fi que rel\u00e8ve, depuis plus d\u2019un demi-si\u00e8cle, <a href=\"https:\/\/www.estrepublicain.fr\/culture-loisirs\/2024\/10\/01\/programmation-des-concerts-parkings-securite-le-guide-pratique-pour-profiter-a-100-du-festival\" target=\"_blank\" rel=\"noopener\">Nancy Jazz Pulsations (NJP)<\/a>. Le festival nanc\u00e9ien n\u2019a jamais fait comme les autres. Et \u00e7a ne changera pas.<\/p>\n<p>Quand les copains ont anim\u00e9 l\u2019\u00e9t\u00e9, NJP ouvre l\u2019automne. Et non pas dans une s\u00e9quence de trois jours mais dans une vol\u00e9e de soir\u00e9es \u00e9grain\u00e9es sur <a href=\"https:\/\/www.estrepublicain.fr\/encadres\/2025\/06\/12\/une-edition-tous-styles-toutes-generations\" target=\"_blank\" rel=\"noopener\">11 jours<\/a>. Et si <a href=\"https:\/\/www.estrepublicain.fr\/culture-loisirs\/2025\/06\/12\/nancy-jazz-pulsations-2025-la-programmation-est-devoilee\" target=\"_blank\" rel=\"noopener\">le chapiteau de la P\u00e9pini\u00e8re reste le phare<\/a> de l\u2019\u00e9v\u00e9nement, d\u2019autres sc\u00e8nes vont jouer leur partition.<\/p>\n<p>Le jazz dans tous ses \u00e9tats<\/p>\n<p>Durant quatre soirs, la salle Poirel accueillera, sous ses ors, la subtilit\u00e9 et le talent de Sophye Soliveau et China Moses \u2013 qui remplace Rhoda Scott \u2013, la \u00ab\u00a0voix d\u2019or de l\u2019Afrique\u00a0\u00bb Salif Ke\u00efta, le jazz spirituel de Ganavya, l\u2019\u00e9toile montante Stella Cole, la solaire Kareen Guiock-Thuram, qui rendra hommage \u00e0 Nina Simone\u2026 Ouvrant la voie \u00e0 Mathieu Boogaerts et \u00e0 Voyou pour une soir\u00e9e d\u00e9di\u00e9e \u00e0 la chanson fran\u00e7aise.<\/p>\n<p>Et parce que le jazz reste la colonne vert\u00e9brale de Nancy Jazz&#8230;<\/p>\n","protected":false},"excerpt":{"rendered":"Proposer 11 soir\u00e9es de concerts, chaque ann\u00e9e, sans se r\u00e9p\u00e9ter, c\u2019est le d\u00e9fi que rel\u00e8ve, depuis plus d\u2019un&hellip;\n","protected":false},"author":2,"featured_media":427645,"comment_status":"","ping_status":"","sticky":false,"template":"","format":"standard","meta":{"footnotes":""},"categories":[9635],"tags":[1111,11,1687,3602,1707,1704,1706,1705,10174,1777,674,1011,27,775,873,1702,21112,1703,12,25],"class_list":{"0":"post-427644","1":"post","2":"type-post","3":"status-publish","4":"format-standard","5":"has-post-thumbnail","7":"category-nancy","8":"tag-actu","9":"tag-actualites","10":"tag-culture-loisirs","11":"tag-edition-bar-le-duc","12":"tag-edition-luneville","13":"tag-edition-nancy-et-agglomeration","14":"tag-edition-pont-a-mousson","15":"tag-edition-toul","16":"tag-edition-verdun","17":"tag-eu","18":"tag-europe","19":"tag-fr","20":"tag-france","21":"tag-grand-est","22":"tag-musique","23":"tag-nancy","24":"tag-nancy-jazz-pulsations","25":"tag-nancy-ville-54b","26":"tag-news","27":"tag-republique-francaise"},"share_on_mastodon":{"url":"https:\/\/pubeurope.com\/@fr\/115291143899557367","error":""},"_links":{"self":[{"href":"https:\/\/www.europesays.com\/fr\/wp-json\/wp\/v2\/posts\/427644","targetHints":{"allow":["GET"]}}],"collection":[{"href":"https:\/\/www.europesays.com\/fr\/wp-json\/wp\/v2\/posts"}],"about":[{"href":"https:\/\/www.europesays.com\/fr\/wp-json\/wp\/v2\/types\/post"}],"author":[{"embeddable":true,"href":"https:\/\/www.europesays.com\/fr\/wp-json\/wp\/v2\/users\/2"}],"replies":[{"embeddable":true,"href":"https:\/\/www.europesays.com\/fr\/wp-json\/wp\/v2\/comments?post=427644"}],"version-history":[{"count":0,"href":"https:\/\/www.europesays.com\/fr\/wp-json\/wp\/v2\/posts\/427644\/revisions"}],"wp:featuredmedia":[{"embeddable":true,"href":"https:\/\/www.europesays.com\/fr\/wp-json\/wp\/v2\/media\/427645"}],"wp:attachment":[{"href":"https:\/\/www.europesays.com\/fr\/wp-json\/wp\/v2\/media?parent=427644"}],"wp:term":[{"taxonomy":"category","embeddable":true,"href":"https:\/\/www.europesays.com\/fr\/wp-json\/wp\/v2\/categories?post=427644"},{"taxonomy":"post_tag","embeddable":true,"href":"https:\/\/www.europesays.com\/fr\/wp-json\/wp\/v2\/tags?post=427644"}],"curies":[{"name":"wp","href":"https:\/\/api.w.org\/{rel}","templated":true}]}}