{"id":427658,"date":"2025-09-30T03:48:32","date_gmt":"2025-09-30T03:48:32","guid":{"rendered":"https:\/\/www.europesays.com\/fr\/427658\/"},"modified":"2025-09-30T03:48:32","modified_gmt":"2025-09-30T03:48:32","slug":"en-images-une-vingtaine-de-caisses-a-savon-ont-devale-la-pente-dans-cette-commune-pres-de-2","status":"publish","type":"post","link":"https:\/\/www.europesays.com\/fr\/427658\/","title":{"rendered":"EN IMAGES. Une vingtaine de caisses \u00e0 savon ont d\u00e9val\u00e9 la pente dans cette commune pr\u00e8s de"},"content":{"rendered":"<p>Dimanche 28\u00a0septembre 2025, la jeune association de Bourgbarr\u00e9 (Ille-et-Vilaine), les Barr\u00e9s du Bourg, organisait la toute premi\u00e8re course de caisses \u00e0 savon, nomm\u00e9e \u00ab\u00a0Les Barr\u00e9s l\u00e2chent les caisses\u00a0\u00bb.<\/p>\n<p>Sur la route de Chanteloup et sa pente r\u00e9guli\u00e8re, une vingtaine de bolides, faits de bric et de broc, ont pris part \u00e0 l\u2019\u00e9v\u00e8nement.<\/p>\n<p>\t<img decoding=\"async\" src=\"https:\/\/www.europesays.com\/fr\/wp-content\/uploads\/2025\/09\/P35493179D6998667G_px_640_.jpg\" alt=\"photo les bolides ont d\u00e9val\u00e9 la route de chanteloup.  \u00a9  ouest-france\" width=\"640\" title=\" Les bolides ont d\u00e9val\u00e9 la route de Chanteloup.   Ouest-France \"\/><\/p>\n<p class=\"elmt-legende\"> Les bolides ont d\u00e9val\u00e9 la route de Chanteloup.   Ouest-France <\/p>\n<p>En amont de la course, &#8230;<\/p>\n<p>\u00a0<\/p>\n","protected":false},"excerpt":{"rendered":"Dimanche 28\u00a0septembre 2025, la jeune association de Bourgbarr\u00e9 (Ille-et-Vilaine), les Barr\u00e9s du Bourg, organisait la toute premi\u00e8re course&hellip;\n","protected":false},"author":2,"featured_media":427302,"comment_status":"","ping_status":"","sticky":false,"template":"","format":"standard","meta":{"footnotes":""},"categories":[2821],"tags":[1111,11,829,16168,7052,55600,1777,674,1011,27,4430,12,55601,3762,584,25,16169,5014],"class_list":{"0":"post-427658","1":"post","2":"type-post","3":"status-publish","4":"format-standard","5":"has-post-thumbnail","7":"category-rennes","8":"tag-actu","9":"tag-actualites","10":"tag-bretagne","11":"tag-caisses","12":"tag-commune","13":"tag-devale","14":"tag-eu","15":"tag-europe","16":"tag-fr","17":"tag-france","18":"tag-images","19":"tag-news","20":"tag-pente","21":"tag-pres","22":"tag-rennes","23":"tag-republique-francaise","24":"tag-savon","25":"tag-vingtaine"},"share_on_mastodon":{"url":"https:\/\/pubeurope.com\/@fr\/115291207237283969","error":""},"_links":{"self":[{"href":"https:\/\/www.europesays.com\/fr\/wp-json\/wp\/v2\/posts\/427658","targetHints":{"allow":["GET"]}}],"collection":[{"href":"https:\/\/www.europesays.com\/fr\/wp-json\/wp\/v2\/posts"}],"about":[{"href":"https:\/\/www.europesays.com\/fr\/wp-json\/wp\/v2\/types\/post"}],"author":[{"embeddable":true,"href":"https:\/\/www.europesays.com\/fr\/wp-json\/wp\/v2\/users\/2"}],"replies":[{"embeddable":true,"href":"https:\/\/www.europesays.com\/fr\/wp-json\/wp\/v2\/comments?post=427658"}],"version-history":[{"count":0,"href":"https:\/\/www.europesays.com\/fr\/wp-json\/wp\/v2\/posts\/427658\/revisions"}],"wp:featuredmedia":[{"embeddable":true,"href":"https:\/\/www.europesays.com\/fr\/wp-json\/wp\/v2\/media\/427302"}],"wp:attachment":[{"href":"https:\/\/www.europesays.com\/fr\/wp-json\/wp\/v2\/media?parent=427658"}],"wp:term":[{"taxonomy":"category","embeddable":true,"href":"https:\/\/www.europesays.com\/fr\/wp-json\/wp\/v2\/categories?post=427658"},{"taxonomy":"post_tag","embeddable":true,"href":"https:\/\/www.europesays.com\/fr\/wp-json\/wp\/v2\/tags?post=427658"}],"curies":[{"name":"wp","href":"https:\/\/api.w.org\/{rel}","templated":true}]}}