{"id":427659,"date":"2025-09-30T03:49:31","date_gmt":"2025-09-30T03:49:31","guid":{"rendered":"https:\/\/www.europesays.com\/fr\/427659\/"},"modified":"2025-09-30T03:49:31","modified_gmt":"2025-09-30T03:49:31","slug":"a-rennes-un-homme-poignarde-au-thorax-pres-dune-ecole","status":"publish","type":"post","link":"https:\/\/www.europesays.com\/fr\/427659\/","title":{"rendered":"\u00c0 Rennes, un homme poignard\u00e9 au thorax pr\u00e8s d\u2019une \u00e9cole"},"content":{"rendered":"<tr wp_automatic_readability=\"5.8571428571429\">\n<td valign=\"middle\" align=\"center\" class=\"col-logo\" wp_automatic_readability=\"5\">\n    <img decoding=\"async\" src=\"https:\/\/maville.com\/design\/images\/logo-of-monetise.svg?version=20130627\" alt=\"logo Ouest-France\" height=\"66\"\/><\/p>\n<p>Contenu r\u00e9serv\u00e9 aux abonn\u00e9s<\/p>\n<\/td>\n<td class=\"col-titre\">\n\t\t\tLundi 29 septembre 2025 17:46<br \/>\n\t\t\t<a class=\"icon-bulle sizeL count\" href=\"#ancreAvis\"><br \/>\n\t&#8230;<br \/>\n<\/a><\/td>\n<\/tr>\n<p>\t\t<a class=\"mavillebox2 elmt-photo\" href=\"https:\/\/maville.com\/photosmvi\/2025\/09\/29\/P35493054D6998580G.jpg\" title=\" Un homme de 28\u00a0ans a \u00e9t\u00e9 bless\u00e9 par un coup de couteau, ce lundi 29\u00a0septembre 2025, dans le quartier du Blosne \u00e0 Rennes.  \u00a9  Ouest-France  &lt;!--TAG-BLC credit--&gt;\" rel=\"galerie_actu nofollow noopener\" target=\"_blank\"><br \/>\n\t<img decoding=\"async\" src=\"https:\/\/www.europesays.com\/fr\/wp-content\/uploads\/2025\/09\/P35493054D6998580G_crop_640-330_.jpg\" alt=\"photo  un homme de 28\u00a0ans a \u00e9t\u00e9 bless\u00e9 par un coup de couteau, ce lundi 29\u00a0septembre 2025, dans le quartier du blosne \u00e0 rennes.  \u00a9  ouest-france \"\/><br \/>\n\t1<br \/>\n<\/a><\/p>\n<p class=\"elmt-legende\"> Un homme de 28\u00a0ans a \u00e9t\u00e9 bless\u00e9 par un coup de couteau, ce lundi 29\u00a0septembre 2025, dans le quartier du Blosne \u00e0 Rennes.  \u00a9  Ouest-France  <\/p>\n<p>\t\tUn diff\u00e9rend entre deux hommes a fini en coup d\u2019Opinel, ce lundi 29\u00a0septembre 2025, dans le quartier du Blosne \u00e0 Rennes. La victime, bless\u00e9e au poumon, a \u00e9t\u00e9 transport\u00e9e au CHU. La police a interpell\u00e9 le suspect.<\/p>\n<p><b>Cet article est r\u00e9serv\u00e9 aux abonn\u00e9s<\/b><\/p>\n<p>Pour un acc\u00e8s imm\u00e9diat, abonnez-vous<\/p>\n<p><b>1\u00e8re semaine offerte<\/b><\/p>\n<p>\t\t Julia TOUSSAINT. \u00a0\u00a0<br \/>\n\t\tOuest-France<\/p>\n<p>Retrouvez d&rsquo;autres actus sur la commune de :<\/p>\n<p>\t\t&#13;<\/p>\n","protected":false},"excerpt":{"rendered":"Contenu r\u00e9serv\u00e9 aux abonn\u00e9s Lundi 29 septembre 2025 17:46 &#8230; 1 Un homme de 28\u00a0ans a \u00e9t\u00e9 bless\u00e9&hellip;\n","protected":false},"author":2,"featured_media":427660,"comment_status":"","ping_status":"","sticky":false,"template":"","format":"standard","meta":{"footnotes":""},"categories":[2821],"tags":[1111,11,829,1122,1777,674,1011,27,4933,12,13659,3762,584,25,16699],"class_list":{"0":"post-427659","1":"post","2":"type-post","3":"status-publish","4":"format-standard","5":"has-post-thumbnail","7":"category-rennes","8":"tag-actu","9":"tag-actualites","10":"tag-bretagne","11":"tag-ecole","12":"tag-eu","13":"tag-europe","14":"tag-fr","15":"tag-france","16":"tag-homme","17":"tag-news","18":"tag-poignarde","19":"tag-pres","20":"tag-rennes","21":"tag-republique-francaise","22":"tag-thorax"},"share_on_mastodon":{"url":"https:\/\/pubeurope.com\/@fr\/115291210807503481","error":""},"_links":{"self":[{"href":"https:\/\/www.europesays.com\/fr\/wp-json\/wp\/v2\/posts\/427659","targetHints":{"allow":["GET"]}}],"collection":[{"href":"https:\/\/www.europesays.com\/fr\/wp-json\/wp\/v2\/posts"}],"about":[{"href":"https:\/\/www.europesays.com\/fr\/wp-json\/wp\/v2\/types\/post"}],"author":[{"embeddable":true,"href":"https:\/\/www.europesays.com\/fr\/wp-json\/wp\/v2\/users\/2"}],"replies":[{"embeddable":true,"href":"https:\/\/www.europesays.com\/fr\/wp-json\/wp\/v2\/comments?post=427659"}],"version-history":[{"count":0,"href":"https:\/\/www.europesays.com\/fr\/wp-json\/wp\/v2\/posts\/427659\/revisions"}],"wp:featuredmedia":[{"embeddable":true,"href":"https:\/\/www.europesays.com\/fr\/wp-json\/wp\/v2\/media\/427660"}],"wp:attachment":[{"href":"https:\/\/www.europesays.com\/fr\/wp-json\/wp\/v2\/media?parent=427659"}],"wp:term":[{"taxonomy":"category","embeddable":true,"href":"https:\/\/www.europesays.com\/fr\/wp-json\/wp\/v2\/categories?post=427659"},{"taxonomy":"post_tag","embeddable":true,"href":"https:\/\/www.europesays.com\/fr\/wp-json\/wp\/v2\/tags?post=427659"}],"curies":[{"name":"wp","href":"https:\/\/api.w.org\/{rel}","templated":true}]}}