{"id":427671,"date":"2025-09-30T03:56:26","date_gmt":"2025-09-30T03:56:26","guid":{"rendered":"https:\/\/www.europesays.com\/fr\/427671\/"},"modified":"2025-09-30T03:56:26","modified_gmt":"2025-09-30T03:56:26","slug":"fabien-roussel-le-leader-du-parti-communiste-attendu-a-nantes-et-saint-nazaire","status":"publish","type":"post","link":"https:\/\/www.europesays.com\/fr\/427671\/","title":{"rendered":"Fabien Roussel, le leader du Parti communiste, attendu \u00e0 Nantes et Saint-Nazaire"},"content":{"rendered":"<p>Le patron du Parti communiste, <a href=\"https:\/\/www.ouest-france.fr\/politique\/fabien-roussel\/\" target=\"_self\" rel=\"noopener\">Fabien Roussel<\/a>, viendra en Loire-Atlantique, mardi 7\u00a0octobre, d\u00e9partement o\u00f9 le parti dit compter 1\u00a0400\u00a0adh\u00e9rents. Il visitera les Chantiers de l\u2019Atlantique \u00e0 Saint-Nazaire dans l\u2019apr\u00e8s-midi. Et, en soir\u00e9e, \u00e0 partir de 18\u00a0h\u00a030, il tiendra un meeting \u00e0 la Manufacture, \u00e0 Nantes.<\/p>\n<p>L\u2019occasion, certainement, pour le secr\u00e9taire national du PC d\u2019\u00e9voquer son v\u0153u de relancer les grands travaux et permettre une nouvelle industrialisation, via un plan d\u2019investissement de 500\u00a0milliards d\u2019euros sur cinq ans.<\/p>\n<p>\u00a0<\/p>\n","protected":false},"excerpt":{"rendered":"Le patron du Parti communiste, Fabien Roussel, viendra en Loire-Atlantique, mardi 7\u00a0octobre, d\u00e9partement o\u00f9 le parti dit compter&hellip;\n","protected":false},"author":2,"featured_media":427672,"comment_status":"","ping_status":"","sticky":false,"template":"","format":"standard","meta":{"footnotes":""},"categories":[2818],"tags":[1111,11,1438,27530,1777,674,55664,1011,27,6079,766,12,13695,2636,25,55665,3272],"class_list":{"0":"post-427671","1":"post","2":"type-post","3":"status-publish","4":"format-standard","5":"has-post-thumbnail","7":"category-nantes","8":"tag-actu","9":"tag-actualites","10":"tag-angers","11":"tag-communiste","12":"tag-eu","13":"tag-europe","14":"tag-fabien","15":"tag-fr","16":"tag-france","17":"tag-leader","18":"tag-nantes","19":"tag-news","20":"tag-parti","21":"tag-pays-de-la-loire","22":"tag-republique-francaise","23":"tag-roussel","24":"tag-saint-nazaire"},"share_on_mastodon":{"url":"https:\/\/pubeurope.com\/@fr\/115291238142821553","error":""},"_links":{"self":[{"href":"https:\/\/www.europesays.com\/fr\/wp-json\/wp\/v2\/posts\/427671","targetHints":{"allow":["GET"]}}],"collection":[{"href":"https:\/\/www.europesays.com\/fr\/wp-json\/wp\/v2\/posts"}],"about":[{"href":"https:\/\/www.europesays.com\/fr\/wp-json\/wp\/v2\/types\/post"}],"author":[{"embeddable":true,"href":"https:\/\/www.europesays.com\/fr\/wp-json\/wp\/v2\/users\/2"}],"replies":[{"embeddable":true,"href":"https:\/\/www.europesays.com\/fr\/wp-json\/wp\/v2\/comments?post=427671"}],"version-history":[{"count":0,"href":"https:\/\/www.europesays.com\/fr\/wp-json\/wp\/v2\/posts\/427671\/revisions"}],"wp:featuredmedia":[{"embeddable":true,"href":"https:\/\/www.europesays.com\/fr\/wp-json\/wp\/v2\/media\/427672"}],"wp:attachment":[{"href":"https:\/\/www.europesays.com\/fr\/wp-json\/wp\/v2\/media?parent=427671"}],"wp:term":[{"taxonomy":"category","embeddable":true,"href":"https:\/\/www.europesays.com\/fr\/wp-json\/wp\/v2\/categories?post=427671"},{"taxonomy":"post_tag","embeddable":true,"href":"https:\/\/www.europesays.com\/fr\/wp-json\/wp\/v2\/tags?post=427671"}],"curies":[{"name":"wp","href":"https:\/\/api.w.org\/{rel}","templated":true}]}}