{"id":427673,"date":"2025-09-30T03:57:10","date_gmt":"2025-09-30T03:57:10","guid":{"rendered":"https:\/\/www.europesays.com\/fr\/427673\/"},"modified":"2025-09-30T03:57:10","modified_gmt":"2025-09-30T03:57:10","slug":"gignac-le-spectacle-hors-chant-au-festival-resurgence","status":"publish","type":"post","link":"https:\/\/www.europesays.com\/fr\/427673\/","title":{"rendered":"Gignac. Le spectacle \u00ab\u00a0Hors Chant\u00a0\u00bb au festival R\u00e9surgence"},"content":{"rendered":"<p>Le dimanche 5 octobre \u00e0 17 heures \u00e0 Souillac, la compagnie lotoise Etadam pr\u00e9sente, avec l\u2019association Art\u2019zimut, son spectacle Hors Chant : une exp\u00e9rience immersive m\u00ealant danse et cr\u00e9ation sonore, au c\u0153ur du festival culturel R\u00e9surgence IX.<\/p>\n<p>\u00ab\u00a0Hors Chant\u00a0\u00bb, c\u2019est une invitation au voyage int\u00e9rieur. Apr\u00e8s quatre ann\u00e9es d\u2019interruption, le spectacle Hors Chant rena\u00eet sur sc\u00e8ne. Port\u00e9e par la compagnie Etadam, cette cr\u00e9ation offre une exp\u00e9rience po\u00e9tique et sensorielle. Le public est invit\u00e9 \u00e0 franchir des fronti\u00e8res invisibles, \u00e0 se laisser emporter par la danse et \u00e0 voyager gr\u00e2ce \u00e0 une composition sonore diffus\u00e9e par casques.<\/p>\n<p>Port\u00e9e par les enjeux actuels que sont l\u2019environnement, les migrations et les fronti\u00e8res, cette performance d\u00e9ploie un \u00ab\u00a0Chant du monde\u00a0\u00bb inspir\u00e9 de Jean Lur\u00e7at. Une d\u00e9marche qui entre en parfaite r\u00e9sonance avec le th\u00e8me de cette neuvi\u00e8me \u00e9dition du festival R\u00e9surgence, \u00c9ternel Refuge, consacr\u00e9 aux notions d\u2019exil, de migrations et de construction d\u2019un monde commun. Ce spectacle tout public est accessible d\u00e8s 7 ans, le dimanche 5 octobre \u00e0 Souillac, au parc de l\u2019Abb\u00e9 Fayret (repli au Palais des congr\u00e8s en cas de pluie).<\/p>\n<p>Renseignements : Dur\u00e9e de 40 minutes, jauge limit\u00e9e \u00e0 200 personnes. contact : 06 76 36 93 00 \/ 06 23 45 88 37 <a href=\"http:\/\/www.etadam.artzimut.fr\" target=\"_blank\" rel=\"nofollow noopener\">www.etadam.artzimut.fr<\/a><\/p>\n<p>Le festival R\u00e9surgence IX propose tout un programme culturel qui va rayonner sur le nord du Lot. Pour sa 9e \u00e9dition, le festival R\u00e9surgence prend pour nom \u00ab\u00a0\u00c9ternel Refuge\u00a0\u00bb et s\u2019inspire de Gis\u00e8le Freund, c\u00e9l\u00e8bre photographe et sociologue du XXe si\u00e8cle. En \u00e9cho aux comm\u00e9morations de la fin de la Seconde Guerre mondiale, le festival explore des th\u00e8mes comme l\u2019exil, les migrations, en mettant l\u2019accent sur l\u2019int\u00e9gration et la construction d\u2019une soci\u00e9t\u00e9 commune.<\/p>\n<p>Tout le programme : <a href=\"http:\/\/www.cauvaldor.fr\/publications\/programme-resurgence-2025\/\" target=\"_blank\" rel=\"nofollow noopener\">www.cauvaldor.fr\/publications\/programme-resurgence-2025\/<\/a><\/p>\n","protected":false},"excerpt":{"rendered":"Le dimanche 5 octobre \u00e0 17 heures \u00e0 Souillac, la compagnie lotoise Etadam pr\u00e9sente, avec l\u2019association Art\u2019zimut, son&hellip;\n","protected":false},"author":2,"featured_media":427674,"comment_status":"","ping_status":"","sticky":false,"template":"","format":"standard","meta":{"footnotes":""},"categories":[2817],"tags":[1111,11,1997,1777,674,1011,27,12,2219,25],"class_list":{"0":"post-427673","1":"post","2":"type-post","3":"status-publish","4":"format-standard","5":"has-post-thumbnail","7":"category-bordeaux","8":"tag-actu","9":"tag-actualites","10":"tag-bordeaux","11":"tag-eu","12":"tag-europe","13":"tag-fr","14":"tag-france","15":"tag-news","16":"tag-nouvelle-aquitaine","17":"tag-republique-francaise"},"share_on_mastodon":{"url":"https:\/\/pubeurope.com\/@fr\/115291242087619445","error":""},"_links":{"self":[{"href":"https:\/\/www.europesays.com\/fr\/wp-json\/wp\/v2\/posts\/427673","targetHints":{"allow":["GET"]}}],"collection":[{"href":"https:\/\/www.europesays.com\/fr\/wp-json\/wp\/v2\/posts"}],"about":[{"href":"https:\/\/www.europesays.com\/fr\/wp-json\/wp\/v2\/types\/post"}],"author":[{"embeddable":true,"href":"https:\/\/www.europesays.com\/fr\/wp-json\/wp\/v2\/users\/2"}],"replies":[{"embeddable":true,"href":"https:\/\/www.europesays.com\/fr\/wp-json\/wp\/v2\/comments?post=427673"}],"version-history":[{"count":0,"href":"https:\/\/www.europesays.com\/fr\/wp-json\/wp\/v2\/posts\/427673\/revisions"}],"wp:featuredmedia":[{"embeddable":true,"href":"https:\/\/www.europesays.com\/fr\/wp-json\/wp\/v2\/media\/427674"}],"wp:attachment":[{"href":"https:\/\/www.europesays.com\/fr\/wp-json\/wp\/v2\/media?parent=427673"}],"wp:term":[{"taxonomy":"category","embeddable":true,"href":"https:\/\/www.europesays.com\/fr\/wp-json\/wp\/v2\/categories?post=427673"},{"taxonomy":"post_tag","embeddable":true,"href":"https:\/\/www.europesays.com\/fr\/wp-json\/wp\/v2\/tags?post=427673"}],"curies":[{"name":"wp","href":"https:\/\/api.w.org\/{rel}","templated":true}]}}