{"id":42768,"date":"2025-04-22T00:49:42","date_gmt":"2025-04-22T00:49:42","guid":{"rendered":"https:\/\/www.europesays.com\/fr\/42768\/"},"modified":"2025-04-22T00:49:42","modified_gmt":"2025-04-22T00:49:42","slug":"un-jour-une-histoire-justine-posalski-nancy-et-les-meubles-de-camille-gauthier","status":"publish","type":"post","link":"https:\/\/www.europesays.com\/fr\/42768\/","title":{"rendered":"Un jour, une histoire. Justine Posalski, Nancy et les meubles de Camille Gauthier"},"content":{"rendered":"<p>Devant son chevalet, Camille Gauthier a l\u2019\u0153il vif et le geste pr\u00e9cis. Les souvenirs aussi. Il raconte au journaliste, venu l\u2019interviewer en 1950, qu\u2019il est n\u00e9 \u00e0 \u00ab\u2002Norroy, pr\u00e8s de Pont-\u00e0-Mousson en Meurthe-et-Moselle \u00bb le 3 septembre 1870. Lunettes et barbe blanche, il a alors 80 ans, et s\u2019est retir\u00e9 en pleine nature dans le Tarn-et-Garonne o\u00f9 il peint des sc\u00e8nes pr\u00e9historiques. Mine de rien, ces quatre minutes valent de l\u2019or. \u00ab C\u2019est un t\u00e9moignage visuel d\u2019un artiste de l\u2019\u00c9cole de Nancy. Le seul dont on conna\u00eet la voix. \u00bb<\/p>\n<p>Quelques plans en noir et blanc qui ont fait pencher la balance. Et d\u00e9cid\u00e9 \u00ab de l\u2019orientation de mes recherches. \u00bb Justine Posalski, 33 ans, vient d\u2019int\u00e9grer la prestigieuse maison d\u2019ench\u00e8res <a href=\"https:\/\/www.estrepublicain.fr\/culture-loisirs\/2025\/04\/18\/a-paris-une-vente-exceptionnelle-de-verreries-emile-galle-et-daum\" target=\"_blank\" rel=\"nofollow noopener\">Bonhams Cornette de Saint-Cyr<\/a> en tant que sp\u00e9cialiste du D\u00e9partement Design, apr\u00e8s douze ann\u00e9es en maisons&#8230;<\/p>\n","protected":false},"excerpt":{"rendered":"Devant son chevalet, Camille Gauthier a l\u2019\u0153il vif et le geste pr\u00e9cis. Les souvenirs aussi. Il raconte au&hellip;\n","protected":false},"author":2,"featured_media":42769,"comment_status":"","ping_status":"","sticky":false,"template":"","format":"standard","meta":{"footnotes":""},"categories":[9635],"tags":[1111,11,1687,1704,1777,674,1011,27,775,937,1702,1703,12,2661,3456,25,104],"class_list":{"0":"post-42768","1":"post","2":"type-post","3":"status-publish","4":"format-standard","5":"has-post-thumbnail","7":"category-nancy","8":"tag-actu","9":"tag-actualites","10":"tag-culture-loisirs","11":"tag-edition-nancy-et-agglomeration","12":"tag-eu","13":"tag-europe","14":"tag-fr","15":"tag-france","16":"tag-grand-est","17":"tag-histoire","18":"tag-nancy","19":"tag-nancy-ville-54b","20":"tag-news","21":"tag-patrimoine-culturel","22":"tag-region-lorraine","23":"tag-republique-francaise","24":"tag-societe"},"share_on_mastodon":{"url":"https:\/\/pubeurope.com\/@fr\/114378870836957890","error":""},"_links":{"self":[{"href":"https:\/\/www.europesays.com\/fr\/wp-json\/wp\/v2\/posts\/42768","targetHints":{"allow":["GET"]}}],"collection":[{"href":"https:\/\/www.europesays.com\/fr\/wp-json\/wp\/v2\/posts"}],"about":[{"href":"https:\/\/www.europesays.com\/fr\/wp-json\/wp\/v2\/types\/post"}],"author":[{"embeddable":true,"href":"https:\/\/www.europesays.com\/fr\/wp-json\/wp\/v2\/users\/2"}],"replies":[{"embeddable":true,"href":"https:\/\/www.europesays.com\/fr\/wp-json\/wp\/v2\/comments?post=42768"}],"version-history":[{"count":0,"href":"https:\/\/www.europesays.com\/fr\/wp-json\/wp\/v2\/posts\/42768\/revisions"}],"wp:featuredmedia":[{"embeddable":true,"href":"https:\/\/www.europesays.com\/fr\/wp-json\/wp\/v2\/media\/42769"}],"wp:attachment":[{"href":"https:\/\/www.europesays.com\/fr\/wp-json\/wp\/v2\/media?parent=42768"}],"wp:term":[{"taxonomy":"category","embeddable":true,"href":"https:\/\/www.europesays.com\/fr\/wp-json\/wp\/v2\/categories?post=42768"},{"taxonomy":"post_tag","embeddable":true,"href":"https:\/\/www.europesays.com\/fr\/wp-json\/wp\/v2\/tags?post=42768"}],"curies":[{"name":"wp","href":"https:\/\/api.w.org\/{rel}","templated":true}]}}