{"id":427681,"date":"2025-09-30T04:02:42","date_gmt":"2025-09-30T04:02:42","guid":{"rendered":"https:\/\/www.europesays.com\/fr\/427681\/"},"modified":"2025-09-30T04:02:42","modified_gmt":"2025-09-30T04:02:42","slug":"football-encore-tres-solide-a-lille-lol-revient-sur-les-talons-du-psg","status":"publish","type":"post","link":"https:\/\/www.europesays.com\/fr\/427681\/","title":{"rendered":"Football. Encore tr\u00e8s solide \u00e0 Lille, l\u2019OL revient sur les talons du PSG"},"content":{"rendered":"<p>C\u2019est ce que l\u2019on peut appeler la semaine parfaite. En huit jours et trois succ\u00e8s 1-0, deux en Ligue 1 et un en Ligue Europa, les Lyonnais ont encore d\u00e9montr\u00e9 sur la pelouse r\u00e9put\u00e9e difficile de Lille, leur d\u00e9termination, signant une cinqui\u00e8me victoire en six matches en championnat. Ils ont m\u00e9rit\u00e9 de rejoindre le PSG en t\u00eate du tableau, m\u00eame s\u2019ils ont souffert une nouvelle fois.<\/p>\n<p>Ils ont en effet men\u00e9 au score d\u00e8s la 13e minute, sur leur seule vraie occasion, concr\u00e9tis\u00e9e de la t\u00eate par <a href=\"https:\/\/www.leprogres.fr\/p\/tyler-morton\" target=\"_blank\" rel=\"noopener\">Tyler Morton<\/a>, sur un tr\u00e8s bon centre de Tagliafico. Mais ils avaient encore fait preuve d\u2019un \u00e9tat d\u2019esprit combatif admirable pour contenir leurs adversaires, et quand ils avaient \u00e9t\u00e9 impuissants \u00e0 une ou deux reprises, leur gardien <a href=\"https:\/\/www.leprogres.fr\/p\/dominik-greif\" target=\"_blank\" rel=\"noopener\">Dominik Greif<\/a> avait brillamment sauv\u00e9 les meubles, comme sur cette frappe de Fernandez Pardo (11e), et surtout avec cet arr\u00eat d\u00e9cisif de l\u2019\u00e9paule sur une frappe puissante de Mukau (18e).<\/p>\n<p>Durant cette premi\u00e8re p\u00e9riode, les nombreux duels avaient tendu les d\u00e9bats, et quelques d\u00e9cisions arbitrales en d\u00e9faveur de Lille, avaient bien agac\u00e9 le public, mais aussi plusieurs acteurs du jeu, dont <a href=\"https:\/\/www.leprogres.fr\/p\/bruno-genesio\" target=\"_blank\" rel=\"noopener\">Bruno Genesio<\/a>.<\/p>\n<p><strong>L\u2019OL s\u2019est accroch\u00e9 jusqu\u2019au bout<\/strong><\/p>\n<p>Les Lillois avaient en effet r\u00e9clam\u00e9 un, voire deux penaltys (28e, 43e), mais le seul qui aurait pu leur \u00eatre accord\u00e9, le premier \u2013 Fernandez Pardo accroch\u00e9 par Mata dans la surface \u2013 avait \u00e9t\u00e9 logiquement refus\u00e9 pour une faute pr\u00e9alable sur Tessmann.<\/p>\n<p>L\u2019OL \u00e9tait pr\u00eat \u00e0 d\u00e9fendre son petit avantage au score bec et ongles, avec l\u2019espoir de rejoindre le PSG en t\u00eate du classement, acceptant de subir, quitte \u00e0 trouver le temps tr\u00e8s long. Haraldsson (66e) et surtout Corrreia (68e) tirant au-dessus apr\u00e8s un cafouillage devant le but de Greif, rataient de peu l\u2019\u00e9galisation (66e) et les Lyonnais \u00e9taient toujours debout.<\/p>\n<p>Cette r\u00e9sistance qui fait r\u00e9f\u00e9rence d\u00e9sormais dans l\u2019identit\u00e9 de cette \u00e9quipe, allait encore payer pour l\u2019OL, qui a fait parler sa redoutable efficacit\u00e9 contre un rival du haut du tableau.<\/p>\n<p class=\"insetTitle\">La fiche technique<\/p>\n<p>\u00c0\u00a0Villeneuve d\u2019Ascq (stade Pierre-Mauroy), OL bat Lille OSC 1-0 (1-0). Temps doux, pelouse en tr\u00e8s bon \u00e9tat. 45 287 spectateurs.<\/p>\n<p><strong>Arbitre :<\/strong> Mathieu Vernice.<\/p>\n<p><strong>But\u00a0:<\/strong> Morton (13e).<\/p>\n<p><strong>Avertissements pour le LOSC\u00a0:<\/strong> Bouaddi (43e), B. Genesio (69e, entra\u00eeneur), Fernandez Pardo (86e), Igamane (87e). Pour l\u2019OL\u00a0: Tagliafico (46e), Fofana (72e), Moreira (76e), Sulc (83e).<\/p>\n<p><strong>Expulsion pour le LOSC\u00a0:<\/strong> B. Genesio (72e, entra\u00eeneur).<\/p>\n<p><strong>LOSC\u00a0:<\/strong> Bodart \u2013 Santos (E. Mbapp\u00e9 90e + 2), Ngoy, Mandi, Verdonk \u2013 Mukau (Bentaleb 74e), Bouaddi (Igamane 79e) \u2013 Fernandez Pardo, Haraldsson, Correia (Sarhaoui 74e) \u2013 Giroud (cap). Entra\u00eeneur\u00a0: Bruno Genesio.<\/p>\n<p><strong>OL\u00a0:<\/strong> Greif \u2013 Maitland-Niles, Mata, Niakhat\u00e9, Talgiafico \u2013 Morton, Tessmann \u2013 Karabec (Moreira 74e), Tolisso (cap), Fofana (De Carvalho 90e + 2) \u2013 Merah (Sulc 74e). Entra\u00eeneur : Paulo Fonseca (Jorge Maciel sur le banc).<\/p>\n","protected":false},"excerpt":{"rendered":"C\u2019est ce que l\u2019on peut appeler la semaine parfaite. En huit jours et trois succ\u00e8s 1-0, deux en&hellip;\n","protected":false},"author":2,"featured_media":427682,"comment_status":"","ping_status":"","sticky":false,"template":"","format":"standard","meta":{"footnotes":""},"categories":[2815],"tags":[1111,11,3152,2757,3153,3154,1777,674,107,63,1011,27,811,7020,1307,2428,12,2755,25,2429,517],"class_list":{"0":"post-427681","1":"post","2":"type-post","3":"status-publish","4":"format-standard","5":"has-post-thumbnail","7":"category-lille","8":"tag-actu","9":"tag-actualites","10":"tag-edition-est-lyonnais","11":"tag-edition-lyon-villeurbanne","12":"tag-edition-ouest-lyonnais","13":"tag-edition-sud-lyonnais","14":"tag-eu","15":"tag-europe","16":"tag-fil-info","17":"tag-football","18":"tag-fr","19":"tag-france","20":"tag-hauts-de-france","21":"tag-ligue-1-football","22":"tag-lille","23":"tag-lyon","24":"tag-news","25":"tag-ol-olympique-lyonnais-football","26":"tag-republique-francaise","27":"tag-rhone","28":"tag-sport"},"share_on_mastodon":{"url":"https:\/\/pubeurope.com\/@fr\/115291261800283387","error":""},"_links":{"self":[{"href":"https:\/\/www.europesays.com\/fr\/wp-json\/wp\/v2\/posts\/427681","targetHints":{"allow":["GET"]}}],"collection":[{"href":"https:\/\/www.europesays.com\/fr\/wp-json\/wp\/v2\/posts"}],"about":[{"href":"https:\/\/www.europesays.com\/fr\/wp-json\/wp\/v2\/types\/post"}],"author":[{"embeddable":true,"href":"https:\/\/www.europesays.com\/fr\/wp-json\/wp\/v2\/users\/2"}],"replies":[{"embeddable":true,"href":"https:\/\/www.europesays.com\/fr\/wp-json\/wp\/v2\/comments?post=427681"}],"version-history":[{"count":0,"href":"https:\/\/www.europesays.com\/fr\/wp-json\/wp\/v2\/posts\/427681\/revisions"}],"wp:featuredmedia":[{"embeddable":true,"href":"https:\/\/www.europesays.com\/fr\/wp-json\/wp\/v2\/media\/427682"}],"wp:attachment":[{"href":"https:\/\/www.europesays.com\/fr\/wp-json\/wp\/v2\/media?parent=427681"}],"wp:term":[{"taxonomy":"category","embeddable":true,"href":"https:\/\/www.europesays.com\/fr\/wp-json\/wp\/v2\/categories?post=427681"},{"taxonomy":"post_tag","embeddable":true,"href":"https:\/\/www.europesays.com\/fr\/wp-json\/wp\/v2\/tags?post=427681"}],"curies":[{"name":"wp","href":"https:\/\/api.w.org\/{rel}","templated":true}]}}