{"id":427683,"date":"2025-09-30T04:03:12","date_gmt":"2025-09-30T04:03:12","guid":{"rendered":"https:\/\/www.europesays.com\/fr\/427683\/"},"modified":"2025-09-30T04:03:12","modified_gmt":"2025-09-30T04:03:12","slug":"le-16e-salon-des-vehicules-anciens-a-fait-le-plein-de-visiteurs-a-plan-de-cuques","status":"publish","type":"post","link":"https:\/\/www.europesays.com\/fr\/427683\/","title":{"rendered":"Le 16e salon des v\u00e9hicules anciens a fait le plein de visiteurs \u00e0 Plan-de-Cuques"},"content":{"rendered":"<p>Le 16e <a href=\"https:\/\/laprovence.com\/article\/region\/1071959099255615\/plan-de-cuques-des-vehicules-exceptionnels-a-decouvrir-ce-dimanche-au-salon-des-vehicules-anciens\" target=\"_blank\" rel=\"noopener\">salon des v\u00e9hicules anciens<\/a> organis\u00e9 par la ville de<a href=\"https:\/\/www.laprovence.com\/article\/region\/1388709537404314\/tout-ca-c-est-pour-moi-158-eleves-de-plan-de-cuques-decouvrent-leur-kit-de-fournitures-scolaires\" target=\"_blank\" rel=\"noopener\"> Plan-de-Cuques<\/a> en partenariat avec l\u2019association Auto Moto R\u00e9tro Club du Canton Vert (AMRCV) a accueilli 4\u00a0000 visiteurs environ au parc du Bocage ce dimanche 28\u00a0septembre. Ils ont pu admirer longuement et avec une grande convivialit\u00e9 avec leurs propri\u00e9taires pr\u00e8s de 500 v\u00e9hicules (voitures, deux-roues, camions, bus\u2026).<\/p>\n<p>Dans le cadre du th\u00e8me choisi \u00ab\u00a0Viens, danser le twist dans les ann\u00e9es 60 !\u00a0\u00bb des sayn\u00e8tes vivantes mettant en sc\u00e8ne la vie \u00e0 cette \u00e9poque (<a href=\"https:\/\/www.laprovence.com\/article\/sortie-loisirs\/36513309250279\/j-ai-teste-pour-vous-une-parenthese-enchantee-au-camping-marina-plage-a-vitrolles\" target=\"_blank\" rel=\"noopener\">camping<\/a>, vacances familiales en automobile, garages de quartier\u2026) ont enchant\u00e9 le public. De m\u00eame, sur l\u2019esplanade La P\u00e9rouse, la prestation de la chor\u00e9graphie spectacle \u00c9l\u00e9gance Musicale Collection avec des danseurs et danseuses en tenue d\u2019\u00e9poque qu\u2019entouraient des v\u00e9hicules de collection a \u00e9t\u00e9 tr\u00e8s longuement applaudie. Par ailleurs, la traditionnelle parade dans les rues de la commune d\u2019une vingtaine de voitures anciennes et d\u2019une quinzaine de deux-roues \u00e0 laquelle participait <a href=\"https:\/\/www.laprovence.com\/article\/region\/23963268836077\/refonte-partielle-du-reseau-de-bus-de-marseille-ces-quartiers-et-proches-communes-longtemps-oublies\" target=\"_blank\" rel=\"noopener\">le maire (LR) Laurent Simon<\/a>, accompagn\u00e9 de nombreux \u00e9lus, a ravi le public.<\/p>\n<p>La journ\u00e9e tr\u00e8s festive s\u2019est achev\u00e9e avec une remise des prix pour r\u00e9compenser les plus beaux v\u00e9hicules.<\/p>\n","protected":false},"excerpt":{"rendered":"Le 16e salon des v\u00e9hicules anciens organis\u00e9 par la ville de Plan-de-Cuques en partenariat avec l\u2019association Auto Moto&hellip;\n","protected":false},"author":2,"featured_media":427684,"comment_status":"","ping_status":"","sticky":false,"template":"","format":"standard","meta":{"footnotes":""},"categories":[2814],"tags":[27971,17,1111,11,8132,154,1777,674,21,1011,27,2831,884,12,11388,882,25,6290,7727],"class_list":{"0":"post-427683","1":"post","2":"type-post","3":"status-publish","4":"format-standard","5":"has-post-thumbnail","7":"category-marseille","8":"tag-16e","9":"tag-17","10":"tag-actu","11":"tag-actualites","12":"tag-anciens","13":"tag-des","14":"tag-eu","15":"tag-europe","16":"tag-fait","17":"tag-fr","18":"tag-france","19":"tag-loisirs-traditions","20":"tag-marseille","21":"tag-news","22":"tag-plein","23":"tag-provence-alpes-cote-dazur","24":"tag-republique-francaise","25":"tag-salon","26":"tag-vehicules"},"share_on_mastodon":{"url":"https:\/\/pubeurope.com\/@fr\/115291265700059357","error":""},"_links":{"self":[{"href":"https:\/\/www.europesays.com\/fr\/wp-json\/wp\/v2\/posts\/427683","targetHints":{"allow":["GET"]}}],"collection":[{"href":"https:\/\/www.europesays.com\/fr\/wp-json\/wp\/v2\/posts"}],"about":[{"href":"https:\/\/www.europesays.com\/fr\/wp-json\/wp\/v2\/types\/post"}],"author":[{"embeddable":true,"href":"https:\/\/www.europesays.com\/fr\/wp-json\/wp\/v2\/users\/2"}],"replies":[{"embeddable":true,"href":"https:\/\/www.europesays.com\/fr\/wp-json\/wp\/v2\/comments?post=427683"}],"version-history":[{"count":0,"href":"https:\/\/www.europesays.com\/fr\/wp-json\/wp\/v2\/posts\/427683\/revisions"}],"wp:featuredmedia":[{"embeddable":true,"href":"https:\/\/www.europesays.com\/fr\/wp-json\/wp\/v2\/media\/427684"}],"wp:attachment":[{"href":"https:\/\/www.europesays.com\/fr\/wp-json\/wp\/v2\/media?parent=427683"}],"wp:term":[{"taxonomy":"category","embeddable":true,"href":"https:\/\/www.europesays.com\/fr\/wp-json\/wp\/v2\/categories?post=427683"},{"taxonomy":"post_tag","embeddable":true,"href":"https:\/\/www.europesays.com\/fr\/wp-json\/wp\/v2\/tags?post=427683"}],"curies":[{"name":"wp","href":"https:\/\/api.w.org\/{rel}","templated":true}]}}