{"id":427687,"date":"2025-09-30T04:05:13","date_gmt":"2025-09-30T04:05:13","guid":{"rendered":"https:\/\/www.europesays.com\/fr\/427687\/"},"modified":"2025-09-30T04:05:13","modified_gmt":"2025-09-30T04:05:13","slug":"vous-etes-en-train-de-tuer-le-commerce-independant-lyonnais","status":"publish","type":"post","link":"https:\/\/www.europesays.com\/fr\/427687\/","title":{"rendered":"Vous \u00eates en train de tuer le commerce ind\u00e9pendant lyonnais"},"content":{"rendered":"<p><a href=\"https:\/\/www.lyonmag.com\/profil-personnalite-lyonnaise\/210\/veronique-sarselli\" target=\"_blank\" rel=\"noopener\">V\u00e9ronique Sarselli<\/a>, maire de Sainte-Foy-l\u00e8s-Lyon et candidate LR aux \u00e9lections m\u00e9tropolitaines 2026, est mont\u00e9e au cr\u00e9neau sur le dossier My Presqu\u2019\u00eele, association de commer\u00e7ants en difficult\u00e9 financi\u00e8re, b\u00e9n\u00e9ficiaire d\u2019une nouvelle subvention exceptionnelle de fonctionnement.<\/p>\n<p>Si l\u2019\u00e9lue a annonc\u00e9 voter en faveur de cette aide, \u00ab\u00a0pour ne pas abandonner cette association, ses adh\u00e9rents, et les commer\u00e7ants qu\u2019elle repr\u00e9sente\u00a0\u00bb, elle a n\u00e9anmoins d\u00e9nonc\u00e9 \u00ab\u00a0le sympt\u00f4me d\u2019un \u00e9chec politique majeur\u00a0\u00bb. Selon elle, la crise que traversent les commerces ind\u00e9pendants lyonnais d\u00e9coule directement de la politique men\u00e9e par l\u2019ex\u00e9cutif m\u00e9tropolitain.<\/p>\n<p>\u00ab\u00a065 % des commer\u00e7ants de la Presqu\u2019\u00eele ont perdu plus de 20% de leur activit\u00e9 sur les deux derni\u00e8res ann\u00e9es. Voil\u00e0 la r\u00e9alit\u00e9. Et cette r\u00e9alit\u00e9 n\u2019est pas le fruit du hasard : elle est la cons\u00e9quence directe de vos choix id\u00e9ologiques et brutaux\u00a0\u00bb, a-t-elle affirm\u00e9. \u00ab\u00a0Vous \u00eates en train de tuer le commerce ind\u00e9pendant lyonnais\u00a0\u00bb, a-t-elle ass\u00e9n\u00e9 \u00e0 <a href=\"https:\/\/www.lyonmag.com\/profil-personnalite-lyonnaise\/518\/bruno-bernard\" target=\"_blank\" rel=\"noopener\">Bruno Bernard<\/a>.<\/p>\n<p>Parmi les mesures incrimin\u00e9es : les \u00ab\u00a0travaux sans fin\u00a0\u00bb, les \u00ab\u00a0fermetures impos\u00e9es\u00a0\u00bb, les \u00ab\u00a0acc\u00e8s restreints\u00a0\u00bb, ainsi que la \u00ab\u00a0chasse dogmatique \u00e0 la voiture\u00a0\u00bb et un \u00ab\u00a0stationnement prohibitif\u00a0\u00bb, qui, selon elle, \u00ab\u00a0sont en train de tuer le commerce ind\u00e9pendant lyonnais\u00a0\u00bb.<\/p>\n<p>L\u2019\u00e9lue a \u00e9galement rappel\u00e9 que 18 000 citoyens r\u00e9unis au sein du collectif des D\u00e9fenseurs de Lyon et du Grand Lyon alertent depuis deux ans \u00ab\u00a0sans \u00eatre re\u00e7us par l\u2019ex\u00e9cutif m\u00e9tropolitain\u00a0\u00bb, tandis que plusieurs dizaines de commer\u00e7ants ont d\u00e9j\u00e0 d\u00e9pos\u00e9 des recours pour un pr\u00e9judice \u00e9valu\u00e9 \u00e0 plus de 3 millions d\u2019euros.<\/p>\n<p>Face \u00e0 cette situation, V\u00e9ronique Sarselli et son groupe La M\u00e9tro Positive r\u00e9clament la mise en place d\u2019un fonds d\u2019urgence m\u00e9tropolitain \u00ab\u00a0cibl\u00e9, simple et imm\u00e9diat\u00a0\u00bb pour soutenir les commerces ind\u00e9pendants de la capitale des Gaules. \u00ab\u00a0Est-ce que vous faites la m\u00eame demande de fonds d&rsquo;urgence \u00e0 la R\u00e9gion ?\u00a0\u00bb, lui r\u00e9torquait <a href=\"https:\/\/www.lyonmag.com\/profil-personnalite-lyonnaise\/567\/laurence-boffet\" target=\"_blank\" rel=\"noopener\">Laurence Boffet<\/a>, vice-pr\u00e9sidente \u00e0 la Participation citoyenne.<\/p>\n<p>En conclusion, elle a interpell\u00e9 le pr\u00e9sident \u00e9cologiste de la M\u00e9tropole : \u00ab\u00a0Changez de m\u00e9thode, renouez le dialogue, \u00e9coutez enfin ceux qui travaillent et vivent dans nos quartiers, avant qu\u2019il ne soit trop tard.\u00a0\u00bb<\/p>\n<p>Bruno Bernard lui r\u00e9pondait, annon\u00e7ant qu&rsquo;aujourd&rsquo;hui, \u00ab\u00a0on se gare plus facilement en Presqu&rsquo;\u00eele qu&rsquo;il y a quelques ann\u00e9es\u00a0\u00bb. \u00ab\u00a0Vous ne pouvez obliger personne \u00e0 acheter dans les commerces\u00a0\u00bb, se d\u00e9fendait-il \u00e9galement.<\/p>\n","protected":false},"excerpt":{"rendered":"V\u00e9ronique Sarselli, maire de Sainte-Foy-l\u00e8s-Lyon et candidate LR aux \u00e9lections m\u00e9tropolitaines 2026, est mont\u00e9e au cr\u00e9neau sur le&hellip;\n","protected":false},"author":2,"featured_media":427688,"comment_status":"","ping_status":"","sticky":false,"template":"","format":"standard","meta":{"footnotes":""},"categories":[1889],"tags":[1111,11,2813,2190,2430,1109,251,1112,2811,1777,674,118,1011,27,1922,1110,1114,2428,2810,12,241,316,25,2812,517,800],"class_list":{"0":"post-427687","1":"post","2":"type-post","3":"status-publish","4":"format-standard","5":"has-post-thumbnail","7":"category-lyon","8":"tag-actu","9":"tag-actualites","10":"tag-article","11":"tag-asvel","12":"tag-auvergne-rhone-alpes","13":"tag-breves","14":"tag-culture","15":"tag-depeches","16":"tag-economique","17":"tag-eu","18":"tag-europe","19":"tag-faits-divers","20":"tag-fr","21":"tag-france","22":"tag-info","23":"tag-informations","24":"tag-infos","25":"tag-lyon","26":"tag-lyonmag","27":"tag-news","28":"tag-ol","29":"tag-politique","30":"tag-republique-francaise","31":"tag-sociale","32":"tag-sport","33":"tag-transports"},"share_on_mastodon":{"url":"https:\/\/pubeurope.com\/@fr\/115291273621146057","error":""},"_links":{"self":[{"href":"https:\/\/www.europesays.com\/fr\/wp-json\/wp\/v2\/posts\/427687","targetHints":{"allow":["GET"]}}],"collection":[{"href":"https:\/\/www.europesays.com\/fr\/wp-json\/wp\/v2\/posts"}],"about":[{"href":"https:\/\/www.europesays.com\/fr\/wp-json\/wp\/v2\/types\/post"}],"author":[{"embeddable":true,"href":"https:\/\/www.europesays.com\/fr\/wp-json\/wp\/v2\/users\/2"}],"replies":[{"embeddable":true,"href":"https:\/\/www.europesays.com\/fr\/wp-json\/wp\/v2\/comments?post=427687"}],"version-history":[{"count":0,"href":"https:\/\/www.europesays.com\/fr\/wp-json\/wp\/v2\/posts\/427687\/revisions"}],"wp:featuredmedia":[{"embeddable":true,"href":"https:\/\/www.europesays.com\/fr\/wp-json\/wp\/v2\/media\/427688"}],"wp:attachment":[{"href":"https:\/\/www.europesays.com\/fr\/wp-json\/wp\/v2\/media?parent=427687"}],"wp:term":[{"taxonomy":"category","embeddable":true,"href":"https:\/\/www.europesays.com\/fr\/wp-json\/wp\/v2\/categories?post=427687"},{"taxonomy":"post_tag","embeddable":true,"href":"https:\/\/www.europesays.com\/fr\/wp-json\/wp\/v2\/tags?post=427687"}],"curies":[{"name":"wp","href":"https:\/\/api.w.org\/{rel}","templated":true}]}}