{"id":427689,"date":"2025-09-30T04:06:20","date_gmt":"2025-09-30T04:06:20","guid":{"rendered":"https:\/\/www.europesays.com\/fr\/427689\/"},"modified":"2025-09-30T04:06:20","modified_gmt":"2025-09-30T04:06:20","slug":"decouvrez-les-grands-gagnants-du-mondial-2025-de-la-praline","status":"publish","type":"post","link":"https:\/\/www.europesays.com\/fr\/427689\/","title":{"rendered":"d\u00e9couvrez les grands gagnants du Mondial 2025 de la praline"},"content":{"rendered":"<p>Du rose, du rose et encore du rose. De quoi voir la vie de cette couleur\u00a0? Ne nous emballons pas, mais nombreux sont ceux \u00e0 succomber \u00e0 ce plaisir gourmand sans trop de mauvaise conscience.<\/p>\n<p>La Vatel Academy, dans le parc de Lacroix-Laval (Marcy-l\u2019\u00c9toile), accueillait ce lundi apr\u00e8s-midi les 32 concurrents s\u00e9lectionn\u00e9s pour se d\u00e9fier lors <a href=\"https:\/\/www.leprogres.fr\/magazine-cuisine-et-vins\/2025\/03\/21\/coup-d-envoi-du-mondial-de-la-praline-tout-savoir-sur-la-troisieme-edition\" target=\"_blank\" rel=\"noopener\">de la 3e \u00e9dition du Mondial de la praline.<\/a> Au premier \u00e9tage, dans le secret des ateliers, les candidats se sont affair\u00e9s pour parfaire leurs pr\u00e9parations int\u00e9grant la petite confiserie. Celles-ci ont d\u00e9fil\u00e9 ensuite devant les 24 membres des jurys th\u00e9matiques\u00a0: mixologie (cocktails), cr\u00e9ation originale et tradition, cat\u00e9gorie-reine qui r\u00e9compense la meilleure brioche et la meilleure tarte\u00a0; alors que dimanche, <a href=\"https:\/\/www.leprogres.fr\/magazine-cuisine-et-vins\/2025\/09\/25\/3-sup-e-sup-mondial-de-la-praline-le-grand-public-a-rendez-vous-dimanche-au-marche-demandez-le-programme\" target=\"_blank\" rel=\"noopener\">dans la comp\u00e9tition amateurs<\/a> , Johnny Loison s\u2019est impos\u00e9 avec sa r\u00e9alisation au titre tr\u00e8s rock, la Gones\u2019N\u2019Roses.<\/p>\n<p>  Pr\u00e9sentation, go\u00fbt et g\u00e9n\u00e9rosit\u00e9 en pralines<\/p>\n<p>\u00ab\u00a0 <a href=\"https:\/\/www.leprogres.fr\/culture-loisirs\/2024\/01\/15\/tarte-brioche-et-galette-le-mondial-de-la-praline-met-les-petits-plats-dans-les-grands\" target=\"_blank\" rel=\"noopener\">La pr\u00e9sentation est importante<\/a> car c\u2019est la premi\u00e8re chose que voit le client\u00a0\u00bb, explique Florence P\u00e9rier, pr\u00e9sidente du jury tradition et par ailleurs cheffe et propri\u00e9taire du Caf\u00e9 du Peintre , bouchon implant\u00e9 dans le 6 e. \u00ab\u00a0Bien s\u00fbr, le go\u00fbt compte aussi\u00a0: croustillance de la p\u00e2te pour la tarte, brioche bien gonfl\u00e9e. Et la g\u00e9n\u00e9rosit\u00e9 en pralines. Tous les candidats ont fait preuve d\u2019un bel engagement, m\u00eame si on a not\u00e9 entre eux des \u00e9carts importants, surtout pour la brioche.\u00a0\u00bb<\/p>\n<p>En fin d\u2019apr\u00e8s-midi, l\u2019heure <a href=\"https:\/\/www.leprogres.fr\/economie\/2024\/01\/17\/lyon-a-un-deuxieme-champion-du-monde-de-la-praline-guillaume-flochon-sacre-roi-avec-sa-galette-rose\" target=\"_blank\" rel=\"noopener\">\u00e9tait \u00e0 l\u2019annonce des r\u00e9sultats<\/a> dans une longue c\u00e9r\u00e9monie qui a quand m\u00eame un petit c\u00f4t\u00e9 d\u2019entre-soi de la gastronomie. Mais pour les concurrents, l\u2019important n\u2019\u00e9tait pas l\u00e0. L\u2019heure \u00e9tait au suspense, \u00e0 la joie ou \u00e0 la d\u00e9ception.<\/p>\n<p>  Un grand jour pour\u00a0Micka\u00ebl Cuillerot<\/p>\n<p>La joie est du c\u00f4t\u00e9 de Micka\u00ebl Cuillerot, de la p\u00e2tisserie Martin Vey (Collonges), qui r\u00e9colte dans la cat\u00e9gorie tradition la praline d\u2019or en r\u00e9compense \u00ab\u00a0d\u2019un travail sur lequel on est depuis deux mois\u00a0\u00bb pour aboutir \u00e0 une brioche feuillet\u00e9e bicolore. Dans la m\u00eame cat\u00e9gorie, mais c\u00f4t\u00e9 tartes, c\u2019est Thomas Dura &#8211; qui a deux points de vente \u00e0 son nom \u00e0 L\u2019Arbresle et Ecully &#8211; qui est sacr\u00e9. \u00ab\u00a0Je suis tr\u00e8s fier de ce prix qui repr\u00e9sente beaucoup de travail, beaucoup d\u2019heures et d\u2019essais pour \u00e9laborer la recette avec mon \u00e9quipe.\u00a0\u00bb<\/p>\n<p>  Kelyan Cap, l\u2019espoir<\/p>\n<p>Autre cat\u00e9gorie, l\u2019innovation voit <a href=\"https:\/\/www.leprogres.fr\/economie\/2024\/01\/17\/la-maison-bruno-saladino-doublement-recompensee-au-mondial-de-la-praline\" target=\"_blank\" rel=\"noopener\">le succ\u00e8s de Bruno Saladino<\/a>, dont les chocolateries sont install\u00e9es \u00e0 Villefranche et \u00e0 Lyon, pour sa cr\u00e9ation d\u2019une p\u00e2te feuillet\u00e9e croustillante avec un panettone \u00e0 la praline \u00e0 l\u2019int\u00e9rieur. Une gourmandise qui n\u2019est pas encore en vente car \u00ab\u00a0il va falloir mettre en \u0153uvre la fabrication\u00a0\u00bb. Quant \u00e0 la cat\u00e9gorie mixologie, elle a \u00e9t\u00e9 remport\u00e9e par Thomas Jacob (bartender de l\u2019Officine \u00e0 l\u2019H\u00f4tel-Dieu \u00e0 Lyon) avec \u00ab\u00a0un cocktail inspir\u00e9 du negroni mais revisit\u00e9 dans lequel on trouve du lait clarifi\u00e9 \u00e0 la praline\u00a0\u00bb.<\/p>\n<p>La section \u201cpraline avenir\u201d a vu le succ\u00e8s de Kelyan Cap, apprenti \u00e0 la boulangerie Cocol (Lyon 1er). B\u00e9atrice Maire (Graine de Choc) a re\u00e7u le prix \u00ab\u00a0praline durable\u00a0\u00bb.<\/p>\n","protected":false},"excerpt":{"rendered":"Du rose, du rose et encore du rose. De quoi voir la vie de cette couleur\u00a0? Ne nous&hellip;\n","protected":false},"author":2,"featured_media":427690,"comment_status":"","ping_status":"","sticky":false,"template":"","format":"standard","meta":{"footnotes":""},"categories":[1889],"tags":[1111,11,2430,1687,3152,2757,3153,3154,1777,674,107,1011,27,2428,6016,38857,12,25,2429,273,3151,20284],"class_list":{"0":"post-427689","1":"post","2":"type-post","3":"status-publish","4":"format-standard","5":"has-post-thumbnail","7":"category-lyon","8":"tag-actu","9":"tag-actualites","10":"tag-auvergne-rhone-alpes","11":"tag-culture-loisirs","12":"tag-edition-est-lyonnais","13":"tag-edition-lyon-villeurbanne","14":"tag-edition-ouest-lyonnais","15":"tag-edition-sud-lyonnais","16":"tag-eu","17":"tag-europe","18":"tag-fil-info","19":"tag-fr","20":"tag-france","21":"tag-lyon","22":"tag-magazine-cuisine-et-vins","23":"tag-marcy-letoile","24":"tag-news","25":"tag-republique-francaise","26":"tag-rhone","27":"tag-selection-de-la-redaction","28":"tag-selection-de-la-redaction-69","29":"tag-tassin-la-demi-lune-bassin"},"share_on_mastodon":{"url":"https:\/\/pubeurope.com\/@fr\/115291277438737271","error":""},"_links":{"self":[{"href":"https:\/\/www.europesays.com\/fr\/wp-json\/wp\/v2\/posts\/427689","targetHints":{"allow":["GET"]}}],"collection":[{"href":"https:\/\/www.europesays.com\/fr\/wp-json\/wp\/v2\/posts"}],"about":[{"href":"https:\/\/www.europesays.com\/fr\/wp-json\/wp\/v2\/types\/post"}],"author":[{"embeddable":true,"href":"https:\/\/www.europesays.com\/fr\/wp-json\/wp\/v2\/users\/2"}],"replies":[{"embeddable":true,"href":"https:\/\/www.europesays.com\/fr\/wp-json\/wp\/v2\/comments?post=427689"}],"version-history":[{"count":0,"href":"https:\/\/www.europesays.com\/fr\/wp-json\/wp\/v2\/posts\/427689\/revisions"}],"wp:featuredmedia":[{"embeddable":true,"href":"https:\/\/www.europesays.com\/fr\/wp-json\/wp\/v2\/media\/427690"}],"wp:attachment":[{"href":"https:\/\/www.europesays.com\/fr\/wp-json\/wp\/v2\/media?parent=427689"}],"wp:term":[{"taxonomy":"category","embeddable":true,"href":"https:\/\/www.europesays.com\/fr\/wp-json\/wp\/v2\/categories?post=427689"},{"taxonomy":"post_tag","embeddable":true,"href":"https:\/\/www.europesays.com\/fr\/wp-json\/wp\/v2\/tags?post=427689"}],"curies":[{"name":"wp","href":"https:\/\/api.w.org\/{rel}","templated":true}]}}