{"id":427696,"date":"2025-09-30T04:11:21","date_gmt":"2025-09-30T04:11:21","guid":{"rendered":"https:\/\/www.europesays.com\/fr\/427696\/"},"modified":"2025-09-30T04:11:21","modified_gmt":"2025-09-30T04:11:21","slug":"la-candidate-a-la-mairie-de-paris-obtient-que-son-proces-ait-lieu-apres-les-municipales","status":"publish","type":"post","link":"https:\/\/www.europesays.com\/fr\/427696\/","title":{"rendered":"la candidate \u00e0 la Mairie de Paris obtient que son proc\u00e8s ait lieu apr\u00e8s les municipales"},"content":{"rendered":"<p>      <img fetchpriority=\"high\" decoding=\"async\" class=\"mx-auto\" src=\"data:image\/svg+xml,%3Csvg%20xmlns%3D%27http%3A%2F%2Fwww.w3.org%2F2000%2Fsvg%27%20fill%3D%22%23e4e4e4%22%20viewBox%3D%270%200%20510%20340%27%20width%3D%22510%22%20height%3D%22340%22%3E%3Cpath%20d%3D%27M0%200h510v340H0z%27%2F%3E%3C%2Fsvg%3E\"  loading=\"eager\" width=\"510\" height=\"340\" data-oncrawl-image-size=\"510x340\" alt=\"Rachida Dati lors de la c\u00e9r\u00e9monie de r\u00e9ouverture de la cath\u00e9drale de Nantes, le 27\u00a0septembre 2025. \"\/>      <\/p>\n<p class=\"latino-100m text-grey-600\">\n            Rachida Dati lors de la c\u00e9r\u00e9monie de r\u00e9ouverture de la cath\u00e9drale de Nantes, le 27\u00a0septembre 2025. \u00a0JEAN-FRANCOIS MONIER \/ AFP        <\/p>\n<p>        Lire\u00a0plus\u00a0tard      <\/p>\n<p><a aria-label=\"Nous suivre sur Google News\" href=\"https:\/\/news.google.com\/publications\/CAAqBwgKMJe4nQkw3dFs?hl=fr&amp;gl=FR&amp;ceid=FR%3Afr\" target=\"_blank\" data-piano=\"Page_Article,Sous_date_publi,Nous_suivre_sur_google_news,1er_clic,action\" class=\"btn btn--small btn--tertiary btn--icon-only\" rel=\"noopener\"><\/p>\n<p>      Google Actualit\u00e9s<br \/>\n  <\/a><\/p>\n<p>  Partager<\/p>\n<p>        Facebook<\/p>\n<p>        Bluesky<\/p>\n<p>        E-mail<\/p>\n<p>        Copier le lien<\/p>\n<p>      Envoyer<\/p>\n<p>      S\u2019abonner pour lire    <\/p>\n<p class=\"node__paragraphe antonia-750r text-grey-800 pb-24 pb-md-32\">\nPas une fois la date de mars\u00a02026 n\u2019a \u00e9t\u00e9 \u00e9voqu\u00e9e, ce lundi 29\u00a0septembre, devant la 32e chambre du tribunal correctionnel de Paris. Mais les futures <a href=\"https:\/\/www.nouvelobs.com\/elections-municipales-de-2026\/\" target=\"_blank\" rel=\"noopener\">\u00e9lections municipales<\/a> \u00e9taient dans toutes les t\u00eates, lors de l\u2019audience de mise en \u00e9tat  charg\u00e9e de fixer les dates du futur proc\u00e8s de <a href=\"https:\/\/www.nouvelobs.com\/politique\/20240313.OBS85669\/l-affaire-dati-revelations-sur-le-business-cache-de-la-ministre-de-la-culture.html\" target=\"_blank\" rel=\"noopener\">Rachida Dati pour corruption et trafic d\u2019influence dans l\u2019affaire Renault<\/a>. Au bout de deux heures d\u2019audience, la ministre de la Culture a obtenu ce qu\u2019elle cherchait\u00a0: elle sera jug\u00e9e les 16, 17, 21, 23, 24 et 28\u00a0septembre 2026. Soit apr\u00e8s les \u00e9lections \u00e0 la Mairie de Paris.<\/p>\n<p class=\"node__paragraphe antonia-750r text-grey-800 pb-8\">\nRachida Dati \u00e9chappe au pire\u00a0: un proc\u00e8s d\u00e8s novembre\u00a02025, donc avant le scrutin municipal, comme cela avait \u00e9t\u00e9 envisag\u00e9 cet \u00e9t\u00e9 et encore ce lundi &#8211; \u00ab\u00a0Je serai alors en proc\u00e8s \u00e0 Cayenne\u00a0\u00bb, a plaid\u00e9 M\u1d49 Basile Ader, un de ses avocats, pour repousser cette possibilit\u00e9. Dati \u00e9chappe aussi \u00e0 un proc\u00e8s\u2026<\/p>\n<p class=\"latino-100m text-blue-400\">Article r\u00e9serv\u00e9 aux abonn\u00e9s.<\/p>\n<p>          Se connecter<\/p>\n<p class=\"text-center antonia-1850c\" style=\"margin-bottom:4px;\">Envie de lire la suite ?<\/p>\n<p class=\"text-center antonia-800c pb-16\">Tous nos articles en int\u00e9gralit\u00e9 d\u00e8s\u00a01\u20ac<\/p>\n<p>        S&rsquo;abonner<\/p>\n<p class=\"text-grey-700 or\">ou<\/p>\n<p>            <img width=\"164\" height=\"20\" src=\"data:image\/svg+xml,%3Csvg%20xmlns%3D%27http%3A%2F%2Fwww.w3.org%2F2000%2Fsvg%27%20fill%3D%22%23e4e4e4%22%20viewBox%3D%270%200%20282%2054%27%20width%3D%22282%22%20height%3D%2254%22%3E%3Cpath%20d%3D%27M0%200h282v54H0z%27%2F%3E%3C%2Fsvg%3E\"  class=\"js-swg-placeholder\" alt=\"Subscribe with Google\" loading=\"lazy\" decoding=\"async\"\/><\/p>\n<p>          D\u00e9couvrir toutes nos offres<\/p>\n","protected":false},"excerpt":{"rendered":"Rachida Dati lors de la c\u00e9r\u00e9monie de r\u00e9ouverture de la cath\u00e9drale de Nantes, le 27\u00a0septembre 2025. \u00a0JEAN-FRANCOIS MONIER&hellip;\n","protected":false},"author":2,"featured_media":427697,"comment_status":"","ping_status":"","sticky":false,"template":"","format":"standard","meta":{"footnotes":""},"categories":[1888],"tags":[17,11,5108,1770,33380,1777,674,1011,27,16941,303,5415,12,626,316,33379,417,25],"class_list":{"0":"post-427696","1":"post","2":"type-post","3":"status-publish","4":"format-standard","5":"has-post-thumbnail","7":"category-paris","8":"tag-17","9":"tag-actualites","10":"tag-candidate","11":"tag-corruption","12":"tag-dati","13":"tag-eu","14":"tag-europe","15":"tag-fr","16":"tag-france","17":"tag-jugee","18":"tag-justice","19":"tag-mairie","20":"tag-news","21":"tag-paris","22":"tag-politique","23":"tag-rachida","24":"tag-rachida-dati","25":"tag-republique-francaise"},"share_on_mastodon":{"url":"https:\/\/pubeurope.com\/@fr\/115291297126648798","error":""},"_links":{"self":[{"href":"https:\/\/www.europesays.com\/fr\/wp-json\/wp\/v2\/posts\/427696","targetHints":{"allow":["GET"]}}],"collection":[{"href":"https:\/\/www.europesays.com\/fr\/wp-json\/wp\/v2\/posts"}],"about":[{"href":"https:\/\/www.europesays.com\/fr\/wp-json\/wp\/v2\/types\/post"}],"author":[{"embeddable":true,"href":"https:\/\/www.europesays.com\/fr\/wp-json\/wp\/v2\/users\/2"}],"replies":[{"embeddable":true,"href":"https:\/\/www.europesays.com\/fr\/wp-json\/wp\/v2\/comments?post=427696"}],"version-history":[{"count":0,"href":"https:\/\/www.europesays.com\/fr\/wp-json\/wp\/v2\/posts\/427696\/revisions"}],"wp:featuredmedia":[{"embeddable":true,"href":"https:\/\/www.europesays.com\/fr\/wp-json\/wp\/v2\/media\/427697"}],"wp:attachment":[{"href":"https:\/\/www.europesays.com\/fr\/wp-json\/wp\/v2\/media?parent=427696"}],"wp:term":[{"taxonomy":"category","embeddable":true,"href":"https:\/\/www.europesays.com\/fr\/wp-json\/wp\/v2\/categories?post=427696"},{"taxonomy":"post_tag","embeddable":true,"href":"https:\/\/www.europesays.com\/fr\/wp-json\/wp\/v2\/tags?post=427696"}],"curies":[{"name":"wp","href":"https:\/\/api.w.org\/{rel}","templated":true}]}}