{"id":427706,"date":"2025-09-30T04:16:13","date_gmt":"2025-09-30T04:16:13","guid":{"rendered":"https:\/\/www.europesays.com\/fr\/427706\/"},"modified":"2025-09-30T04:16:13","modified_gmt":"2025-09-30T04:16:13","slug":"les-pays-bas-feront-ils-mieux-que-le-royaume-uni","status":"publish","type":"post","link":"https:\/\/www.europesays.com\/fr\/427706\/","title":{"rendered":"les Pays-Bas feront-ils mieux que le Royaume-Uni ?"},"content":{"rendered":"<p style=\"text-align: justify;\">Les Pays-Bas et l\u2019Ouganda ont conclu, jeudi 25 septembre \u00e0 New York, une lettre d\u2019intention visant \u00e0 organiser le retour de migrants d\u00e9bout\u00e9s. Le texte a \u00e9t\u00e9 sign\u00e9 par David van Weel, ministre n\u00e9erlandais de l\u2019Asile et des Migrations, et par son homologue ougandais Odongo Jeje Abubakhar, en marge de l\u2019Assembl\u00e9e g\u00e9n\u00e9rale des Nations unies.<\/p>\n<p style=\"text-align: justify;\">Ce dispositif concernera des ressortissants de pays situ\u00e9s dans la r\u00e9gion de l\u2019Ouganda, d\u00e9bout\u00e9s de leur demande d\u2019asile aux Pays-Bas mais dont le retour direct n\u2019est pas possible. Ils seraient h\u00e9berg\u00e9s temporairement dans un centre d\u2019accueil en Ouganda avant leur rapatriement. Comme l\u2019indiquait le m\u00e9dia Africanews le 26 septembre, le gouvernement n\u00e9erlandais parle d\u2019un \u00ab small-scale pilot \u00bb, c\u2019est-\u00e0-dire un projet pilote \u00e0 petite \u00e9chelle, pour un nombre limit\u00e9 de personnes.<\/p>\n<p style=\"text-align: justify;\">Dans son communiqu\u00e9, le gouvernement n\u00e9erlandais explique vouloir \u00ab contr\u00f4ler les migrations \u00bb et assure que les droits humains des personnes concern\u00e9es seront \u00ab pr\u00e9serv\u00e9s \u00bb. Aucun calendrier n\u2019a \u00e9t\u00e9 pr\u00e9cis\u00e9 \u00e0 ce stade selon Radon France Internationale.<\/p>\n<p><strong>Un projet pilote dans un contexte politique durci<\/strong><\/p>\n<p style=\"text-align: justify;\">L\u2019id\u00e9e d\u2019\u00ab accueil dans la r\u00e9gion \u00bb n\u2019est pas nouvelle. Elle avait d\u00e9j\u00e0 \u00e9t\u00e9 \u00e9voqu\u00e9e sous les cabinets Rutte, notamment \u00e0 la suite de l\u2019accord UE-Turquie de 2016, et reprise en 2024 par le ministre du Commerce ext\u00e9rieur Reinette Klever (PVV) lors d\u2019une visite en Ouganda.<\/p>\n<p><img fetchpriority=\"high\" decoding=\"async\" class=\"sFlh5c FyHeAf iPVvYb\" src=\"https:\/\/www.europesays.com\/fr\/wp-content\/uploads\/2025\/09\/ANP-501680273.jpg\" alt=\"\" width=\"483\" height=\"272\"\/><\/p>\n<p class=\"wp-caption-text\">Reinette Klever. Source : rtl.nl<\/p>\n<p style=\"text-align: justify;\">Aujourd\u2019hui, le gouvernement entend passer du stade des discussions \u00e0 celui de l\u2019exp\u00e9rimentation concr\u00e8te. Le gouvernement n\u00e9erlandais a indiqu\u00e9 le 25 septembre que le dispositif sera d\u00e9velopp\u00e9 en concertation avec la Commission europ\u00e9enne, l\u2019Organisation internationale pour les migrations (OIM) et le Haut-Commissariat pour les r\u00e9fugi\u00e9s (HCR), afin de garantir sa conformit\u00e9 au droit national, europ\u00e9en et international.<\/p>\n<p><strong>Entre critiques et incertitudes juridiques<\/strong><\/p>\n<p style=\"text-align: justify;\">Le projet suscite n\u00e9anmoins des critiques. Comme l\u2019a rapport\u00e9 le quotidien n\u00e9erlandais De Telegraaf le 25 septembre, l\u2019organisation Vluchtelingenwerk met en garde contre le risque de violations des droits fondamentaux et souligne la difficult\u00e9 de garantir une surveillance et une protection juridique effectives hors d\u2019Europe. L\u2019opposition n\u00e9erlandaise avait d\u00e9j\u00e0 qualifi\u00e9 ce plan \u00ab d\u2019irr\u00e9aliste \u00bb d\u00e8s son annonce, en raison de ses incertitudes l\u00e9gales.<\/p>\n<p style=\"text-align: justify;\">Le pr\u00e9c\u00e9dent britannique reste en m\u00e9moire : le Royaume-Uni avait sign\u00e9 un accord similaire avec le <a href=\"https:\/\/www.breizh-info.com\/2024\/07\/10\/235255\/royaume-uni-victoire-de-la-gauche-le-plan-dexpulsion-vers-le-rwanda-abandonne-avec-les-339-millions-deuros-deja-verses-au-pays-africain-video\/\" rel=\"nofollow noopener\" target=\"_blank\">Rwanda<\/a>, finalement abandonn\u00e9 en 2024 apr\u00e8s une s\u00e9rie de recours judiciaires, sans qu\u2019aucun transfert n\u2019ait eu lieu.<\/p>\n<p style=\"text-align: justify;\">En d\u00e9pit de ces obstacles, les Pays-Bas revendiquent leur r\u00f4le de pionnier europ\u00e9en en mati\u00e8re de gestion migratoire. Reste \u00e0 savoir si cette coop\u00e9ration avec Kampala aboutira \u00e0 une mise en \u0153uvre r\u00e9elle, ou si elle rejoindra la liste des projets d\u2019externalisation abandonn\u00e9s.<\/p>\n<p style=\"text-align: justify;\">Cr\u00e9dit photo : capture YouTube (photo d\u2019illustration)<br \/>[cc] Article relu et corrig\u00e9 par ChatGPT. Breizh-info.com, 2025, d\u00e9p\u00eaches libres de copie et de diffusion sous r\u00e9serve de mention et de lien vers la source d\u2019origine<\/p>\n","protected":false},"excerpt":{"rendered":"Les Pays-Bas et l\u2019Ouganda ont conclu, jeudi 25 septembre \u00e0 New York, une lettre d\u2019intention visant \u00e0 organiser&hellip;\n","protected":false},"author":2,"featured_media":427707,"comment_status":"","ping_status":"","sticky":false,"template":"","format":"standard","meta":{"footnotes":""},"categories":[1588],"tags":[11,1777,674,5341,12,25140,934,473,1853,15568,1851,1850,1852],"class_list":{"0":"post-427706","1":"post","2":"type-post","3":"status-publish","4":"format-standard","5":"has-post-thumbnail","7":"category-royaume-uni","8":"tag-actualites","9":"tag-eu","10":"tag-europe","11":"tag-expulsions","12":"tag-news","13":"tag-ouganda","14":"tag-pays-bas","15":"tag-royaume-uni","16":"tag-royaume-uni-de-grande-bretagne-et-dirlande-du-nord","17":"tag-rwanda","18":"tag-uk","19":"tag-united-kingdom","20":"tag-united-kingdom-of-great-britain-and-northern-ireland"},"share_on_mastodon":{"url":"https:\/\/pubeurope.com\/@fr\/115291317028945391","error":""},"_links":{"self":[{"href":"https:\/\/www.europesays.com\/fr\/wp-json\/wp\/v2\/posts\/427706","targetHints":{"allow":["GET"]}}],"collection":[{"href":"https:\/\/www.europesays.com\/fr\/wp-json\/wp\/v2\/posts"}],"about":[{"href":"https:\/\/www.europesays.com\/fr\/wp-json\/wp\/v2\/types\/post"}],"author":[{"embeddable":true,"href":"https:\/\/www.europesays.com\/fr\/wp-json\/wp\/v2\/users\/2"}],"replies":[{"embeddable":true,"href":"https:\/\/www.europesays.com\/fr\/wp-json\/wp\/v2\/comments?post=427706"}],"version-history":[{"count":0,"href":"https:\/\/www.europesays.com\/fr\/wp-json\/wp\/v2\/posts\/427706\/revisions"}],"wp:featuredmedia":[{"embeddable":true,"href":"https:\/\/www.europesays.com\/fr\/wp-json\/wp\/v2\/media\/427707"}],"wp:attachment":[{"href":"https:\/\/www.europesays.com\/fr\/wp-json\/wp\/v2\/media?parent=427706"}],"wp:term":[{"taxonomy":"category","embeddable":true,"href":"https:\/\/www.europesays.com\/fr\/wp-json\/wp\/v2\/categories?post=427706"},{"taxonomy":"post_tag","embeddable":true,"href":"https:\/\/www.europesays.com\/fr\/wp-json\/wp\/v2\/tags?post=427706"}],"curies":[{"name":"wp","href":"https:\/\/api.w.org\/{rel}","templated":true}]}}