{"id":427716,"date":"2025-09-30T04:21:20","date_gmt":"2025-09-30T04:21:20","guid":{"rendered":"https:\/\/www.europesays.com\/fr\/427716\/"},"modified":"2025-09-30T04:21:20","modified_gmt":"2025-09-30T04:21:20","slug":"star-academy-2025-malika-benjelloun-ecartee-decouvrez-les-visages-des-nouveaux-profs","status":"publish","type":"post","link":"https:\/\/www.europesays.com\/fr\/427716\/","title":{"rendered":"Star Academy 2025 : Malika Benjelloun \u00e9cart\u00e9e, d\u00e9couvrez les visages des nouveaux profs"},"content":{"rendered":"<p>Le rideau se l\u00e8ve enfin sur les coulisses de la prochaine saison de <strong>la Star Academy<\/strong>, et autant dire que cette rentr\u00e9e au ch\u00e2teau de Dammarie-l\u00e8s-Lys s\u2019annonce riche en rebondissements ! Ce lundi 29 septembre, la production a organis\u00e9 une conf\u00e9rence de presse tr\u00e8s attendue, \u00e0 quelques jours seulement du grand retour du t\u00e9l\u00e9crochet phare de TF1. Le journaliste Maxime Gu\u00e9ny, pr\u00e9sent sur place, a imm\u00e9diatement livr\u00e9 les premi\u00e8res indiscr\u00e9tions sur les <strong>changements majeurs<\/strong> qui attendent les futurs acad\u00e9miciens. Et parmi eux\u2026 une \u00e9viction qui fait d\u00e9j\u00e0 beaucoup parler.<\/p>\n<p>Star Academy 2026 : Malika Benjelloun remplac\u00e9e<\/p>\n<p>C\u2019est un v\u00e9ritable coup de th\u00e9\u00e2tre : <strong>Malika Benjelloun<\/strong>, professeure de danse embl\u00e9matique depuis la relance de l\u2019\u00e9mission en 2022, <strong><a href=\"https:\/\/www.public.fr\/malika-benjelloun-de-la-star-academy-se-retire-pour-de-bon\" target=\"_blank\" rel=\"noopener\">ne rempilera pas pour la saison 2025<\/a><\/strong>. Une d\u00e9cision surprise, tant la chor\u00e9graphe franco-marocaine avait su s\u2019imposer par sa p\u00e9dagogie bienveillante, mais exigeante, son \u00e9nergie communicative et sa relation forte avec les \u00e9l\u00e8ves.<\/p>\n<blockquote class=\"wp-block-quote is-layout-flow wp-block-quote-is-layout-flow\">\n<p>\u00ab\u00a0Nouveaut\u00e9 au ch\u00e2teau : Jonathan Jenvrin rejoint la Star Academy en tant que professeur de danse ! Chor\u00e9graphe international, il a d\u00e9j\u00e0 collabor\u00e9 avec Kylie Minogue, Rihanna ou encore Dua Lipa\u00a0\u00bb, a tweet\u00e9 Maxime Gu\u00e9ny dans la foul\u00e9e de la conf\u00e9rence qui s&rsquo;est tenue ce lundi 29 septembre 2025. <\/p>\n<\/blockquote>\n<p>Un changement radical, qui marque <strong>un tournant dans la direction artistique de l\u2019\u00e9mission<\/strong>, avec un focus plus international et contemporain. Malika Benjelloun, qui avait elle-m\u00eame chor\u00e9graphi\u00e9 pour de nombreux artistes fran\u00e7ais, n\u2019a pour l\u2019heure <strong>pas r\u00e9agi publiquement \u00e0 son \u00e9viction<\/strong>, mais les fans s\u2019interrogent d\u00e9j\u00e0 : <a href=\"https:\/\/www.public.fr\/malika-benjelloun-de-la-star-academy-se-retire-pour-de-bon\" target=\"_blank\" rel=\"noopener\">\u00e9viction volontaire<\/a> ou \u00e9viction subie ? La production, de son c\u00f4t\u00e9, se contente de parler d\u2019un \u00ab renouvellement de l\u2019\u00e9quipe p\u00e9dagogique pour insuffler une nouvelle dynamique \u00bb.<\/p>\n<p>Qui est Jonathan Jenvrin : le nouveau professeur de danse de la \u00ab\u00a0Star Academy\u00a0\u00bb<\/p>\n<p>Son nom n\u2019est peut-\u00eatre pas encore familier au grand public, mais <strong>Jonathan Jenvrin<\/strong> est loin d\u2019\u00eatre un inconnu dans le monde de la danse. Chor\u00e9graphe star de la sc\u00e8ne internationale, il a mis en mouvement <strong>les plus grandes pop stars de la plan\u00e8te<\/strong>, de Rihanna \u00e0 Dua Lipa, en passant par Kylie Minogue. Form\u00e9 aux quatre coins du globe, il est reconnu pour son style \u00e9lectrique, ultra technique, et r\u00e9solument moderne.<\/p>\n<p>Avec lui, la Star Academy entre dans une nouvelle \u00e8re. Exit les bases classiques, place \u00e0 <strong>l\u2019explosivit\u00e9, \u00e0 la performance sc\u00e9nique totale, et au show \u00e0 l\u2019am\u00e9ricaine<\/strong>. <\/p>\n<blockquote class=\"twitter-tweet\">\n<p>\u2728 Nouveaute au ch\u00e2teau : Jonathan Jenvrin rejoint la Star Academy en tant que professeur de danse ! Chor\u00e9graphe international, il a d\u00e9j\u00e0 collabor\u00e9 avec Kylie Minogue, Rihanna ou encore Dua Lipa. \ud83d\udd25\ud83d\udc83 <a href=\"https:\/\/t.co\/2pRPGSU5WA\">pic.twitter.com\/2pRPGSU5WA<\/a><\/p>\n<p>\u2014 Maxime Gu\u00e9ny (@MaximeGueny) <a href=\"https:\/\/twitter.com\/MaximeGueny\/status\/1972662766713405870?ref_src=twsrc%5Etfw\" target=\"_blank\" rel=\"noopener\">September 29, 2025<\/a><\/p><\/blockquote>\n<p>Alain Degois, dit \u00ab Papy \u00bb, reprend le flambeau du th\u00e9\u00e2tre<\/p>\n<p>Autre grande annonce de la conf\u00e9rence de presse : l\u2019arriv\u00e9e d\u2019un <strong>nouveau professeur de th\u00e9\u00e2tre<\/strong>, en la personne de <strong>Alain Degois<\/strong>, alias \u00ab Papy \u00bb. Figure bien connue des milieux culturels et \u00e9ducatifs, ce passionn\u00e9 d\u2019art dramatique est \u00e0 l\u2019origine de nombreuses vocations chez les jeunes com\u00e9diens fran\u00e7ais.<\/p>\n<p>Connu pour sa m\u00e9thode bienveillante mais structur\u00e9e, il est aussi <strong>l\u2019un des mentors de Jamel Debbouze<\/strong>, qu\u2019il a accompagn\u00e9 d\u00e8s ses d\u00e9buts dans les ann\u00e9es 90. Son approche, m\u00ealant exigence, improvisation et respect des \u00e9motions, promet de transformer <strong>les primes en v\u00e9ritables performances th\u00e9\u00e2trales<\/strong>.<\/p>\n<blockquote class=\"twitter-tweet\">\n<p>\ud83c\udfad Autre changement majeur : Alain Degois (que l\u2019on appelle Papy) devient le nouveau professeur de th\u00e9\u00e2tre de la Star Academy. Une rentr\u00e9e plac\u00e9e sous le signe de l\u2019exigence et du talent ! <a href=\"https:\/\/t.co\/9RLpSyl3VP\">pic.twitter.com\/9RLpSyl3VP<\/a><\/p>\n<p>\u2014 Maxime Gu\u00e9ny (@MaximeGueny) <a href=\"https:\/\/twitter.com\/MaximeGueny\/status\/1972663554277826833?ref_src=twsrc%5Etfw\" target=\"_blank\" rel=\"noopener\">September 29, 2025<\/a><\/p><\/blockquote>\n<p>      Mentionn\u00e9s dans cet article<\/p>\n<p>      Sur le m\u00eame sujet<\/p>\n<p>  <script async src=\"https:\/\/platform.twitter.com\/widgets.js\" charset=\"utf-8\"><\/script><\/p>\n","protected":false},"excerpt":{"rendered":"Le rideau se l\u00e8ve enfin sur les coulisses de la prochaine saison de la Star Academy, et autant&hellip;\n","protected":false},"author":2,"featured_media":427717,"comment_status":"","ping_status":"","sticky":false,"template":"","format":"standard","meta":{"footnotes":""},"categories":[2],"tags":[11,1011,27,12,1127,25,5095],"class_list":{"0":"post-427716","1":"post","2":"type-post","3":"status-publish","4":"format-standard","5":"has-post-thumbnail","7":"category-actualites","8":"tag-actualites","9":"tag-fr","10":"tag-france","11":"tag-news","12":"tag-professeur","13":"tag-republique-francaise","14":"tag-star-academy"},"share_on_mastodon":{"url":"https:\/\/pubeurope.com\/@fr\/115291336481548225","error":""},"_links":{"self":[{"href":"https:\/\/www.europesays.com\/fr\/wp-json\/wp\/v2\/posts\/427716","targetHints":{"allow":["GET"]}}],"collection":[{"href":"https:\/\/www.europesays.com\/fr\/wp-json\/wp\/v2\/posts"}],"about":[{"href":"https:\/\/www.europesays.com\/fr\/wp-json\/wp\/v2\/types\/post"}],"author":[{"embeddable":true,"href":"https:\/\/www.europesays.com\/fr\/wp-json\/wp\/v2\/users\/2"}],"replies":[{"embeddable":true,"href":"https:\/\/www.europesays.com\/fr\/wp-json\/wp\/v2\/comments?post=427716"}],"version-history":[{"count":0,"href":"https:\/\/www.europesays.com\/fr\/wp-json\/wp\/v2\/posts\/427716\/revisions"}],"wp:featuredmedia":[{"embeddable":true,"href":"https:\/\/www.europesays.com\/fr\/wp-json\/wp\/v2\/media\/427717"}],"wp:attachment":[{"href":"https:\/\/www.europesays.com\/fr\/wp-json\/wp\/v2\/media?parent=427716"}],"wp:term":[{"taxonomy":"category","embeddable":true,"href":"https:\/\/www.europesays.com\/fr\/wp-json\/wp\/v2\/categories?post=427716"},{"taxonomy":"post_tag","embeddable":true,"href":"https:\/\/www.europesays.com\/fr\/wp-json\/wp\/v2\/tags?post=427716"}],"curies":[{"name":"wp","href":"https:\/\/api.w.org\/{rel}","templated":true}]}}