{"id":427722,"date":"2025-09-30T04:26:14","date_gmt":"2025-09-30T04:26:14","guid":{"rendered":"https:\/\/www.europesays.com\/fr\/427722\/"},"modified":"2025-09-30T04:26:14","modified_gmt":"2025-09-30T04:26:14","slug":"la-nouvelle-sortie-de-swiatek-sur-le-calendrier","status":"publish","type":"post","link":"https:\/\/www.europesays.com\/fr\/427722\/","title":{"rendered":"la nouvelle sortie de Swiatek sur le calendrier"},"content":{"rendered":"<p>                <img decoding=\"async\" src=\"https:\/\/www.europesays.com\/fr\/wp-content\/uploads\/2025\/09\/zsum.jpg\" fetchpriority=\"high\" alt=\"\u00ab Ne pas nous soucier des r\u00e8gles \u00bb : la nouvelle sortie de Swiatek sur le calendrier\"\/><\/p>\n<p><strong>Apr\u00e8s sa victoire exp\u00e9ditive \u00e0 P\u00e9kin, Swiatek a mis en garde la WTA contre un calendrier qu\u2019elle juge dangereux.<\/strong><\/p>\n<p>D\u00e9j\u00e0 interrog\u00e9e sur le sujet il y a deux jours \u00e0 P\u00e9kin, Iga Swiatek a de nouveau donn\u00e9 son opinion suite \u00e0 sa qualification pour les huiti\u00e8mes de finale du tournoi.<\/p>\n<p>La n\u00b02 mondiale a b\u00e9n\u00e9fici\u00e9 de l\u2019abandon de Camila Osorio apr\u00e8s un premier set \u00e0 sens unique (6-0) et a \u00e9t\u00e9 questionn\u00e9e par les journalistes sur sa gestion du calendrier de fin de saison :<\/p>\n<p>\u00ab C\u2019est une question int\u00e9ressante parce qu\u2019en effet, la saison est longue. La seconde partie est celle o\u00f9 les joueurs ressentent le plus de fatigue. Malheureusement, la tourn\u00e9e asiatique est la partie la plus dure parce que tu sais que la saison se termine bient\u00f4t mais tu dois encore faire des efforts.<\/p>\n<p>Je ne sais pas \u00e0 quoi ressemblera ma carri\u00e8re dans quelques ann\u00e9es. Je devrais peut-\u00eatre prendre la d\u00e9cision de ne pas participer \u00e0 certains tournois, m\u00eame s\u2019ils sont obligatoires. La WTA rend les choses difficiles avec ces obligations.<\/p>\n<p>Je ne pense pas que les meilleures joueuses puissent y parvenir, comme par exemple jouer les six WTA 500. C\u2019est impossible \u00e0 placer dans le calendrier. Nous devons \u00eatre intelligentes, ne pas nous soucier des r\u00e8gles et privil\u00e9gier notre sant\u00e9.<\/p>\n<p>La seule chose que je peux faire maintenant, lorsque je d\u00e9cide de participer \u00e0 ces tournois, c\u2019est de prendre soin de mon corps et de ma r\u00e9cup\u00e9ration. J\u2019ai une bonne \u00e9quipe avec moi qui m\u2019aide par rapport \u00e0 \u00e7a. J\u2019ai suffisamment d\u2019exp\u00e9rience pour savoir ce que je dois faire, donc physiquement je suis bien.<\/p>\n<p>Mais oui, il y a beaucoup de blessures. Je pense que c\u2019est parce que la saison est trop longue et trop intense. \u00bb, a-t-elle d\u00e9clar\u00e9 dans des propos retranscrits par TheTennisLetter.<\/p>\n","protected":false},"excerpt":{"rendered":"Apr\u00e8s sa victoire exp\u00e9ditive \u00e0 P\u00e9kin, Swiatek a mis en garde la WTA contre un calendrier qu\u2019elle juge&hellip;\n","protected":false},"author":2,"featured_media":427723,"comment_status":"","ping_status":"","sticky":false,"template":"","format":"standard","meta":{"footnotes":""},"categories":[1415],"tags":[1011,27,60,1467],"class_list":{"0":"post-427722","1":"post","2":"type-post","3":"status-publish","4":"format-standard","5":"has-post-thumbnail","7":"category-tennis","8":"tag-fr","9":"tag-france","10":"tag-sports","11":"tag-tennis"},"share_on_mastodon":{"url":"https:\/\/pubeurope.com\/@fr\/115291356618714119","error":""},"_links":{"self":[{"href":"https:\/\/www.europesays.com\/fr\/wp-json\/wp\/v2\/posts\/427722","targetHints":{"allow":["GET"]}}],"collection":[{"href":"https:\/\/www.europesays.com\/fr\/wp-json\/wp\/v2\/posts"}],"about":[{"href":"https:\/\/www.europesays.com\/fr\/wp-json\/wp\/v2\/types\/post"}],"author":[{"embeddable":true,"href":"https:\/\/www.europesays.com\/fr\/wp-json\/wp\/v2\/users\/2"}],"replies":[{"embeddable":true,"href":"https:\/\/www.europesays.com\/fr\/wp-json\/wp\/v2\/comments?post=427722"}],"version-history":[{"count":0,"href":"https:\/\/www.europesays.com\/fr\/wp-json\/wp\/v2\/posts\/427722\/revisions"}],"wp:featuredmedia":[{"embeddable":true,"href":"https:\/\/www.europesays.com\/fr\/wp-json\/wp\/v2\/media\/427723"}],"wp:attachment":[{"href":"https:\/\/www.europesays.com\/fr\/wp-json\/wp\/v2\/media?parent=427722"}],"wp:term":[{"taxonomy":"category","embeddable":true,"href":"https:\/\/www.europesays.com\/fr\/wp-json\/wp\/v2\/categories?post=427722"},{"taxonomy":"post_tag","embeddable":true,"href":"https:\/\/www.europesays.com\/fr\/wp-json\/wp\/v2\/tags?post=427722"}],"curies":[{"name":"wp","href":"https:\/\/api.w.org\/{rel}","templated":true}]}}